{"id":56735,"date":"2025-07-21T11:12:30","date_gmt":"2025-07-21T14:12:30","guid":{"rendered":"https:\/\/radiorevelacionfm.cl\/?p=56735"},"modified":"2025-07-21T11:12:30","modified_gmt":"2025-07-21T14:12:30","slug":"hospital-de-puerto-aysen-proyecta-avances-clave-para-la-comunidad","status":"publish","type":"post","link":"https:\/\/radiorevelacionfm.cl\/?p=56735","title":{"rendered":"Hospital de Puerto Ays\u00e9n proyecta avances clave para la comunidad"},"content":{"rendered":"<div class=\"flex_column av_one_full  flex_column_div av-zero-column-padding first  avia-builder-el-0  el_before_av_one_full  avia-builder-el-first  \" style='border-radius:0px; '><div  class='avia-image-container  av-styling-    avia-builder-el-1  avia-builder-el-no-sibling  avia-align-center '  itemprop=\"image\" itemscope=\"itemscope\" itemtype=\"https:\/\/schema.org\/ImageObject\"  ><div class='avia-image-container-inner'><div class='avia-image-overlay-wrap'><img decoding=\"async\" class='wp-image-56736 avia-img-lazy-loading-not-56736 avia_image' src=\"https:\/\/radiorevelacionfm.cl\/wp-content\/uploads\/2025\/07\/mesa-de-salud-hpa-2-1_optimized.jpeg\" alt='' title='mesa-de-salud-hpa-2-(1)_optimized' height=\"600\" width=\"900\"  itemprop=\"thumbnailUrl\" srcset=\"https:\/\/radiorevelacionfm.cl\/wp-content\/uploads\/2025\/07\/mesa-de-salud-hpa-2-1_optimized.jpeg 900w, https:\/\/radiorevelacionfm.cl\/wp-content\/uploads\/2025\/07\/mesa-de-salud-hpa-2-1_optimized-300x200.jpeg 300w, https:\/\/radiorevelacionfm.cl\/wp-content\/uploads\/2025\/07\/mesa-de-salud-hpa-2-1_optimized-768x512.jpeg 768w, https:\/\/radiorevelacionfm.cl\/wp-content\/uploads\/2025\/07\/mesa-de-salud-hpa-2-1_optimized-705x470.jpeg 705w, https:\/\/radiorevelacionfm.cl\/wp-content\/uploads\/2025\/07\/mesa-de-salud-hpa-2-1_optimized-450x300.jpeg 450w, https:\/\/radiorevelacionfm.cl\/wp-content\/uploads\/2025\/07\/mesa-de-salud-hpa-2-1_optimized-600x400.jpeg 600w\" sizes=\"(max-width: 900px) 100vw, 900px\" \/><\/div><\/div><\/div><\/div><div class=\"flex_column av_one_full  flex_column_div av-zero-column-padding first  avia-builder-el-2  el_after_av_one_full  el_before_av_one_full  column-top-margin\" style='border-radius:0px; '><section class=\"av_textblock_section \"  itemscope=\"itemscope\" itemtype=\"https:\/\/schema.org\/BlogPosting\" itemprop=\"blogPost\" ><div class='avia_textblock  '   itemprop=\"text\" ><p style=\"text-align: center;\"><span style=\"font-size: 18pt;\"><b>Hospital de Puerto Ays\u00e9n proyecta avances clave para la comunidad<\/b><\/span><\/p>\n<div id=\"gtx-trans\" style=\"position: absolute; left: -50px; top: 4.31534px;\">\n<div class=\"gtx-trans-icon\"><\/div>\n<\/div>\n<\/div><\/section><\/div><div class=\"flex_column av_one_full  flex_column_div av-zero-column-padding first  avia-builder-el-4  el_after_av_one_full  el_before_av_hr  column-top-margin\" style='border-radius:0px; '><section class=\"av_textblock_section \"  itemscope=\"itemscope\" itemtype=\"https:\/\/schema.org\/BlogPosting\" itemprop=\"blogPost\" ><div class='avia_textblock  '   itemprop=\"text\" ><p style=\"text-align: justify;\"><i>La segunda mesa de salud abord\u00f3 listas de espera, el fortalecimiento de nuevos policl\u00ednicos y la instalaci\u00f3n de un TAC para el recinto hospitalario.<\/i><i><\/i><\/p>\n<p style=\"text-align: justify;\">Con el prop\u00f3sito de seguir acercando la red asistencial a la comunidad y desarrollar un trabajo conjunto con sus organizaciones, se realiz\u00f3 en el Hospital de Puerto Ays\u00e9n (HPA) la segunda Mesa T\u00e9cnica de Salud. La instancia fue organizada por el establecimiento de mediana complejidad, la Direcci\u00f3n del Servicio de Salud Ays\u00e9n y el Consejo de Salud del recinto hospitalario, generando un espacio de di\u00e1logo abierto sobre los principales proyectos y desaf\u00edos en salud para la zona norte de la regi\u00f3n.<\/p>\n<p style=\"text-align: justify;\">En esta ocasi\u00f3n se abordaron distintos temas de inter\u00e9s para la comunidad, como los avances en infraestructura y equipamiento, la situaci\u00f3n de las listas de espera y el desarrollo de nuevos policl\u00ednicos que buscan ampliar la oferta de atenci\u00f3n en el hospital. Adem\u00e1s, se compartieron compromisos y plazos relacionados con iniciativas que impactar\u00e1n directamente en la calidad de la atenci\u00f3n.<\/p>\n<p style=\"text-align: justify;\">\u201cNuestro trabajo es poder contribuir a la salud, poder seguir sumando a m\u00e1s atenciones, que es lo que la comunidad quiere. Y la verdad es que estas instancias son de asambleas abiertas, est\u00e1n todos invitados. Agradecer a los equipos de participaci\u00f3n ciudadana, de la direcci\u00f3n del hospital, donde expusieron sus trabajos, y tambi\u00e9n al Servicio de Salud\u201d, manifest\u00f3\u00a0Ximena Ruiz, presidenta del Consejo de Salud del Hospital de Puerto Ays\u00e9n.<\/p>\n<p style=\"text-align: justify;\">Durante la reuni\u00f3n se abordaron diversos temas relevantes para la comunidad. Uno de los m\u00e1s esperados fue el avance en equipamiento para el hospital, particularmente el proyecto para contar con un equipo de Tomograf\u00eda Axial Computarizada (TAC), cuya puesta en marcha est\u00e1 proyectada para el primer semestre de 2026 y beneficiar\u00e1 a m\u00e1s de 30.000 personas del territorio.<\/p>\n<p style=\"text-align: justify;\">\u201cRetomamos la mesa t\u00e9cnica con la nueva directiva del Consejo de Salud del Hospital de Puerto Ays\u00e9n. Vamos a tener tambi\u00e9n una mesa t\u00e9cnica para la Atenci\u00f3n Primaria. En esta mesa t\u00e9cnica se trabajaron distintos temas, entre ellos el TAC, un examen de imagenolog\u00eda comprometida hace muchos a\u00f1os. La idea es inaugurar este TAC en el pr\u00f3ximo semestre del 2026, junto a otros proyectos que fueron conversados con la comunidad\u201d, expres\u00f3\u00a0Juan Pablo Bravo Quintana, director del Servicio de Salud Ays\u00e9n.<\/p>\n<p style=\"text-align: justify;\">El encuentro tambi\u00e9n permiti\u00f3 actualizar informaci\u00f3n sobre el programa de listas de espera y revisar los avances en la implementaci\u00f3n de distintos policl\u00ednicos del HPA, entre ellos el de Obesidad, Cuidados Paliativos, NANEAS (Ni\u00f1os, Ni\u00f1as y Adolescentes con Necesidades Especiales de Atenci\u00f3n en Salud) y Cardiolog\u00eda.<\/p>\n<p style=\"text-align: justify;\">Por su parte, el director del Hospital de Puerto Ays\u00e9n,\u00a0Hern\u00e1n Barrientos Hern\u00e1ndez, enfatiz\u00f3 que estas reuniones son una instancia concreta para transparentar avances y recoger inquietudes.<\/p>\n<p style=\"text-align: justify;\">\u201cEs s\u00faper importante este renacer del trabajo con la comunidad a trav\u00e9s del consejo consultivo. Esta mesa t\u00e9cnica para nosotros es fundamental porque nos permite mostrar el avance de los distintos proyectos que permiten entregar mejor salud a la comunidad de Ays\u00e9n\u201d, acot\u00f3\u00a0Barrientos Hern\u00e1ndez.<\/p>\n<p style=\"text-align: justify;\">Desde las organizaciones sociales,\u00a0Alejandra Ojeda, presidenta de la agrupaci\u00f3n Visi\u00f3n de Futuro, resalt\u00f3 los compromisos y anuncios que se dieron a conocer en la jornada.<\/p>\n<p style=\"text-align: justify;\">\u201cHubo una buena noticia de parte del Servicio de Salud: sabemos que en julio del pr\u00f3ximo a\u00f1o vamos a tener funcionando nuestro esc\u00e1ner, y nos dijeron que en agosto vamos a estar recuperando las horas en oftalmolog\u00eda. Fue una reuni\u00f3n muy buena, porque se pudieron decir las cosas que se ten\u00edan que decir\u201d, dijo\u00a0Ojeda.<\/p>\n<p style=\"text-align: justify;\">Estos espacios constituyen instancias formales de participaci\u00f3n social, donde la comunidad puede informarse, plantear inquietudes y contribuir al desarrollo de la red asistencial. Adem\u00e1s, est\u00e1n abiertos a todas las personas interesadas en participar activamente en este trabajo conjunto.<\/p>\n<\/div><\/section><\/div><div  style='height:50px' class='hr hr-invisible   avia-builder-el-6  el_after_av_one_full  el_before_av_social_share '><span class='hr-inner ' ><span class='hr-inner-style'><\/span><\/span><\/div><\/p>\n<div  class='av-social-sharing-box  avia-builder-el-7  el_after_av_hr  el_before_av_hr  '><div class='av-share-box'><h5 class='av-share-link-description av-no-toc '>Compartir esta noticia<\/h5><ul class='av-share-box-list noLightbox'><li class='av-share-link av-social-link-facebook' ><a target=\"_blank\" aria-label=\"Compartir en Facebook\" href='https:\/\/www.facebook.com\/sharer.php?u=https:\/\/radiorevelacionfm.cl\/?p=56735&#038;t=Hospital%20de%20Puerto%20Ays%C3%A9n%20proyecta%20avances%20clave%20para%20la%20comunidad' aria-hidden='false' data-av_icon='\ue8f3' data-av_iconfont='entypo-fontello' title='' data-avia-related-tooltip='Compartir en Facebook' rel=\"noopener\"><span class='avia_hidden_link_text'>Compartir en Facebook<\/span><\/a><\/li><li class='av-share-link av-social-link-twitter' ><a target=\"_blank\" aria-label=\"Compartir en Twitter\" href='https:\/\/twitter.com\/share?text=Hospital%20de%20Puerto%20Ays%C3%A9n%20proyecta%20avances%20clave%20para%20la%20comunidad&#038;url=https:\/\/radiorevelacionfm.cl\/?p=56735' aria-hidden='false' data-av_icon='\ue8f1' data-av_iconfont='entypo-fontello' title='' data-avia-related-tooltip='Compartir en Twitter' rel=\"noopener\"><span class='avia_hidden_link_text'>Compartir en Twitter<\/span><\/a><\/li><li class='av-share-link av-social-link-whatsapp' ><a target=\"_blank\" aria-label=\"Compartir en Whatsapp\" href='https:\/\/api.whatsapp.com\/send?text=https:\/\/radiorevelacionfm.cl\/?p=56735' aria-hidden='false' data-av_icon='\uf232' data-av_iconfont='entypo-fontello' title='' data-avia-related-tooltip='Compartir en Whatsapp' rel=\"noopener\"><span class='avia_hidden_link_text'>Compartir en Whatsapp<\/span><\/a><\/li><li class='av-share-link av-social-link-linkedin' ><a target=\"_blank\" aria-label=\"Compartir en LinkedIn\" href='https:\/\/linkedin.com\/shareArticle?mini=true&#038;title=Hospital%20de%20Puerto%20Ays%C3%A9n%20proyecta%20avances%20clave%20para%20la%20comunidad&#038;url=https:\/\/radiorevelacionfm.cl\/?p=56735' aria-hidden='false' data-av_icon='\ue8fc' data-av_iconfont='entypo-fontello' title='' data-avia-related-tooltip='Compartir en LinkedIn' rel=\"noopener\"><span class='avia_hidden_link_text'>Compartir en LinkedIn<\/span><\/a><\/li><li class='av-share-link av-social-link-mail' ><a  aria-label=\"Compartir por correo\" href='mailto:?subject=Hospital%20de%20Puerto%20Ays%C3%A9n%20proyecta%20avances%20clave%20para%20la%20comunidad&#038;body=https:\/\/radiorevelacionfm.cl\/?p=56735' aria-hidden='false' data-av_icon='\ue805' data-av_iconfont='entypo-fontello' title='' data-avia-related-tooltip='Compartir por correo'><span class='avia_hidden_link_text'>Compartir por correo<\/span><\/a><\/li><\/ul><\/div><\/div>\n<div  style='height:50px' class='hr hr-invisible   avia-builder-el-8  el_after_av_social_share  el_before_av_comments_list '><span class='hr-inner ' ><span class='hr-inner-style'><\/span><\/span><\/div>\n<div  class='av-buildercomment  av-blog-meta-html-info-disabled av-blog-meta-tag-disabled  '><\/div>\n","protected":false},"excerpt":{"rendered":"","protected":false},"author":1,"featured_media":56736,"comment_status":"closed","ping_status":"closed","sticky":false,"template":"","format":"standard","meta":{"footnotes":""},"categories":[46],"tags":[],"class_list":["post-56735","post","type-post","status-publish","format-standard","has-post-thumbnail","hentry","category-salud"],"jetpack_featured_media_url":"https:\/\/radiorevelacionfm.cl\/wp-content\/uploads\/2025\/07\/mesa-de-salud-hpa-2-1_optimized.jpeg","_links":{"self":[{"href":"https:\/\/radiorevelacionfm.cl\/index.php?rest_route=\/wp\/v2\/posts\/56735","targetHints":{"allow":["GET"]}}],"collection":[{"href":"https:\/\/radiorevelacionfm.cl\/index.php?rest_route=\/wp\/v2\/posts"}],"about":[{"href":"https:\/\/radiorevelacionfm.cl\/index.php?rest_route=\/wp\/v2\/types\/post"}],"author":[{"embeddable":true,"href":"https:\/\/radiorevelacionfm.cl\/index.php?rest_route=\/wp\/v2\/users\/1"}],"replies":[{"embeddable":true,"href":"https:\/\/radiorevelacionfm.cl\/index.php?rest_route=%2Fwp%2Fv2%2Fcomments&post=56735"}],"version-history":[{"count":2,"href":"https:\/\/radiorevelacionfm.cl\/index.php?rest_route=\/wp\/v2\/posts\/56735\/revisions"}],"predecessor-version":[{"id":56738,"href":"https:\/\/radiorevelacionfm.cl\/index.php?rest_route=\/wp\/v2\/posts\/56735\/revisions\/56738"}],"wp:featuredmedia":[{"embeddable":true,"href":"https:\/\/radiorevelacionfm.cl\/index.php?rest_route=\/wp\/v2\/media\/56736"}],"wp:attachment":[{"href":"https:\/\/radiorevelacionfm.cl\/index.php?rest_route=%2Fwp%2Fv2%2Fmedia&parent=56735"}],"wp:term":[{"taxonomy":"category","embeddable":true,"href":"https:\/\/radiorevelacionfm.cl\/index.php?rest_route=%2Fwp%2Fv2%2Fcategories&post=56735"},{"taxonomy":"post_tag","embeddable":true,"href":"https:\/\/radiorevelacionfm.cl\/index.php?rest_route=%2Fwp%2Fv2%2Ftags&post=56735"}],"curies":[{"name":"wp","href":"https:\/\/api.w.org\/{rel}","templated":true}]}}