{"id":56731,"date":"2025-07-20T21:16:21","date_gmt":"2025-07-21T00:16:21","guid":{"rendered":"https:\/\/radiorevelacionfm.cl\/?p=56731"},"modified":"2025-07-20T21:16:21","modified_gmt":"2025-07-21T00:16:21","slug":"sag-aysen-informa-que-no-se-han-detectado-equinos-positivos-a-anemia-infecciosa-equina-en-la-region","status":"publish","type":"post","link":"https:\/\/radiorevelacionfm.cl\/?p=56731","title":{"rendered":"SAG Ays\u00e9n informa que no se han detectado equinos positivos a Anemia Infecciosa Equina en la regi\u00f3n"},"content":{"rendered":"<div class=\"flex_column av_one_full  flex_column_div av-zero-column-padding first  avia-builder-el-0  el_before_av_one_full  avia-builder-el-first  \" style='border-radius:0px; '><div  class='avia-image-container  av-styling-    avia-builder-el-1  avia-builder-el-no-sibling  avia-align-center '  itemprop=\"image\" itemscope=\"itemscope\" itemtype=\"https:\/\/schema.org\/ImageObject\"  ><div class='avia-image-container-inner'><div class='avia-image-overlay-wrap'><img decoding=\"async\" class='wp-image-56732 avia-img-lazy-loading-not-56732 avia_image' src=\"https:\/\/radiorevelacionfm.cl\/wp-content\/uploads\/2025\/07\/whatsapp-image-2025-07-20-at-17_optimized.49.59-1-1.jpeg\" alt='' title='whatsapp-image-2025-07-20-at-17_optimized.49.59-(1) (1)' height=\"600\" width=\"800\"  itemprop=\"thumbnailUrl\" srcset=\"https:\/\/radiorevelacionfm.cl\/wp-content\/uploads\/2025\/07\/whatsapp-image-2025-07-20-at-17_optimized.49.59-1-1.jpeg 800w, https:\/\/radiorevelacionfm.cl\/wp-content\/uploads\/2025\/07\/whatsapp-image-2025-07-20-at-17_optimized.49.59-1-1-300x225.jpeg 300w, https:\/\/radiorevelacionfm.cl\/wp-content\/uploads\/2025\/07\/whatsapp-image-2025-07-20-at-17_optimized.49.59-1-1-768x576.jpeg 768w, https:\/\/radiorevelacionfm.cl\/wp-content\/uploads\/2025\/07\/whatsapp-image-2025-07-20-at-17_optimized.49.59-1-1-705x529.jpeg 705w, https:\/\/radiorevelacionfm.cl\/wp-content\/uploads\/2025\/07\/whatsapp-image-2025-07-20-at-17_optimized.49.59-1-1-450x338.jpeg 450w, https:\/\/radiorevelacionfm.cl\/wp-content\/uploads\/2025\/07\/whatsapp-image-2025-07-20-at-17_optimized.49.59-1-1-600x450.jpeg 600w\" sizes=\"(max-width: 800px) 100vw, 800px\" \/><\/div><\/div><\/div><\/div><div class=\"flex_column av_one_full  flex_column_div av-zero-column-padding first  avia-builder-el-2  el_after_av_one_full  el_before_av_one_full  column-top-margin\" style='border-radius:0px; '><section class=\"av_textblock_section \"  itemscope=\"itemscope\" itemtype=\"https:\/\/schema.org\/BlogPosting\" itemprop=\"blogPost\" ><div class='avia_textblock  '   itemprop=\"text\" ><p style=\"text-align: center;\"><span style=\"font-size: 18pt;\"><b>SAG Ays\u00e9n informa que no se han detectado equinos positivos a Anemia Infecciosa Equina en la regi\u00f3n<\/b><\/span><\/p>\n<div id=\"gtx-trans\" style=\"position: absolute; left: -50px; top: 4.31534px;\">\n<div class=\"gtx-trans-icon\"><\/div>\n<\/div>\n<\/div><\/section><\/div><div class=\"flex_column av_one_full  flex_column_div av-zero-column-padding first  avia-builder-el-4  el_after_av_one_full  el_before_av_hr  column-top-margin\" style='border-radius:0px; '><section class=\"av_textblock_section \"  itemscope=\"itemscope\" itemtype=\"https:\/\/schema.org\/BlogPosting\" itemprop=\"blogPost\" ><div class='avia_textblock  '   itemprop=\"text\" ><p style=\"text-align: justify;\">El Servicio Agr\u00edcola y Ganadero de Ays\u00e9n informa que hasta el momento no se ha presentado ning\u00fan caso positivo de anemia infecciosa equina (AIE) en animales de la regi\u00f3n. Esta enfermedad viral, que aqueja exclusivamente a caballos, yeguas, burros y mulas, y no afecta a los seres humanos ni a otras especies animales, ha sido detectada en las regiones Metropolitana, Maule, \u00d1uble, Biob\u00edo, La Araucan\u00eda, Los R\u00edos y Los Lagos.<\/p>\n<p style=\"text-align: justify;\">Si bien la regi\u00f3n de Ays\u00e9n fue incluida en la declaraci\u00f3n nacional de emergencia zoosanitaria por Anemia Infecciosa Equina (AIE) que transparent\u00f3 el Servicio Agr\u00edcola y Ganadero del Ministerio de Agricultura en (mes) pasado, el Servicio regional declar\u00f3 que a la fecha no han detectado denuncias de equinos infectados en la zona. La inclusi\u00f3n de Ays\u00e9n a esta declaraci\u00f3n responde a antecedentes epidemiol\u00f3gicos relacionados con el movimiento de animales desde y hacia regiones afectadas con casos de AIE, lo que implica un riesgo potencial que est\u00e1 siendo abordado de forma activa y t\u00e9cnica por el servicio. As\u00ed lo detall\u00f3 su director regional, Julio Cerda Cordero, ante esta medida preventiva que no implica la presencia de casos confirmados, sino una acci\u00f3n anticipatoria para evitar la propagaci\u00f3n del virus.<\/p>\n<p style=\"text-align: justify;\">En respuesta a los lineamientos de la seremi de Agricultura, el Servicio se mantiene permanentemente en terreno junto a los usuarios y eso tambi\u00e9n ha permitido dar cuenta de la ausencia de casos de anemia equina en la regi\u00f3n. Hoy volvemos a detallar la importancia en salvaguardar la salud de sus animales tomando en consideraci\u00f3n las correctas medidas de prevenci\u00f3n\u201d aclar\u00f3 el director.<\/p>\n<p style=\"text-align: justify;\">Por su parte, el encargado regional de protecci\u00f3n pecuaria, Nicol\u00e1s Valdivieso Cariola, se\u00f1al\u00f3 que \u201cel servicio mantiene un despliegue operativo a nivel regional con \u00e9nfasis en vigilancia activa e identificaci\u00f3n con microchip de los equinos. Adem\u00e1s, se est\u00e1 realizando un levantamiento de informaci\u00f3n epidemiol\u00f3gica y de caracterizaci\u00f3n de los diferentes rubros ecuestres con el objetivo de considerar las diversas din\u00e1micas de manejo y movimiento de equinos en la regi\u00f3n. Con el fin de ajustar las acciones de control y vigilancia en funci\u00f3n del riesgo, sin generar alarmas ni afectar innecesariamente las actividades productivas y culturales locales\u201d.<\/p>\n<p style=\"text-align: justify;\">De esta manera, el SAG recuerda a propietarios y propietarias tomar las siguientes medidas:<\/p>\n<ul style=\"text-align: justify;\">\n<li>Evitar completamente el re utilizar uso compartido de jeringas, agujas y otros elementos con contacto sangu\u00edneo entre distintos animales. Esta pr\u00e1ctica representa uno de los principales factores de riesgo en la transmisi\u00f3n del virus en el actual brote en Chile.<\/li>\n<li>Desinfectar frenos, bocados, herramientas de herraje, endoscopios y cualquier implemento antes de su uso con otro animal.<\/li>\n<li>Mantener la trazabilidad de sus ejemplares mediante el uso del Formulario de Movimiento Animal (FMA).<\/li>\n<li>Denunciar todo ingreso ilegal de animales por pasos fronterizos no habilitados, ya que el comercio informal o clandestino representa un riesgo sanitario significativo.<\/li>\n<\/ul>\n<p style=\"text-align: justify;\">Finalmente, el director regional reiter\u00f3 la disposici\u00f3n del servicio a colaborar en instancias de coordinaci\u00f3n que promueve SAG con municipios y organizaciones ecuestres, adem\u00e1s de recordar la importancia de que usuarias y usuarios siempre denuncien a tiempo las anomal\u00edas en sus equinos, y por los canales oficiales. La vigilancia activa, el control de movimientos, las medidas de bioseguridad y la coordinaci\u00f3n con los actores del sector permiten contener y manejar el riesgo de forma eficaz, incluso en escenarios complejos.<\/p>\n<p style=\"text-align: justify;\">\u201cTrabajamos de manera activa y constante con nuestros usuarios y el Agro para asegurar un trabajo t\u00e9cnico y transparente que permita enfrentar esta y otras amenazas sanitarias de forma colaborativa y eficaz\u201d.<\/p>\n<\/div><\/section><\/div><div  style='height:50px' class='hr hr-invisible   avia-builder-el-6  el_after_av_one_full  el_before_av_social_share '><span class='hr-inner ' ><span class='hr-inner-style'><\/span><\/span><\/div><\/p>\n<div  class='av-social-sharing-box  avia-builder-el-7  el_after_av_hr  el_before_av_hr  '><div class='av-share-box'><h5 class='av-share-link-description av-no-toc '>Compartir esta noticia<\/h5><ul class='av-share-box-list noLightbox'><li class='av-share-link av-social-link-facebook' ><a target=\"_blank\" aria-label=\"Compartir en Facebook\" href='https:\/\/www.facebook.com\/sharer.php?u=https:\/\/radiorevelacionfm.cl\/?p=56731&#038;t=SAG%20Ays%C3%A9n%20informa%20que%20no%20se%20han%20detectado%20equinos%20positivos%20a%20Anemia%20Infecciosa%20Equina%20en%20la%20regi%C3%B3n' aria-hidden='false' data-av_icon='\ue8f3' data-av_iconfont='entypo-fontello' title='' data-avia-related-tooltip='Compartir en Facebook' rel=\"noopener\"><span class='avia_hidden_link_text'>Compartir en Facebook<\/span><\/a><\/li><li class='av-share-link av-social-link-twitter' ><a target=\"_blank\" aria-label=\"Compartir en Twitter\" href='https:\/\/twitter.com\/share?text=SAG%20Ays%C3%A9n%20informa%20que%20no%20se%20han%20detectado%20equinos%20positivos%20a%20Anemia%20Infecciosa%20Equina%20en%20la%20regi%C3%B3n&#038;url=https:\/\/radiorevelacionfm.cl\/?p=56731' aria-hidden='false' data-av_icon='\ue8f1' data-av_iconfont='entypo-fontello' title='' data-avia-related-tooltip='Compartir en Twitter' rel=\"noopener\"><span class='avia_hidden_link_text'>Compartir en Twitter<\/span><\/a><\/li><li class='av-share-link av-social-link-whatsapp' ><a target=\"_blank\" aria-label=\"Compartir en Whatsapp\" href='https:\/\/api.whatsapp.com\/send?text=https:\/\/radiorevelacionfm.cl\/?p=56731' aria-hidden='false' data-av_icon='\uf232' data-av_iconfont='entypo-fontello' title='' data-avia-related-tooltip='Compartir en Whatsapp' rel=\"noopener\"><span class='avia_hidden_link_text'>Compartir en Whatsapp<\/span><\/a><\/li><li class='av-share-link av-social-link-linkedin' ><a target=\"_blank\" aria-label=\"Compartir en LinkedIn\" href='https:\/\/linkedin.com\/shareArticle?mini=true&#038;title=SAG%20Ays%C3%A9n%20informa%20que%20no%20se%20han%20detectado%20equinos%20positivos%20a%20Anemia%20Infecciosa%20Equina%20en%20la%20regi%C3%B3n&#038;url=https:\/\/radiorevelacionfm.cl\/?p=56731' aria-hidden='false' data-av_icon='\ue8fc' data-av_iconfont='entypo-fontello' title='' data-avia-related-tooltip='Compartir en LinkedIn' rel=\"noopener\"><span class='avia_hidden_link_text'>Compartir en LinkedIn<\/span><\/a><\/li><li class='av-share-link av-social-link-mail' ><a  aria-label=\"Compartir por correo\" href='mailto:?subject=SAG%20Ays%C3%A9n%20informa%20que%20no%20se%20han%20detectado%20equinos%20positivos%20a%20Anemia%20Infecciosa%20Equina%20en%20la%20regi%C3%B3n&#038;body=https:\/\/radiorevelacionfm.cl\/?p=56731' aria-hidden='false' data-av_icon='\ue805' data-av_iconfont='entypo-fontello' title='' data-avia-related-tooltip='Compartir por correo'><span class='avia_hidden_link_text'>Compartir por correo<\/span><\/a><\/li><\/ul><\/div><\/div>\n<div  style='height:50px' class='hr hr-invisible   avia-builder-el-8  el_after_av_social_share  el_before_av_comments_list '><span class='hr-inner ' ><span class='hr-inner-style'><\/span><\/span><\/div>\n<div  class='av-buildercomment  av-blog-meta-html-info-disabled av-blog-meta-tag-disabled  '><\/div>\n","protected":false},"excerpt":{"rendered":"","protected":false},"author":1,"featured_media":56732,"comment_status":"closed","ping_status":"closed","sticky":false,"template":"","format":"standard","meta":{"footnotes":""},"categories":[38],"tags":[],"class_list":["post-56731","post","type-post","status-publish","format-standard","has-post-thumbnail","hentry","category-regional"],"jetpack_featured_media_url":"https:\/\/radiorevelacionfm.cl\/wp-content\/uploads\/2025\/07\/whatsapp-image-2025-07-20-at-17_optimized.49.59-1-1.jpeg","_links":{"self":[{"href":"https:\/\/radiorevelacionfm.cl\/index.php?rest_route=\/wp\/v2\/posts\/56731","targetHints":{"allow":["GET"]}}],"collection":[{"href":"https:\/\/radiorevelacionfm.cl\/index.php?rest_route=\/wp\/v2\/posts"}],"about":[{"href":"https:\/\/radiorevelacionfm.cl\/index.php?rest_route=\/wp\/v2\/types\/post"}],"author":[{"embeddable":true,"href":"https:\/\/radiorevelacionfm.cl\/index.php?rest_route=\/wp\/v2\/users\/1"}],"replies":[{"embeddable":true,"href":"https:\/\/radiorevelacionfm.cl\/index.php?rest_route=%2Fwp%2Fv2%2Fcomments&post=56731"}],"version-history":[{"count":2,"href":"https:\/\/radiorevelacionfm.cl\/index.php?rest_route=\/wp\/v2\/posts\/56731\/revisions"}],"predecessor-version":[{"id":56734,"href":"https:\/\/radiorevelacionfm.cl\/index.php?rest_route=\/wp\/v2\/posts\/56731\/revisions\/56734"}],"wp:featuredmedia":[{"embeddable":true,"href":"https:\/\/radiorevelacionfm.cl\/index.php?rest_route=\/wp\/v2\/media\/56732"}],"wp:attachment":[{"href":"https:\/\/radiorevelacionfm.cl\/index.php?rest_route=%2Fwp%2Fv2%2Fmedia&parent=56731"}],"wp:term":[{"taxonomy":"category","embeddable":true,"href":"https:\/\/radiorevelacionfm.cl\/index.php?rest_route=%2Fwp%2Fv2%2Fcategories&post=56731"},{"taxonomy":"post_tag","embeddable":true,"href":"https:\/\/radiorevelacionfm.cl\/index.php?rest_route=%2Fwp%2Fv2%2Ftags&post=56731"}],"curies":[{"name":"wp","href":"https:\/\/api.w.org\/{rel}","templated":true}]}}