{"id":5672,"date":"2021-06-26T13:36:38","date_gmt":"2021-06-26T16:36:38","guid":{"rendered":"https:\/\/radiorevelacionfm.cl\/?p=5672"},"modified":"2021-06-26T13:36:38","modified_gmt":"2021-06-26T16:36:38","slug":"jardines-infantiles-de-fundacion-integra-son-beneficiados-por-convenio-conadi","status":"publish","type":"post","link":"https:\/\/radiorevelacionfm.cl\/?p=5672","title":{"rendered":"Jardines Infantiles de Fundaci\u00f3n Integra son beneficiados por convenio Conadi"},"content":{"rendered":"<div class=\"flex_column av_one_full  flex_column_div av-zero-column-padding first  avia-builder-el-0  el_before_av_one_full  avia-builder-el-first  \" style='border-radius:0px; '><div  class='avia-image-container  av-styling-    avia-builder-el-1  avia-builder-el-no-sibling  avia-align-center '  itemprop=\"image\" itemscope=\"itemscope\" itemtype=\"https:\/\/schema.org\/ImageObject\"  ><div class='avia-image-container-inner'><div class='avia-image-overlay-wrap'><img decoding=\"async\" class='wp-image-5673 avia-img-lazy-loading-not-5673 avia_image' src=\"https:\/\/radiorevelacionfm.cl\/wp-content\/uploads\/2021\/06\/4-09-1-2.jpg\" alt='' title='4 (09) (1) (2)' height=\"600\" width=\"863\"  itemprop=\"thumbnailUrl\" srcset=\"https:\/\/radiorevelacionfm.cl\/wp-content\/uploads\/2021\/06\/4-09-1-2.jpg 863w, https:\/\/radiorevelacionfm.cl\/wp-content\/uploads\/2021\/06\/4-09-1-2-300x209.jpg 300w, https:\/\/radiorevelacionfm.cl\/wp-content\/uploads\/2021\/06\/4-09-1-2-768x534.jpg 768w, https:\/\/radiorevelacionfm.cl\/wp-content\/uploads\/2021\/06\/4-09-1-2-705x490.jpg 705w, https:\/\/radiorevelacionfm.cl\/wp-content\/uploads\/2021\/06\/4-09-1-2-600x417.jpg 600w\" sizes=\"(max-width: 863px) 100vw, 863px\" \/><\/div><\/div><\/div><\/div><div class=\"flex_column av_one_full  flex_column_div av-zero-column-padding first  avia-builder-el-2  el_after_av_one_full  el_before_av_one_full  column-top-margin\" style='border-radius:0px; '><section class=\"av_textblock_section \"  itemscope=\"itemscope\" itemtype=\"https:\/\/schema.org\/BlogPosting\" itemprop=\"blogPost\" ><div class='avia_textblock  '   itemprop=\"text\" ><p style=\"text-align: center;\"><strong><span style=\"font-size: 18pt;\">Jardines Infantiles de Fundaci\u00f3n Integra son beneficiados por convenio Conadi<\/span><\/strong><\/p>\n<div id=\"gtx-trans\" style=\"position: absolute; left: -50px; top: 4.31534px;\">\n<div class=\"gtx-trans-icon\"><\/div>\n<\/div>\n<\/div><\/section><\/div><div class=\"flex_column av_one_full  flex_column_div av-zero-column-padding first  avia-builder-el-4  el_after_av_one_full  el_before_av_hr  column-top-margin\" style='border-radius:0px; '><section class=\"av_textblock_section \"  itemscope=\"itemscope\" itemtype=\"https:\/\/schema.org\/BlogPosting\" itemprop=\"blogPost\" ><div class='avia_textblock  '   itemprop=\"text\" ><p style=\"text-align: justify;\">Con el fin de fortalecer los procesos pedag\u00f3gicos de recuperaci\u00f3n de la lengua y cultura ind\u00edgenas desde la primera infancia, Fundaci\u00f3n Integra y CONADI en la regi\u00f3n de Ays\u00e9n firmaron un convenio para que dos Jardines Infantiles puedan contar con una Educadora de Lengua y Cultura Ind\u00edgena (ELCI) que les permita seguir desarrollando el trabajo intercultural, potenciar la cultura y lengua ancestral, que vienen desarrollando en esta materia.<\/p>\n<p style=\"text-align: justify;\">Este convenio beneficiar\u00e1 a los Jardines Infantiles ubicados en Islas Huichas como lo son \u201cLos Cipreses\u201d de Puerto Aguirre y \u201cLos Canelos\u201d de Caleta Andrade permitiendo con esto que las ELCI se incorporen y contin\u00fae el trabajo que actualmente desarrollan los equipos educativos.<\/p>\n<p style=\"text-align: justify;\">Ver\u00f3nica C\u00e1rcamo Galaz, jefa territorial de Calidad Educativa destac\u00f3 la importancia de este convenio con el que hemos trabajado desde hace algunos a\u00f1os y estamos muy contentos de poder reiniciarlo y que ser\u00e1 de gran aporte para nuestros ni\u00f1os y ni\u00f1as en las Islas Huichas\u201d. A la vez agradeci\u00f3 \u201ca las comunidades (mapuche) que hoy d\u00eda nos dan la oportunidad de contar con Giovanna (ELCI) para poder comenzar con este hermoso trabajo en los jardines infantiles\u201d.<\/p>\n<p style=\"text-align: justify;\">Fortalecer los procesos pedag\u00f3gicos de recuperaci\u00f3n de la lengua y cultura ind\u00edgena desde la Primera Infancia a trav\u00e9s de un proceso de participativo en la que se involucra a la comunidad educativa de los jardines infantiles de Integra es parte de la misi\u00f3n de las ELCi\u2019s.<\/p>\n<p style=\"text-align: justify;\">Giovanna Matissine\u00a0Cabero\u00a0ser\u00e1 la Educadora de Lengua y Cultura Ind\u00edgena que desarrollar\u00e1 esta funci\u00f3n en \u00e1mbos establecimientos buscando acercar los conocimientos y saberes de la cultura mapuche quien destac\u00f3 \u201cque quiere traspasar sus conocimientos a otras personas y a los ni\u00f1os ya que son ellos a quienes debemos entregarles los conocimientos de nuestra cultura\u201d.<\/p>\n<p style=\"text-align: justify;\">Cabe destacar que ser\u00e1n cerca de 100 ni\u00f1os, ni\u00f1as y familias de los jardines infantiles de Integra los que ser\u00e1n beneficiados con esta iniciativa, que adem\u00e1s de\u00a0 fortalecer la calidad del proceso educativo, tiene el objetivo de recuperar y revitalizar la cultura ancestral en las nuevas generaciones de ni\u00f1os y ni\u00f1as de la regi\u00f3n.<\/p>\n<p style=\"text-align: justify;\">La coordinadora regional de CONADI, Pamela Huaitiao destac\u00f3 el contexto en el que se da la firma de este convenio ya que\u201d tambi\u00e9n estamos paralelamente en la celebraci\u00f3n y conmemoraci\u00f3n del We Tripantu, la que es una fecha muy importante para los pueblos originarios, no tan s\u00f3lo para el pueblo mapuche lo celebra, sino que en los pueblos del norte o el pueblo Rapa Nui, quienes lo consideran una fecha especial. Es en este contexto que les deseamos el maoyor de los \u00e9xitos en este proyecto\u201d.<\/p>\n<p style=\"text-align: justify;\">Finalmente, se debe mencionar que este programa de CONADI permite entregar capacitaci\u00f3n de Educadoras en Lengua y Cultura Ind\u00edgenas (ELCI), educadoras de p\u00e1rvulos, herramientas para educaci\u00f3n intercultural (libros gigantes, mesas interculturales), juegos did\u00e1cticos y textos educativos, entre otras iniciativas y materiales que fortalecen la educaci\u00f3n intercultural.<\/p>\n<\/div><\/section><\/div><div  style='height:50px' class='hr hr-invisible   avia-builder-el-6  el_after_av_one_full  el_before_av_social_share '><span class='hr-inner ' ><span class='hr-inner-style'><\/span><\/span><\/div><\/p>\n<div  class='av-social-sharing-box  avia-builder-el-7  el_after_av_hr  el_before_av_hr  '><div class='av-share-box'><h5 class='av-share-link-description av-no-toc '>Compartir esta noticia<\/h5><ul class='av-share-box-list noLightbox'><li class='av-share-link av-social-link-facebook' ><a target=\"_blank\" aria-label=\"Compartir en Facebook\" href='https:\/\/www.facebook.com\/sharer.php?u=https:\/\/radiorevelacionfm.cl\/?p=5672&#038;t=Jardines%20Infantiles%20de%20Fundaci%C3%B3n%20Integra%20son%20beneficiados%20por%20convenio%20Conadi' aria-hidden='false' data-av_icon='\ue8f3' data-av_iconfont='entypo-fontello' title='' data-avia-related-tooltip='Compartir en Facebook' rel=\"noopener\"><span class='avia_hidden_link_text'>Compartir en Facebook<\/span><\/a><\/li><li class='av-share-link av-social-link-twitter' ><a target=\"_blank\" aria-label=\"Compartir en Twitter\" href='https:\/\/twitter.com\/share?text=Jardines%20Infantiles%20de%20Fundaci%C3%B3n%20Integra%20son%20beneficiados%20por%20convenio%20Conadi&#038;url=https:\/\/radiorevelacionfm.cl\/?p=5672' aria-hidden='false' data-av_icon='\ue8f1' data-av_iconfont='entypo-fontello' title='' data-avia-related-tooltip='Compartir en Twitter' rel=\"noopener\"><span class='avia_hidden_link_text'>Compartir en Twitter<\/span><\/a><\/li><li class='av-share-link av-social-link-whatsapp' ><a target=\"_blank\" aria-label=\"Compartir en Whatsapp\" href='https:\/\/api.whatsapp.com\/send?text=https:\/\/radiorevelacionfm.cl\/?p=5672' aria-hidden='false' data-av_icon='\uf232' data-av_iconfont='entypo-fontello' title='' data-avia-related-tooltip='Compartir en Whatsapp' rel=\"noopener\"><span class='avia_hidden_link_text'>Compartir en Whatsapp<\/span><\/a><\/li><li class='av-share-link av-social-link-linkedin' ><a target=\"_blank\" aria-label=\"Compartir en LinkedIn\" href='https:\/\/linkedin.com\/shareArticle?mini=true&#038;title=Jardines%20Infantiles%20de%20Fundaci%C3%B3n%20Integra%20son%20beneficiados%20por%20convenio%20Conadi&#038;url=https:\/\/radiorevelacionfm.cl\/?p=5672' aria-hidden='false' data-av_icon='\ue8fc' data-av_iconfont='entypo-fontello' title='' data-avia-related-tooltip='Compartir en LinkedIn' rel=\"noopener\"><span class='avia_hidden_link_text'>Compartir en LinkedIn<\/span><\/a><\/li><li class='av-share-link av-social-link-mail' ><a  aria-label=\"Compartir por correo\" href='mailto:?subject=Jardines%20Infantiles%20de%20Fundaci%C3%B3n%20Integra%20son%20beneficiados%20por%20convenio%20Conadi&#038;body=https:\/\/radiorevelacionfm.cl\/?p=5672' aria-hidden='false' data-av_icon='\ue805' data-av_iconfont='entypo-fontello' title='' data-avia-related-tooltip='Compartir por correo'><span class='avia_hidden_link_text'>Compartir por correo<\/span><\/a><\/li><\/ul><\/div><\/div>\n<div  style='height:50px' class='hr hr-invisible   avia-builder-el-8  el_after_av_social_share  el_before_av_comments_list '><span class='hr-inner ' ><span class='hr-inner-style'><\/span><\/span><\/div>\n<div  class='av-buildercomment  av-blog-meta-html-info-disabled av-blog-meta-tag-disabled  '><\/div>\n","protected":false},"excerpt":{"rendered":"","protected":false},"author":1,"featured_media":5673,"comment_status":"open","ping_status":"open","sticky":false,"template":"","format":"standard","meta":{"footnotes":""},"categories":[49],"tags":[],"class_list":["post-5672","post","type-post","status-publish","format-standard","has-post-thumbnail","hentry","category-educacion"],"jetpack_featured_media_url":"https:\/\/radiorevelacionfm.cl\/wp-content\/uploads\/2021\/06\/4-09-1-2.jpg","_links":{"self":[{"href":"https:\/\/radiorevelacionfm.cl\/index.php?rest_route=\/wp\/v2\/posts\/5672","targetHints":{"allow":["GET"]}}],"collection":[{"href":"https:\/\/radiorevelacionfm.cl\/index.php?rest_route=\/wp\/v2\/posts"}],"about":[{"href":"https:\/\/radiorevelacionfm.cl\/index.php?rest_route=\/wp\/v2\/types\/post"}],"author":[{"embeddable":true,"href":"https:\/\/radiorevelacionfm.cl\/index.php?rest_route=\/wp\/v2\/users\/1"}],"replies":[{"embeddable":true,"href":"https:\/\/radiorevelacionfm.cl\/index.php?rest_route=%2Fwp%2Fv2%2Fcomments&post=5672"}],"version-history":[{"count":1,"href":"https:\/\/radiorevelacionfm.cl\/index.php?rest_route=\/wp\/v2\/posts\/5672\/revisions"}],"predecessor-version":[{"id":5674,"href":"https:\/\/radiorevelacionfm.cl\/index.php?rest_route=\/wp\/v2\/posts\/5672\/revisions\/5674"}],"wp:featuredmedia":[{"embeddable":true,"href":"https:\/\/radiorevelacionfm.cl\/index.php?rest_route=\/wp\/v2\/media\/5673"}],"wp:attachment":[{"href":"https:\/\/radiorevelacionfm.cl\/index.php?rest_route=%2Fwp%2Fv2%2Fmedia&parent=5672"}],"wp:term":[{"taxonomy":"category","embeddable":true,"href":"https:\/\/radiorevelacionfm.cl\/index.php?rest_route=%2Fwp%2Fv2%2Fcategories&post=5672"},{"taxonomy":"post_tag","embeddable":true,"href":"https:\/\/radiorevelacionfm.cl\/index.php?rest_route=%2Fwp%2Fv2%2Ftags&post=5672"}],"curies":[{"name":"wp","href":"https:\/\/api.w.org\/{rel}","templated":true}]}}