{"id":56710,"date":"2025-07-19T12:47:24","date_gmt":"2025-07-19T15:47:24","guid":{"rendered":"https:\/\/radiorevelacionfm.cl\/?p=56710"},"modified":"2025-07-19T13:05:42","modified_gmt":"2025-07-19T16:05:42","slug":"un-total-de-11-familias-afectadas-caminos-cortados-e-inundaciones-deja-rio-atmosferico-categoria-4-en-la-region-de-aysen","status":"publish","type":"post","link":"https:\/\/radiorevelacionfm.cl\/?p=56710","title":{"rendered":"Un total de 11 familias afectadas, caminos cortados e inundaciones deja r\u00edo atmosf\u00e9rico categor\u00eda 4 en la regi\u00f3n de Ays\u00e9n"},"content":{"rendered":"<div class=\"flex_column av_one_full  flex_column_div av-zero-column-padding first  avia-builder-el-0  el_before_av_one_full  avia-builder-el-first  \" style='border-radius:0px; '><div  class='avia-image-container  av-styling-    avia-builder-el-1  avia-builder-el-no-sibling  avia-align-center '  itemprop=\"image\" itemscope=\"itemscope\" itemtype=\"https:\/\/schema.org\/ImageObject\"  ><div class='avia-image-container-inner'><div class='avia-image-overlay-wrap'><img decoding=\"async\" class='wp-image-56714 avia-img-lazy-loading-not-56714 avia_image' src=\"https:\/\/radiorevelacionfm.cl\/wp-content\/uploads\/2025\/07\/Cortes-de-Rutas-Photoroom-1-1.jpg\" alt='' title='Cortes de Rutas-Photoroom (1) (1)' height=\"676\" width=\"801\"  itemprop=\"thumbnailUrl\" srcset=\"https:\/\/radiorevelacionfm.cl\/wp-content\/uploads\/2025\/07\/Cortes-de-Rutas-Photoroom-1-1.jpg 801w, https:\/\/radiorevelacionfm.cl\/wp-content\/uploads\/2025\/07\/Cortes-de-Rutas-Photoroom-1-1-300x253.jpg 300w, https:\/\/radiorevelacionfm.cl\/wp-content\/uploads\/2025\/07\/Cortes-de-Rutas-Photoroom-1-1-768x648.jpg 768w, https:\/\/radiorevelacionfm.cl\/wp-content\/uploads\/2025\/07\/Cortes-de-Rutas-Photoroom-1-1-705x595.jpg 705w, https:\/\/radiorevelacionfm.cl\/wp-content\/uploads\/2025\/07\/Cortes-de-Rutas-Photoroom-1-1-450x380.jpg 450w, https:\/\/radiorevelacionfm.cl\/wp-content\/uploads\/2025\/07\/Cortes-de-Rutas-Photoroom-1-1-600x506.jpg 600w\" sizes=\"(max-width: 801px) 100vw, 801px\" \/><\/div><\/div><\/div><\/div><div class=\"flex_column av_one_full  flex_column_div av-zero-column-padding first  avia-builder-el-2  el_after_av_one_full  el_before_av_one_full  column-top-margin\" style='border-radius:0px; '><section class=\"av_textblock_section \"  itemscope=\"itemscope\" itemtype=\"https:\/\/schema.org\/BlogPosting\" itemprop=\"blogPost\" ><div class='avia_textblock  '   itemprop=\"text\" ><p style=\"text-align: center;\"><strong><span style=\"font-size: 18pt;\">Un total de 11 familias afectadas, caminos cortados e inundaciones deja r\u00edo atmosf\u00e9rico categor\u00eda 4 en la regi\u00f3n de Ays\u00e9n<\/span><\/strong><\/p>\n<div id=\"gtx-trans\" style=\"position: absolute; left: -50px; top: 4.31534px;\">\n<div class=\"gtx-trans-icon\"><\/div>\n<\/div>\n<\/div><\/section><\/div><\/p>\n<div class=\"flex_column av_one_full  flex_column_div av-zero-column-padding first  avia-builder-el-4  el_after_av_one_full  el_before_av_hr  column-top-margin\" style='border-radius:0px; '><section class=\"av_textblock_section \"  itemscope=\"itemscope\" itemtype=\"https:\/\/schema.org\/BlogPosting\" itemprop=\"blogPost\" ><div class='avia_textblock  '   itemprop=\"text\" ><p style=\"text-align: justify;\">De acuerdo con el monitoreo regional con Carabineros y antecedentes proporcionados el Ministerio de Obras P\u00fablicas (MOP), respecto del evento meteorol\u00f3gico que se desarrolla en la regi\u00f3n de Ays\u00e9n, se indican las siguientes novedades relevantes:<\/p>\n<ul>\n<li style=\"text-align: justify;\">05 familias afectadas en la comuna de Coyhaique.<\/li>\n<li style=\"text-align: justify;\">06 familias en la comuna de Ays\u00e9n, 04 en la localidad de Puerto Ays\u00e9n y 02 en sector camino Lago de Riesco. Seg\u00fan reporte de SINAPRED.<\/li>\n<\/ul>\n<p style=\"text-align: justify;\"><b>SERVICIOS BAS\u00cdCOS:\u00a0<\/b>Los Servicios Sanitarios Rurales (SSR-DOH MOP<b>)<\/b> se mantienen con inestabilidad en el suministro por turbiedad y crecida de caudales.<\/p>\n<table cellspacing=\"0\" cellpadding=\"0\">\n<tbody>\n<tr>\n<td colspan=\"3\">\n<div><b>Afectaci\u00f3n por Turbiedad y crecida de caudales Servicios Sanitarios Rurales<\/b><\/div>\n<\/td>\n<\/tr>\n<tr>\n<td>\n<div><b>Comuna<\/b><\/div>\n<\/td>\n<td>\n<div><b>Corte de suministro el\u00e9ctrico<\/b><\/div>\n<div><b>(N\u00b0 de clientes)<\/b><\/div>\n<\/td>\n<td>\n<div><b>Corte de suministro de agua potable<\/b><\/div>\n<div><b>(N\u00b0 de clientes)<\/b><\/div>\n<\/td>\n<\/tr>\n<tr>\n<td>\n<div>Comuna Rio Ib\u00e1\u00f1ez, Rio Tranquilo estero chirifo<\/div>\n<\/td>\n<td>\n<div><\/div>\n<\/td>\n<td>\n<div>Fuente superficial (Estero Chirifo) con muy altos niveles de turbiedad. Suministro s\u00f3lo para servicios higi\u00e9nicos.<\/div>\n<\/td>\n<\/tr>\n<tr>\n<td>\n<div>Sector el salto, Coyhaique<\/div>\n<\/td>\n<td>\n<div><\/div>\n<\/td>\n<td>\n<div>Fuente superficial con altos niveles de turbiedad. Suministro s\u00f3lo para servicios higi\u00e9nicos.<\/div>\n<\/td>\n<\/tr>\n<tr>\n<td>\n<div>Comuna de Coyhaique, \u00d1irehuao<\/div>\n<\/td>\n<td>\n<div><\/div>\n<\/td>\n<td>\n<div>Se mantiene corte de suministro desde esta ma\u00f1ana por excesiva turbiedad y sedimento de la fuente.<\/div>\n<\/td>\n<\/tr>\n<tr>\n<td>\n<div>Comuna de Coyhaique, Villa Ortega<\/div>\n<\/td>\n<td>\n<div><\/div>\n<\/td>\n<td>\n<div>Alta turbiedad en la fuente, sin embargo, el servicio se mantiene operativo con buena calidad del suministro.<\/div>\n<div><\/div>\n<\/td>\n<\/tr>\n<tr>\n<td>\n<div>Comuna de Coyhaique, Villa Frei<\/div>\n<\/td>\n<td>\n<div><\/div>\n<\/td>\n<td>\n<div>Sistema operando con reservas del estanque de regulaci\u00f3n. Captaci\u00f3n con obstrucci\u00f3n en su l\u00ednea de alimentaci\u00f3n. Para ma\u00f1ana se espera disminuci\u00f3n de turbiedad y baja de caudal de estero El Arco para que operador pueda rehabilitar el sistema de producci\u00f3n de agua potable. Captaci\u00f3n no presenta compromiso estructural.<\/div>\n<\/td>\n<\/tr>\n<tr>\n<td>\n<div>Comuna de Coyhaique, Villa Jara<\/div>\n<\/td>\n<td>\n<div><\/div>\n<\/td>\n<td>\n<div>Servicio operando con reservas del estanque de regulaci\u00f3n. Por altos niveles de turbiedad en la fuente no se est\u00e1 produciendo m\u00e1s agua potable<\/div>\n<\/td>\n<\/tr>\n<tr>\n<td>\n<div>Comuna de Coyhaique, sector Rio Claro<\/div>\n<\/td>\n<td>\n<div><\/div>\n<\/td>\n<td>\n<div>Falla en sistema de elevaci\u00f3n a partir de las 12:00 hrs de hoy. A partir de las 16:30 hrs se reinicia elevaci\u00f3n normal desde captaci\u00f3n. Actualmente servicio en recuperaci\u00f3n<\/div>\n<\/td>\n<\/tr>\n<tr>\n<td>\n<div>Comuna de aysen, Ma\u00f1ihuales<\/div>\n<\/td>\n<td>\n<div><\/div>\n<\/td>\n<td>\n<div>Fuente principal (estero Sonia) con excesiva turbiedad. Actualmente el servicio de apoya con captaci\u00f3n de emergencia. Sistema operativo.<\/div>\n<\/td>\n<\/tr>\n<\/tbody>\n<\/table>\n<div>Fuente: Servicios Sanitarios Rurales (SSR \u2013 DOH MOP)<\/div>\n<div><\/div>\n<div style=\"text-align: justify;\">El SINAPRED se mantiene activo y monitoreando de manera coordinada las diversas situaciones de emergencia que se puedan suscitar producto de las precipitaciones y crecida de caudales.<\/div>\n<div>\n<div style=\"text-align: justify;\"><b>\u00a0<\/b><\/div>\n<div>\n<div style=\"text-align: justify;\"><b>COGRID O MESAS T\u00c9CNICAS REALIZADAS:<\/b><\/div>\n<div style=\"text-align: justify;\"><b>\u00a0<\/b><\/div>\n<div style=\"text-align: justify;\">11.07.2025 10:00 hrs Se realiz\u00f3 mesa t\u00e9cnica en SENAPRED AYS\u00c9N.<\/div>\n<div style=\"text-align: justify;\">12.07.2025 09:30 hrs. Se realiza mesa t\u00e9cnica en SENAPRED AYS\u00c9N.<\/div>\n<div style=\"text-align: justify;\">12.07.2025 15:00 hrs. se realiza COGRID Comunal en Municipalidad de Aysen.<\/div>\n<div style=\"text-align: justify;\">15.07.2025 15:00 Hrs. se realiza COGRID Regional en SENAPRED<\/div>\n<div style=\"text-align: justify;\">16.07.2025 20:00 Hrs se realiza COGRID Provincial en Delegaci\u00f3n Presidencial Provincial Aysen<\/div>\n<div style=\"text-align: justify;\"><\/div>\n<div style=\"text-align: justify;\">Personal y maquinar\u00eda de la Direcci\u00f3n de Vialidad, se encuentran trabajando en el despeje y habilitaci\u00f3n de las rutas.<\/div>\n<div style=\"text-align: justify;\"><b>\u00a0<\/b><\/div>\n<div style=\"text-align: justify;\">Finalmente, se mantiene el monitoreo constante de los diversos sectores para apoyar los trabajos de los equipos de emergencia y resguardar la seguridad de las personas.<\/div>\n<\/div>\n<\/div>\n<p><b>ALTERACIONES DE CONECTIVIDAD:<\/b><\/p>\n<div>A continuaci\u00f3n, se detallan las alteraciones de conectividad a nivel regional.<\/div>\n<div><\/div>\n<table cellspacing=\"0\" cellpadding=\"0\">\n<tbody>\n<tr>\n<td colspan=\"4\">\n<div><b>Alteraciones de conectividad<\/b><\/div>\n<\/td>\n<\/tr>\n<tr>\n<td>\n<div><b>Comuna<\/b><\/div>\n<\/td>\n<td>\n<div><b>Nombre de la ruta o puente y sector<\/b><\/div>\n<\/td>\n<td>\n<div><b>Motivo de la alteraci\u00f3n<\/b><\/div>\n<\/td>\n<td>\n<div><b>Trabajos<\/b><\/div>\n<\/td>\n<\/tr>\n<tr>\n<td>\n<div>Prov. Capit\u00e1n Prat, Comuna de Cochrane<\/div>\n<\/td>\n<td>\n<div><b>Balsa Baker<\/b><\/div>\n<\/td>\n<td>\n<div>Suspende sus operaciones para el d\u00eda de hoy por aumento de caudal<\/div>\n<\/td>\n<td>\n<div>Vialidad monitoreando en el sector.<\/div>\n<\/td>\n<\/tr>\n<tr>\n<td>\n<div>Prov. Capit\u00e1n Prat, Comuna de O\u00b4Higgins<\/div>\n<\/td>\n<td>\n<div>Ruta X- 905, entrada Mayer, sector Rinc\u00f3n Chico<\/div>\n<\/td>\n<td>\n<div>Corte de ruta por rodado<\/div>\n<\/td>\n<td>\n<div>Contrato global coordina despeje de la ruta<\/div>\n<\/td>\n<\/tr>\n<tr>\n<td>\n<div>Prov. Capit\u00e1n Prat, Comuna de Cochrane<\/div>\n<\/td>\n<td>\n<div>Ruta X-894, sector colonia norte, km 20<\/div>\n<\/td>\n<td>\n<div>Inundaci\u00f3n en plataforma, corte de ruta<\/div>\n<\/td>\n<td>\n<div>Vialidad en conocimiento y a la espera que bajen los caudales.<\/div>\n<\/td>\n<\/tr>\n<tr>\n<td>\n<div>Prov. Capit\u00e1n Prat, Comuna de Cochrane<\/div>\n<\/td>\n<td>\n<div>Ruta X-907, km 4 aprox. (Cruce Ruta 7 (Puente Los Mellizos) &#8211; R\u00edo El Salto<\/div>\n<\/td>\n<td>\n<div>Ruta cortada por agua sobre la carpeta<\/div>\n<\/td>\n<td>\n<div>Vialidad en conocimiento y a la espera que bajen los caudales.<\/div>\n<\/td>\n<\/tr>\n<tr>\n<td>\n<div>Prov. Gral. Carrera, Comuna de Chile Chico<\/div>\n<\/td>\n<td>\n<div>Ruta X-775 km 12.5 y 15, Informe de incidente N\u00b032<\/div>\n<\/td>\n<td>\n<div>Colapso de alcantarilla y deslizamiento de material<\/div>\n<\/td>\n<td>\n<div>Vialidad en conocimiento y a la espera que bajen los caudales.<\/div>\n<\/td>\n<\/tr>\n<tr>\n<td>\n<div>Prov. Gral. Carrera, Comuna de Rio Ib\u00e1\u00f1ez<\/div>\n<\/td>\n<td>\n<div>Ruta X-728, corte de ruta en el km 47 hacia exploradores<\/div>\n<\/td>\n<td>\n<div>Erosiones causadas por aumento de caudal<\/div>\n<\/td>\n<td>\n<div>Vialidad en conocimiento y a la espera que bajen los caudales.<\/div>\n<\/td>\n<\/tr>\n<tr>\n<td>\n<div>Prov. Gral. Carrera, Comuna de Rio Ib\u00e1\u00f1ez<\/div>\n<\/td>\n<td>\n<div>Ruta 7 sur, km X-741, sector de rio caj\u00f3n.<\/div>\n<\/td>\n<td>\n<div>Deslizamiento de material<\/div>\n<\/td>\n<td>\n<div>Vialidad trabajando en el lugar<\/div>\n<\/td>\n<\/tr>\n<tr>\n<td>\n<div>Provincia de Coyhaique, comuna de Coyhaique<\/div>\n<\/td>\n<td>\n<div>Ruta X-439 (mina Katterfield) km 23 aproximadamente<\/div>\n<\/td>\n<td>\n<div>Plataforma anegada y erosionada, vado intransitable producto de crecida del rio<\/div>\n<\/td>\n<td>\n<div>Vialidad en conocimiento y a la espera que bajen los caudales.<\/div>\n<\/td>\n<\/tr>\n<tr>\n<td>\n<div>Provincia de Coyhaique, comuna de Coyhaique<\/div>\n<\/td>\n<td>\n<div>Ruta X-686 Lago Caro<\/div>\n<\/td>\n<td>\n<div>Camino cortado en el km 38, por desborde del rio Paloma<\/div>\n<\/td>\n<td>\n<div>Vialidad en conocimiento y a la espera que bajen los caudales.<\/div>\n<\/td>\n<\/tr>\n<tr>\n<td>\n<div>Provincia de Coyhaique, comuna de Coyhaique<\/div>\n<\/td>\n<td>\n<div>ruta X-698 KM.14 sector lago Monreal<\/div>\n<\/td>\n<td>\n<div>Deslizamiento de material sobre la ruta<\/div>\n<\/td>\n<td>\n<div>Vialidad en conocimiento<\/div>\n<\/td>\n<\/tr>\n<tr>\n<td>\n<div>Prov. Ays\u00e9n, Comuna de Ays\u00e9n<\/div>\n<\/td>\n<td>\n<div>Puente Mecano Pangal \u2013 Pto. Ays\u00e9n<\/div>\n<\/td>\n<td>\n<div>Cierre preventivo por aumento de caudal. V\u00eda alternativa: Pasarela Pangal 1.<\/div>\n<\/td>\n<td>\n<div>Se mantiene la condici\u00f3n.<\/div>\n<\/td>\n<\/tr>\n<tr>\n<td>\n<div>Prov. Ays\u00e9n, Comuna de Ays\u00e9n<\/div>\n<\/td>\n<td>\n<div>Ruta X-550 El Blanco \u2013 Lago Riesco<\/div>\n<\/td>\n<td>\n<div>Ruta cerrada. Agua en km 16 + erosiones por desbordes.<\/div>\n<\/td>\n<td>\n<div>Vialidad en conocimiento y a la espera que bajen los caudales.<\/div>\n<\/td>\n<\/tr>\n<tr>\n<td>\n<div>Prov. Ays\u00e9n, Comuna de Ays\u00e9n<\/div>\n<\/td>\n<td>\n<div><b>Balsa el Blanco<\/b>, fuera de servicio<\/div>\n<\/td>\n<td>\n<div>Aumento de caudal<\/div>\n<\/td>\n<td>\n<div>A la espera que baje los niveles.<\/div>\n<div><\/div>\n<\/td>\n<\/tr>\n<tr>\n<td>\n<div>Prov. Ays\u00e9n, Comuna de Ays\u00e9n<\/div>\n<\/td>\n<td>\n<div>Ruta X-510 kil\u00f3metro 5 del puente Los Pioneros. Camino a puente Piedra.<\/div>\n<\/td>\n<td>\n<div>Agua sobre la carpeta y erosi\u00f3n de la ruta<\/div>\n<\/td>\n<td>\n<div>Personal de vialidad en transito al lugar<\/div>\n<\/td>\n<\/tr>\n<tr>\n<td>\n<div>Prov. Ays\u00e9n, Comuna de Ays\u00e9n<\/div>\n<\/td>\n<td>\n<div>Intersecciones de Bernardo O\u2019Higgins con Pangal<\/div>\n<\/td>\n<td>\n<div>Inundaciones por aumento de caudal<\/div>\n<\/td>\n<td>\n<div>Personal municipal<\/div>\n<\/td>\n<\/tr>\n<\/tbody>\n<\/table>\n<div style=\"text-align: justify;\"><\/div>\n<div style=\"text-align: justify;\"><b><u>CORTE PREVENTIVO DE RUTAS NOCTURNAS ENTRE LOS DIAS 17 DE JULIO AL 19 DE JULIO EN HORARIOS DE 18:00 A 08:00 HORAS<\/u><\/b><\/div>\n<div>Ruta 7 Norte: Cruce Cisnes \u2013 El Pangue<\/div>\n<div>Camino X-550: El Blanco \u2013 Lago Riesco<\/div>\n<div>Camino X-731a: Puerto S\u00e1nchez<\/div>\n<div>Camino a Bah\u00eda Acantilada<\/div>\n<div>Ruta 265-CH: Paso Las Llaves<\/div>\n<div>Fuente: MOP Ays\u00e9n-Direcci\u00f3n Regional de Vialidad<\/div>\n<div><\/div>\n<div>\n<div>\n<div><b>ESTADO DE PUERTO DE LA REGION:<\/b><\/div>\n<\/div>\n<table cellspacing=\"0\" cellpadding=\"0\">\n<tbody>\n<tr>\n<td>\n<div><b>PUERTO<\/b><\/div>\n<\/td>\n<td>\n<div><b>ESTADO DEL PUERTO<\/b><\/div>\n<\/td>\n<td>\n<div><b>CONDICI\u00d3N<\/b><\/div>\n<\/td>\n<\/tr>\n<tr>\n<td>\n<div><b>MELINKA<\/b><\/div>\n<\/td>\n<td>\n<div><b>SE ESTABLECE CONDICI\u00d3N DE PUERTO CERRADO, BAJO LAS SIGUIENTES RESTRICCIONES: 1.- GOLFO CORCOVADO Y CANAL MORALEDA CERRADO PARA\u00a0<a href=\"http:\/\/ee.mm\/\" target=\"_blank\" rel=\"noopener\" data-saferedirecturl=\"https:\/\/www.google.com\/url?q=http:\/\/EE.MM&amp;source=gmail&amp;ust=1753024127045000&amp;usg=AOvVaw0WNRkKRDuVRq5QKlAiTCxh\">EE.MM<\/a>\u00a0MENOR DE 50 AB. 2.- BAH\u00cdA MELINKA Y CANALES INTERIORES NORMALES. 3.- FAENAS NORMALES.<\/b><\/div>\n<\/td>\n<td>\n<div><b>PUERTO CERRADO<\/b><\/div>\n<\/td>\n<\/tr>\n<tr>\n<td>\n<div><b>PUERTO CISNES<\/b><\/div>\n<\/td>\n<td>\n<div><b>SE ESTABLECE CONDICI\u00d3N DE VARIABLE: GOLFO CORCOVADO, CANAL MORALEDA CERRADO PARA\u00a0<a href=\"http:\/\/ee.mm\/\" target=\"_blank\" rel=\"noopener\" data-saferedirecturl=\"https:\/\/www.google.com\/url?q=http:\/\/EE.MM&amp;source=gmail&amp;ust=1753024127045000&amp;usg=AOvVaw0WNRkKRDuVRq5QKlAiTCxh\">EE.MM<\/a>. DE 50 TRG, CANAL JACAF CERRADO PARA\u00a0<a href=\"http:\/\/ee.mm\/\" target=\"_blank\" rel=\"noopener\" data-saferedirecturl=\"https:\/\/www.google.com\/url?q=http:\/\/EE.MM&amp;source=gmail&amp;ust=1753024127045000&amp;usg=AOvVaw0WNRkKRDuVRq5QKlAiTCxh\">EE.MM<\/a>. DE 25 TRG, CANAL PUYUHUAPI Y BAH\u00cdA CISNES NORMAL , SE SUSPENDEN TODO TIPOS DE FAENAS SECTORES CON RESTRICCI\u00d3N.<\/b><\/div>\n<\/td>\n<td>\n<div><b>CONDICI\u00d3N DE VARIABLE<\/b><\/div>\n<\/td>\n<\/tr>\n<tr>\n<td>\n<div><b>PUERTO AGUIRRE<\/b><\/div>\n<\/td>\n<td>\n<div><b>SE ESTABLECE CONDICI\u00d3N DE MAL TIEMPO, DECRET\u00c1NDOSE PUERTO CERRADO PARA NAVES MENORES DE 99,9 ARQUEO BRUTO DENTRO Y FUERA DE LA BAH\u00cdA. SUSPENDI\u00c9NDOSE TODO TIPO DE FAENAS.<\/b><\/div>\n<\/td>\n<td>\n<div><b>MAL TIEMPO<\/b><\/div>\n<div><b>\u00a0<\/b><\/div>\n<\/td>\n<\/tr>\n<tr>\n<td>\n<div><b>CHACABUCO<\/b><\/div>\n<\/td>\n<td>\n<div><b>SE ESTABLECE CONDICI\u00d3N DE \u00abMAL TIEMPO\u00bb, ESTADO DE PUERTO: CERRADO PARA TODO TIPO DE NAVES DENTRO Y FUERA DE LA BAH\u00cdA. SE SUSPENDEN TODO TIPO DE FAENAS, MANIOBRAS, TRABAJOS EN CENTROS DE CULTIVOS, JAULAS Y PONTONES, MANIOBRAS DE REMOLQUE Y FAENAS DE BUCEO<\/b><\/div>\n<\/td>\n<td>\n<div><b>MAL TIEMPO<\/b><\/div>\n<\/td>\n<\/tr>\n<tr>\n<td>\n<div><b>GENERAL CARRERA<\/b><\/div>\n<\/td>\n<td>\n<div><b>SIN RESTRICCI\u00d3N<\/b><\/div>\n<\/td>\n<td>\n<div><b>NORMAL<\/b><\/div>\n<\/td>\n<\/tr>\n<tr>\n<td>\n<div><b>LAGO O\u2019HIGGINS<\/b><\/div>\n<\/td>\n<td>\n<div><b>SE ESTABLECE CONDICION DE TIEMPO VARIBALE PUERTO CERRADO PARA\u00a0<a href=\"http:\/\/ee.mm\/\" target=\"_blank\" rel=\"noopener\" data-saferedirecturl=\"https:\/\/www.google.com\/url?q=http:\/\/EE.MM&amp;source=gmail&amp;ust=1753024127045000&amp;usg=AOvVaw0WNRkKRDuVRq5QKlAiTCxh\">EE.MM<\/a>. HASTA LOS 25 TRG FUERA DE LOS LIMITES DEL PUERTO, VIENTO INT 15 NDS SE, RACHAS 40 NDS SE.-<\/b><\/div>\n<\/td>\n<td>\n<div><b>TIEMPO VARIBALE<\/b><\/div>\n<\/td>\n<\/tr>\n<\/tbody>\n<\/table>\n<\/div>\n<div><\/div>\n<div><\/div>\n<div><\/div>\n<div><\/div>\n<div><\/div>\n<div><\/div>\n<\/div><\/section><\/div>\n<div  style='height:50px' class='hr hr-invisible   avia-builder-el-6  el_after_av_one_full  el_before_av_social_share '><span class='hr-inner ' ><span class='hr-inner-style'><\/span><\/span><\/div>\n<div  class='av-social-sharing-box  avia-builder-el-7  el_after_av_hr  el_before_av_hr  '><div class='av-share-box'><h5 class='av-share-link-description av-no-toc '>Compartir esta noticia<\/h5><ul class='av-share-box-list noLightbox'><li class='av-share-link av-social-link-facebook' ><a target=\"_blank\" aria-label=\"Compartir en Facebook\" href='https:\/\/www.facebook.com\/sharer.php?u=https:\/\/radiorevelacionfm.cl\/?p=56710&#038;t=Un%20total%20de%2011%20familias%20afectadas%2C%20caminos%20cortados%20e%20inundaciones%20deja%20r%C3%ADo%20atmosf%C3%A9rico%20categor%C3%ADa%204%20en%20la%20regi%C3%B3n%20de%20Ays%C3%A9n' aria-hidden='false' data-av_icon='\ue8f3' data-av_iconfont='entypo-fontello' title='' data-avia-related-tooltip='Compartir en Facebook' rel=\"noopener\"><span class='avia_hidden_link_text'>Compartir en Facebook<\/span><\/a><\/li><li class='av-share-link av-social-link-twitter' ><a target=\"_blank\" aria-label=\"Compartir en Twitter\" href='https:\/\/twitter.com\/share?text=Un%20total%20de%2011%20familias%20afectadas%2C%20caminos%20cortados%20e%20inundaciones%20deja%20r%C3%ADo%20atmosf%C3%A9rico%20categor%C3%ADa%204%20en%20la%20regi%C3%B3n%20de%20Ays%C3%A9n&#038;url=https:\/\/radiorevelacionfm.cl\/?p=56710' aria-hidden='false' data-av_icon='\ue8f1' data-av_iconfont='entypo-fontello' title='' data-avia-related-tooltip='Compartir en Twitter' rel=\"noopener\"><span class='avia_hidden_link_text'>Compartir en Twitter<\/span><\/a><\/li><li class='av-share-link av-social-link-whatsapp' ><a target=\"_blank\" aria-label=\"Compartir en Whatsapp\" href='https:\/\/api.whatsapp.com\/send?text=https:\/\/radiorevelacionfm.cl\/?p=56710' aria-hidden='false' data-av_icon='\uf232' data-av_iconfont='entypo-fontello' title='' data-avia-related-tooltip='Compartir en Whatsapp' rel=\"noopener\"><span class='avia_hidden_link_text'>Compartir en Whatsapp<\/span><\/a><\/li><li class='av-share-link av-social-link-linkedin' ><a target=\"_blank\" aria-label=\"Compartir en LinkedIn\" href='https:\/\/linkedin.com\/shareArticle?mini=true&#038;title=Un%20total%20de%2011%20familias%20afectadas%2C%20caminos%20cortados%20e%20inundaciones%20deja%20r%C3%ADo%20atmosf%C3%A9rico%20categor%C3%ADa%204%20en%20la%20regi%C3%B3n%20de%20Ays%C3%A9n&#038;url=https:\/\/radiorevelacionfm.cl\/?p=56710' aria-hidden='false' data-av_icon='\ue8fc' data-av_iconfont='entypo-fontello' title='' data-avia-related-tooltip='Compartir en LinkedIn' rel=\"noopener\"><span class='avia_hidden_link_text'>Compartir en LinkedIn<\/span><\/a><\/li><li class='av-share-link av-social-link-mail' ><a  aria-label=\"Compartir por correo\" href='mailto:?subject=Un%20total%20de%2011%20familias%20afectadas%2C%20caminos%20cortados%20e%20inundaciones%20deja%20r%C3%ADo%20atmosf%C3%A9rico%20categor%C3%ADa%204%20en%20la%20regi%C3%B3n%20de%20Ays%C3%A9n&#038;body=https:\/\/radiorevelacionfm.cl\/?p=56710' aria-hidden='false' data-av_icon='\ue805' data-av_iconfont='entypo-fontello' title='' data-avia-related-tooltip='Compartir por correo'><span class='avia_hidden_link_text'>Compartir por correo<\/span><\/a><\/li><\/ul><\/div><\/div>\n<div  style='height:50px' class='hr hr-invisible   avia-builder-el-8  el_after_av_social_share  el_before_av_comments_list '><span class='hr-inner ' ><span class='hr-inner-style'><\/span><\/span><\/div>\n<div  class='av-buildercomment  av-blog-meta-html-info-disabled av-blog-meta-tag-disabled  '><\/div>\n","protected":false},"excerpt":{"rendered":"","protected":false},"author":1,"featured_media":56714,"comment_status":"closed","ping_status":"closed","sticky":false,"template":"","format":"standard","meta":{"footnotes":""},"categories":[38],"tags":[],"class_list":["post-56710","post","type-post","status-publish","format-standard","has-post-thumbnail","hentry","category-regional"],"jetpack_featured_media_url":"https:\/\/radiorevelacionfm.cl\/wp-content\/uploads\/2025\/07\/Cortes-de-Rutas-Photoroom-1-1.jpg","_links":{"self":[{"href":"https:\/\/radiorevelacionfm.cl\/index.php?rest_route=\/wp\/v2\/posts\/56710","targetHints":{"allow":["GET"]}}],"collection":[{"href":"https:\/\/radiorevelacionfm.cl\/index.php?rest_route=\/wp\/v2\/posts"}],"about":[{"href":"https:\/\/radiorevelacionfm.cl\/index.php?rest_route=\/wp\/v2\/types\/post"}],"author":[{"embeddable":true,"href":"https:\/\/radiorevelacionfm.cl\/index.php?rest_route=\/wp\/v2\/users\/1"}],"replies":[{"embeddable":true,"href":"https:\/\/radiorevelacionfm.cl\/index.php?rest_route=%2Fwp%2Fv2%2Fcomments&post=56710"}],"version-history":[{"count":3,"href":"https:\/\/radiorevelacionfm.cl\/index.php?rest_route=\/wp\/v2\/posts\/56710\/revisions"}],"predecessor-version":[{"id":56713,"href":"https:\/\/radiorevelacionfm.cl\/index.php?rest_route=\/wp\/v2\/posts\/56710\/revisions\/56713"}],"wp:featuredmedia":[{"embeddable":true,"href":"https:\/\/radiorevelacionfm.cl\/index.php?rest_route=\/wp\/v2\/media\/56714"}],"wp:attachment":[{"href":"https:\/\/radiorevelacionfm.cl\/index.php?rest_route=%2Fwp%2Fv2%2Fmedia&parent=56710"}],"wp:term":[{"taxonomy":"category","embeddable":true,"href":"https:\/\/radiorevelacionfm.cl\/index.php?rest_route=%2Fwp%2Fv2%2Fcategories&post=56710"},{"taxonomy":"post_tag","embeddable":true,"href":"https:\/\/radiorevelacionfm.cl\/index.php?rest_route=%2Fwp%2Fv2%2Ftags&post=56710"}],"curies":[{"name":"wp","href":"https:\/\/api.w.org\/{rel}","templated":true}]}}