{"id":56706,"date":"2025-07-19T13:11:24","date_gmt":"2025-07-19T16:11:24","guid":{"rendered":"https:\/\/radiorevelacionfm.cl\/?p=56706"},"modified":"2025-07-19T13:11:24","modified_gmt":"2025-07-19T16:11:24","slug":"avances-cft-la-educacion-progresa-dia-tras-dia-en-puerto-aysen","status":"publish","type":"post","link":"https:\/\/radiorevelacionfm.cl\/?p=56706","title":{"rendered":"Avances CFT: La educaci\u00f3n progresa d\u00eda tras d\u00eda en Puerto Ays\u00e9n"},"content":{"rendered":"<div class=\"flex_column av_one_full  flex_column_div av-zero-column-padding first  avia-builder-el-0  el_before_av_one_full  avia-builder-el-first  \" style='border-radius:0px; '><div  class='avia-image-container  av-styling-    avia-builder-el-1  avia-builder-el-no-sibling  avia-align-center '  itemprop=\"image\" itemscope=\"itemscope\" itemtype=\"https:\/\/schema.org\/ImageObject\"  ><div class='avia-image-container-inner'><div class='avia-image-overlay-wrap'><img decoding=\"async\" class='wp-image-56707 avia-img-lazy-loading-not-56707 avia_image' src=\"https:\/\/radiorevelacionfm.cl\/wp-content\/uploads\/2025\/07\/whatsapp-image-2025-07-18-at-18_optimized_optimized.21.05-1-1-1-1.jpeg\" alt='' title='whatsapp-image-2025-07-18-at-18_optimized_optimized.21.05-(1)-(1)-(1) (1)' height=\"600\" width=\"800\"  itemprop=\"thumbnailUrl\" srcset=\"https:\/\/radiorevelacionfm.cl\/wp-content\/uploads\/2025\/07\/whatsapp-image-2025-07-18-at-18_optimized_optimized.21.05-1-1-1-1.jpeg 800w, https:\/\/radiorevelacionfm.cl\/wp-content\/uploads\/2025\/07\/whatsapp-image-2025-07-18-at-18_optimized_optimized.21.05-1-1-1-1-300x225.jpeg 300w, https:\/\/radiorevelacionfm.cl\/wp-content\/uploads\/2025\/07\/whatsapp-image-2025-07-18-at-18_optimized_optimized.21.05-1-1-1-1-768x576.jpeg 768w, https:\/\/radiorevelacionfm.cl\/wp-content\/uploads\/2025\/07\/whatsapp-image-2025-07-18-at-18_optimized_optimized.21.05-1-1-1-1-705x529.jpeg 705w, https:\/\/radiorevelacionfm.cl\/wp-content\/uploads\/2025\/07\/whatsapp-image-2025-07-18-at-18_optimized_optimized.21.05-1-1-1-1-450x338.jpeg 450w, https:\/\/radiorevelacionfm.cl\/wp-content\/uploads\/2025\/07\/whatsapp-image-2025-07-18-at-18_optimized_optimized.21.05-1-1-1-1-600x450.jpeg 600w\" sizes=\"(max-width: 800px) 100vw, 800px\" \/><\/div><\/div><\/div><\/div><div class=\"flex_column av_one_full  flex_column_div av-zero-column-padding first  avia-builder-el-2  el_after_av_one_full  el_before_av_one_full  column-top-margin\" style='border-radius:0px; '><section class=\"av_textblock_section \"  itemscope=\"itemscope\" itemtype=\"https:\/\/schema.org\/BlogPosting\" itemprop=\"blogPost\" ><div class='avia_textblock  '   itemprop=\"text\" ><p style=\"text-align: center;\"><strong><span style=\"font-size: 18pt;\">Avances CFT: La educaci\u00f3n progresa d\u00eda tras d\u00eda en Puerto Ays\u00e9n<\/span><\/strong><\/p>\n<div id=\"gtx-trans\" style=\"position: absolute; left: -50px; top: 4.31534px;\">\n<div class=\"gtx-trans-icon\"><\/div>\n<\/div>\n<\/div><\/section><\/div><div class=\"flex_column av_one_full  flex_column_div av-zero-column-padding first  avia-builder-el-4  el_after_av_one_full  el_before_av_hr  column-top-margin\" style='border-radius:0px; '><section class=\"av_textblock_section \"  itemscope=\"itemscope\" itemtype=\"https:\/\/schema.org\/BlogPosting\" itemprop=\"blogPost\" ><div class='avia_textblock  '   itemprop=\"text\" ><p style=\"text-align: justify;\">Esta semana, el Delegado Presidencial Provincial de Ays\u00e9n, Rodrigo Moreno Rivera, junto al Rector Interino del Centro de Formaci\u00f3n T\u00e9cnica (CFT) y miembros de la comunidad educativa, llevaron a cabo un recorrido por las instalaciones y aulas, con el prop\u00f3sito de conmemorar este significativo hito de ser uno de los 15 CFT estatales creados en Chile.<\/p>\n<p style=\"text-align: justify;\">Durante la actividad se llev\u00f3 a cabo un recorrido guiado por los avances en las obras, seguido de una breve conversaci\u00f3n con estudiantes, profesores y egresados, para posteriormente visitar las aulas y saludar a los estudiantes que cursan en el CFT Ays\u00e9n. El Delegado Presidencial Provincial, Rodrigo Moreno, destac\u00f3 que en la cuenta p\u00fablica regional se enfatiz\u00f3 c\u00f3mo los ni\u00f1os y ni\u00f1as de la provincia y de la regi\u00f3n pueden completar sus estudios de manera integral, incluso hasta el nivel de posgrado. Por lo tanto, cualquier ni\u00f1o o ni\u00f1a tiene la oportunidad de formarse tanto en el Centro de Formaci\u00f3n T\u00e9cnica como en la Universidad de Ays\u00e9n, lo que representa un beneficio econ\u00f3mico y de tranquilidad para sus familias.<\/p>\n<p style=\"text-align: justify;\">El Rector Interino del CFT Ays\u00e9n, Christopher Contreras, manifest\u00f3 que \u201cEl CFT estatal de la regi\u00f3n de Ays\u00e9n encarna una pol\u00edtica p\u00fablica que inici\u00f3 sus actividades acad\u00e9micas en el a\u00f1o 2022 en Puerto Ays\u00e9n, ofreciendo las carreras de Administraci\u00f3n P\u00fablica y Administraci\u00f3n de Sistemas Log\u00edsticos. Hemos experimentado un crecimiento considerable a lo largo de los a\u00f1os; adem\u00e1s, este a\u00f1o inauguramos una sede en Coyhaique, manteniendo nuestra casa central, y hasta la fecha contamos con m\u00e1s de 600 estudiantes. Esta pol\u00edtica p\u00fablica busca resaltar la trascendencia de la formaci\u00f3n t\u00e9cnica de nivel superior, la cual es de suma importancia para el desarrollo tanto de la regi\u00f3n como del pa\u00eds.\u201d<\/p>\n<p style=\"text-align: justify;\">La concejala y egresada del CFT, Tatiana Villarroel, afirm\u00f3 que, \u201cComo titulada de t\u00e9cnico en educaci\u00f3n superior de administraci\u00f3n p\u00fablica, reflexionaba sobre lo que realmente es relevante. Haciendo una analog\u00eda, siendo de las islas Huichas, siempre anhel\u00e1bamos la ense\u00f1anza media, y luego aquellos que estudi\u00e1bamos en Puerto Ays\u00e9n dese\u00e1bamos que este espacio estuviera disponible, y lleg\u00f3 el CFT con carreras pertinentes.\u201d<\/p>\n<p style=\"text-align: justify;\">El alumno de la carrera de Electromec\u00e1nica, Daniel Labra, mencion\u00f3 que \u201cEs una instituci\u00f3n extraordinaria; recomiendo a la comunidad que se acerque, porque para una persona adulta retomar los estudios es un hito significativo. Adem\u00e1s, el grupo del curso ha fomentado una integraci\u00f3n social muy relevante; muchos han podido acceder a la gratuidad, y la educaci\u00f3n es la mejor inversi\u00f3n para el gobierno, las empresas y las personas.\u201d<\/p>\n<p style=\"text-align: justify;\">Hugo Guerrero, alumno del Centro de Formaci\u00f3n T\u00e9cnica, expres\u00f3: \u201cEstoy profundamente agradecido. Esta vinculaci\u00f3n que se ha producido, estos convenios han generado lazos significativos, ya que muchos de nosotros no imagin\u00e1bamos culminar nuestros estudios. Contamos con compa\u00f1eros que desempe\u00f1aron su trabajo como un oficio, y aqu\u00ed los ingenieros que colaboraron con nosotros en electricidad son de alta categor\u00eda. Posteriormente, se nos brinda la oportunidad de dar este salto, no solo realizando un curso SENCE, sino finalizando una carrera en este lugar. Podemos lograr nuestros sue\u00f1os; estamos en este recorrido y vislumbramos esos 1500 m\u00b2 que albergar\u00e1n las aspiraciones de muchos, cristaliz\u00e1ndose en la esperanza de ser profesionales en esta provincia.\u201d<\/p>\n<\/div><\/section><\/div><div  style='height:50px' class='hr hr-invisible   avia-builder-el-6  el_after_av_one_full  el_before_av_social_share '><span class='hr-inner ' ><span class='hr-inner-style'><\/span><\/span><\/div><\/p>\n<div  class='av-social-sharing-box  avia-builder-el-7  el_after_av_hr  el_before_av_hr  '><div class='av-share-box'><h5 class='av-share-link-description av-no-toc '>Compartir esta noticia<\/h5><ul class='av-share-box-list noLightbox'><li class='av-share-link av-social-link-facebook' ><a target=\"_blank\" aria-label=\"Compartir en Facebook\" href='https:\/\/www.facebook.com\/sharer.php?u=https:\/\/radiorevelacionfm.cl\/?p=56706&#038;t=Avances%20CFT%3A%20La%20educaci%C3%B3n%20progresa%20d%C3%ADa%20tras%20d%C3%ADa%20en%20Puerto%20Ays%C3%A9n' aria-hidden='false' data-av_icon='\ue8f3' data-av_iconfont='entypo-fontello' title='' data-avia-related-tooltip='Compartir en Facebook' rel=\"noopener\"><span class='avia_hidden_link_text'>Compartir en Facebook<\/span><\/a><\/li><li class='av-share-link av-social-link-twitter' ><a target=\"_blank\" aria-label=\"Compartir en Twitter\" href='https:\/\/twitter.com\/share?text=Avances%20CFT%3A%20La%20educaci%C3%B3n%20progresa%20d%C3%ADa%20tras%20d%C3%ADa%20en%20Puerto%20Ays%C3%A9n&#038;url=https:\/\/radiorevelacionfm.cl\/?p=56706' aria-hidden='false' data-av_icon='\ue8f1' data-av_iconfont='entypo-fontello' title='' data-avia-related-tooltip='Compartir en Twitter' rel=\"noopener\"><span class='avia_hidden_link_text'>Compartir en Twitter<\/span><\/a><\/li><li class='av-share-link av-social-link-whatsapp' ><a target=\"_blank\" aria-label=\"Compartir en Whatsapp\" href='https:\/\/api.whatsapp.com\/send?text=https:\/\/radiorevelacionfm.cl\/?p=56706' aria-hidden='false' data-av_icon='\uf232' data-av_iconfont='entypo-fontello' title='' data-avia-related-tooltip='Compartir en Whatsapp' rel=\"noopener\"><span class='avia_hidden_link_text'>Compartir en Whatsapp<\/span><\/a><\/li><li class='av-share-link av-social-link-linkedin' ><a target=\"_blank\" aria-label=\"Compartir en LinkedIn\" href='https:\/\/linkedin.com\/shareArticle?mini=true&#038;title=Avances%20CFT%3A%20La%20educaci%C3%B3n%20progresa%20d%C3%ADa%20tras%20d%C3%ADa%20en%20Puerto%20Ays%C3%A9n&#038;url=https:\/\/radiorevelacionfm.cl\/?p=56706' aria-hidden='false' data-av_icon='\ue8fc' data-av_iconfont='entypo-fontello' title='' data-avia-related-tooltip='Compartir en LinkedIn' rel=\"noopener\"><span class='avia_hidden_link_text'>Compartir en LinkedIn<\/span><\/a><\/li><li class='av-share-link av-social-link-mail' ><a  aria-label=\"Compartir por correo\" href='mailto:?subject=Avances%20CFT%3A%20La%20educaci%C3%B3n%20progresa%20d%C3%ADa%20tras%20d%C3%ADa%20en%20Puerto%20Ays%C3%A9n&#038;body=https:\/\/radiorevelacionfm.cl\/?p=56706' aria-hidden='false' data-av_icon='\ue805' data-av_iconfont='entypo-fontello' title='' data-avia-related-tooltip='Compartir por correo'><span class='avia_hidden_link_text'>Compartir por correo<\/span><\/a><\/li><\/ul><\/div><\/div>\n<div  style='height:50px' class='hr hr-invisible   avia-builder-el-8  el_after_av_social_share  el_before_av_comments_list '><span class='hr-inner ' ><span class='hr-inner-style'><\/span><\/span><\/div>\n<div  class='av-buildercomment  av-blog-meta-html-info-disabled av-blog-meta-tag-disabled  '><\/div>\n","protected":false},"excerpt":{"rendered":"","protected":false},"author":1,"featured_media":56707,"comment_status":"closed","ping_status":"closed","sticky":false,"template":"","format":"standard","meta":{"footnotes":""},"categories":[49],"tags":[],"class_list":["post-56706","post","type-post","status-publish","format-standard","has-post-thumbnail","hentry","category-educacion"],"jetpack_featured_media_url":"https:\/\/radiorevelacionfm.cl\/wp-content\/uploads\/2025\/07\/whatsapp-image-2025-07-18-at-18_optimized_optimized.21.05-1-1-1-1.jpeg","_links":{"self":[{"href":"https:\/\/radiorevelacionfm.cl\/index.php?rest_route=\/wp\/v2\/posts\/56706","targetHints":{"allow":["GET"]}}],"collection":[{"href":"https:\/\/radiorevelacionfm.cl\/index.php?rest_route=\/wp\/v2\/posts"}],"about":[{"href":"https:\/\/radiorevelacionfm.cl\/index.php?rest_route=\/wp\/v2\/types\/post"}],"author":[{"embeddable":true,"href":"https:\/\/radiorevelacionfm.cl\/index.php?rest_route=\/wp\/v2\/users\/1"}],"replies":[{"embeddable":true,"href":"https:\/\/radiorevelacionfm.cl\/index.php?rest_route=%2Fwp%2Fv2%2Fcomments&post=56706"}],"version-history":[{"count":2,"href":"https:\/\/radiorevelacionfm.cl\/index.php?rest_route=\/wp\/v2\/posts\/56706\/revisions"}],"predecessor-version":[{"id":56716,"href":"https:\/\/radiorevelacionfm.cl\/index.php?rest_route=\/wp\/v2\/posts\/56706\/revisions\/56716"}],"wp:featuredmedia":[{"embeddable":true,"href":"https:\/\/radiorevelacionfm.cl\/index.php?rest_route=\/wp\/v2\/media\/56707"}],"wp:attachment":[{"href":"https:\/\/radiorevelacionfm.cl\/index.php?rest_route=%2Fwp%2Fv2%2Fmedia&parent=56706"}],"wp:term":[{"taxonomy":"category","embeddable":true,"href":"https:\/\/radiorevelacionfm.cl\/index.php?rest_route=%2Fwp%2Fv2%2Fcategories&post=56706"},{"taxonomy":"post_tag","embeddable":true,"href":"https:\/\/radiorevelacionfm.cl\/index.php?rest_route=%2Fwp%2Fv2%2Ftags&post=56706"}],"curies":[{"name":"wp","href":"https:\/\/api.w.org\/{rel}","templated":true}]}}