{"id":56704,"date":"2025-07-19T12:11:04","date_gmt":"2025-07-19T15:11:04","guid":{"rendered":"https:\/\/radiorevelacionfm.cl\/?p=56704"},"modified":"2025-07-19T12:11:04","modified_gmt":"2025-07-19T15:11:04","slug":"la-implicancia-de-la-regulacion-de-las-zonas-contiguas-para-aysen","status":"publish","type":"post","link":"https:\/\/radiorevelacionfm.cl\/?p=56704","title":{"rendered":"La implicancia de la regulaci\u00f3n de las zonas contiguas para Ays\u00e9n"},"content":{"rendered":"<div class=\"flex_column av_one_full  flex_column_div av-zero-column-padding first  avia-builder-el-0  el_before_av_one_full  avia-builder-el-first  \" style='border-radius:0px; '><div  class='avia-image-container  av-styling-    avia-builder-el-1  avia-builder-el-no-sibling  avia-align-center '  itemprop=\"image\" itemscope=\"itemscope\" itemtype=\"https:\/\/schema.org\/ImageObject\"  ><div class='avia-image-container-inner'><div class='avia-image-overlay-wrap'><img decoding=\"async\" class='wp-image-6866 avia-img-lazy-loading-not-6866 avia_image' src=\"https:\/\/radiorevelacionfm.cl\/wp-content\/uploads\/2021\/07\/Embarcaciones-2-1-1.jpg\" alt='' title='Embarcaciones 2 (1) (1)' height=\"600\" width=\"900\"  itemprop=\"thumbnailUrl\" srcset=\"https:\/\/radiorevelacionfm.cl\/wp-content\/uploads\/2021\/07\/Embarcaciones-2-1-1.jpg 900w, https:\/\/radiorevelacionfm.cl\/wp-content\/uploads\/2021\/07\/Embarcaciones-2-1-1-300x200.jpg 300w, https:\/\/radiorevelacionfm.cl\/wp-content\/uploads\/2021\/07\/Embarcaciones-2-1-1-768x512.jpg 768w, https:\/\/radiorevelacionfm.cl\/wp-content\/uploads\/2021\/07\/Embarcaciones-2-1-1-705x470.jpg 705w, https:\/\/radiorevelacionfm.cl\/wp-content\/uploads\/2021\/07\/Embarcaciones-2-1-1-600x400.jpg 600w\" sizes=\"(max-width: 900px) 100vw, 900px\" \/><\/div><\/div><\/div><\/div><div class=\"flex_column av_one_full  flex_column_div av-zero-column-padding first  avia-builder-el-2  el_after_av_one_full  el_before_av_one_full  column-top-margin\" style='border-radius:0px; '><section class=\"av_textblock_section \"  itemscope=\"itemscope\" itemtype=\"https:\/\/schema.org\/BlogPosting\" itemprop=\"blogPost\" ><div class='avia_textblock  '   itemprop=\"text\" ><p style=\"text-align: center;\"><span style=\"font-size: 18pt;\"><strong>La implicancia de la regulaci\u00f3n de las zonas contiguas para Ays\u00e9n<\/strong><\/span><\/p>\n<div id=\"gtx-trans\" style=\"position: absolute; left: -50px; top: 4.31534px;\">\n<div class=\"gtx-trans-icon\"><\/div>\n<\/div>\n<\/div><\/section><\/div><div class=\"flex_column av_one_full  flex_column_div av-zero-column-padding first  avia-builder-el-4  el_after_av_one_full  el_before_av_hr  column-top-margin\" style='border-radius:0px; '><section class=\"av_textblock_section \"  itemscope=\"itemscope\" itemtype=\"https:\/\/schema.org\/BlogPosting\" itemprop=\"blogPost\" ><div class='avia_textblock  '   itemprop=\"text\" ><p style=\"text-align: justify;\">En la regi\u00f3n de Ays\u00e9n y Los Lagos existe un Comit\u00e9 de Manejo Bent\u00f3nico Birregional, el cual acuerda extender la zona de operaciones de pescadores de Los Lagos hacia la regi\u00f3n de Ays\u00e9n, lo que se denomina \u201czonas contiguas\u201d, en raz\u00f3n de lo dispuesto en el art\u00edculo 50 inciso 5\u00b0 y 6\u00b0, de la Ley General de Pesca.<\/p>\n<p style=\"text-align: justify;\">El 15 de julio de 2025 se public\u00f3 la Resoluci\u00f3n Exenta N\u00b0\u202f1755\u20112025, que aprueba la extensi\u00f3n de la zona de operaciones para pescadores artesanales de Los Lagos, para el ejercicio de la pesca artesanal de almeja, erizo y luga roja. El documento identifica los l\u00edmites geogr\u00e1ficos de esta zona contigua, lo que ha generado molestia por parte de pescadores de Ays\u00e9n. Cabe se\u00f1alar, que los l\u00edmites son los mismos establecidos mediante Resoluci\u00f3n Exenta 1243 del a\u00f1o 2023, que aprob\u00f3 el Acuerdo de Zona Contigua ese a\u00f1o.<\/p>\n<p style=\"text-align: justify;\">Sobre esto, el Director Zonal de Pesca, Blas Quiroga, se\u00f1al\u00f3 \u201cquer\u00eda referirme al extracto de documento que est\u00e1 dando vuelta en redes sociales el cual dice relaci\u00f3n con la Resoluci\u00f3n Exenta 1755 del a\u00f1o 2025, la cual viene a aprobar la extensi\u00f3n de zona de operaciones de pescadores de Los Lagos en la regi\u00f3n de Ays\u00e9n o tambi\u00e9n llamada zona contigua. Respecto a la misma, quiero aclarar que el acuerdo logrado dentro del marco del Comit\u00e9 de Manejo Birregional, Los Lagos &#8211; Ays\u00e9n y zona contigua, dice relaci\u00f3n con tres recursos principalmente, los cuales son: luga roja, almeja, y erizo. Se garantizar\u00e1 la sustentabilidad y el esfuerzo pesquero a trav\u00e9s de, por ejemplo, que por d\u00eda solo pueden ingresar trescientos buzos autorizados, los cuales deben pasar y acreditarse ante el Servicio Nacional de Pesca que tiene sus oficinas en Melinka.<\/p>\n<p style=\"text-align: justify;\">Agreg\u00f3 \u201cRespecto a la zona geogr\u00e1fica donde se podr\u00e1 operar por parte de los pescadores de Los Lagos, es la misma zona geogr\u00e1fica, ni m\u00e1s ni menos, que la del anterior acuerdo del a\u00f1o 2023. Y respecto a la vigencia del acuerdo, este tendr\u00e1 una vigencia hasta el 31 de diciembre del a\u00f1o 2027\u201d.<\/p>\n<p style=\"text-align: justify;\">Con esto, se logra un acceso regulado a los recursos que podr\u00e1n obtener los pescadores, estableciendo un marco normativo delimitado, garantizando la sustentabilidad de los recursos y un esfuerzo pesquero acorde con la realidad de los mismos.<\/p>\n<\/div><\/section><\/div><div  style='height:50px' class='hr hr-invisible   avia-builder-el-6  el_after_av_one_full  el_before_av_social_share '><span class='hr-inner ' ><span class='hr-inner-style'><\/span><\/span><\/div><\/p>\n<div  class='av-social-sharing-box  avia-builder-el-7  el_after_av_hr  el_before_av_hr  '><div class='av-share-box'><h5 class='av-share-link-description av-no-toc '>Compartir esta noticia<\/h5><ul class='av-share-box-list noLightbox'><li class='av-share-link av-social-link-facebook' ><a target=\"_blank\" aria-label=\"Compartir en Facebook\" href='https:\/\/www.facebook.com\/sharer.php?u=https:\/\/radiorevelacionfm.cl\/?p=56704&#038;t=La%20implicancia%20de%20la%20regulaci%C3%B3n%20de%20las%20zonas%20contiguas%20para%20Ays%C3%A9n' aria-hidden='false' data-av_icon='\ue8f3' data-av_iconfont='entypo-fontello' title='' data-avia-related-tooltip='Compartir en Facebook' rel=\"noopener\"><span class='avia_hidden_link_text'>Compartir en Facebook<\/span><\/a><\/li><li class='av-share-link av-social-link-twitter' ><a target=\"_blank\" aria-label=\"Compartir en Twitter\" href='https:\/\/twitter.com\/share?text=La%20implicancia%20de%20la%20regulaci%C3%B3n%20de%20las%20zonas%20contiguas%20para%20Ays%C3%A9n&#038;url=https:\/\/radiorevelacionfm.cl\/?p=56704' aria-hidden='false' data-av_icon='\ue8f1' data-av_iconfont='entypo-fontello' title='' data-avia-related-tooltip='Compartir en Twitter' rel=\"noopener\"><span class='avia_hidden_link_text'>Compartir en Twitter<\/span><\/a><\/li><li class='av-share-link av-social-link-whatsapp' ><a target=\"_blank\" aria-label=\"Compartir en Whatsapp\" href='https:\/\/api.whatsapp.com\/send?text=https:\/\/radiorevelacionfm.cl\/?p=56704' aria-hidden='false' data-av_icon='\uf232' data-av_iconfont='entypo-fontello' title='' data-avia-related-tooltip='Compartir en Whatsapp' rel=\"noopener\"><span class='avia_hidden_link_text'>Compartir en Whatsapp<\/span><\/a><\/li><li class='av-share-link av-social-link-linkedin' ><a target=\"_blank\" aria-label=\"Compartir en LinkedIn\" href='https:\/\/linkedin.com\/shareArticle?mini=true&#038;title=La%20implicancia%20de%20la%20regulaci%C3%B3n%20de%20las%20zonas%20contiguas%20para%20Ays%C3%A9n&#038;url=https:\/\/radiorevelacionfm.cl\/?p=56704' aria-hidden='false' data-av_icon='\ue8fc' data-av_iconfont='entypo-fontello' title='' data-avia-related-tooltip='Compartir en LinkedIn' rel=\"noopener\"><span class='avia_hidden_link_text'>Compartir en LinkedIn<\/span><\/a><\/li><li class='av-share-link av-social-link-mail' ><a  aria-label=\"Compartir por correo\" href='mailto:?subject=La%20implicancia%20de%20la%20regulaci%C3%B3n%20de%20las%20zonas%20contiguas%20para%20Ays%C3%A9n&#038;body=https:\/\/radiorevelacionfm.cl\/?p=56704' aria-hidden='false' data-av_icon='\ue805' data-av_iconfont='entypo-fontello' title='' data-avia-related-tooltip='Compartir por correo'><span class='avia_hidden_link_text'>Compartir por correo<\/span><\/a><\/li><\/ul><\/div><\/div>\n<div  style='height:50px' class='hr hr-invisible   avia-builder-el-8  el_after_av_social_share  el_before_av_comments_list '><span class='hr-inner ' ><span class='hr-inner-style'><\/span><\/span><\/div>\n<div  class='av-buildercomment  av-blog-meta-html-info-disabled av-blog-meta-tag-disabled  '><\/div>\n","protected":false},"excerpt":{"rendered":"","protected":false},"author":1,"featured_media":6866,"comment_status":"closed","ping_status":"closed","sticky":false,"template":"","format":"standard","meta":{"footnotes":""},"categories":[60],"tags":[],"class_list":["post-56704","post","type-post","status-publish","format-standard","has-post-thumbnail","hentry","category-pesca"],"jetpack_featured_media_url":"https:\/\/radiorevelacionfm.cl\/wp-content\/uploads\/2021\/07\/Embarcaciones-2-1-1.jpg","_links":{"self":[{"href":"https:\/\/radiorevelacionfm.cl\/index.php?rest_route=\/wp\/v2\/posts\/56704","targetHints":{"allow":["GET"]}}],"collection":[{"href":"https:\/\/radiorevelacionfm.cl\/index.php?rest_route=\/wp\/v2\/posts"}],"about":[{"href":"https:\/\/radiorevelacionfm.cl\/index.php?rest_route=\/wp\/v2\/types\/post"}],"author":[{"embeddable":true,"href":"https:\/\/radiorevelacionfm.cl\/index.php?rest_route=\/wp\/v2\/users\/1"}],"replies":[{"embeddable":true,"href":"https:\/\/radiorevelacionfm.cl\/index.php?rest_route=%2Fwp%2Fv2%2Fcomments&post=56704"}],"version-history":[{"count":2,"href":"https:\/\/radiorevelacionfm.cl\/index.php?rest_route=\/wp\/v2\/posts\/56704\/revisions"}],"predecessor-version":[{"id":56709,"href":"https:\/\/radiorevelacionfm.cl\/index.php?rest_route=\/wp\/v2\/posts\/56704\/revisions\/56709"}],"wp:featuredmedia":[{"embeddable":true,"href":"https:\/\/radiorevelacionfm.cl\/index.php?rest_route=\/wp\/v2\/media\/6866"}],"wp:attachment":[{"href":"https:\/\/radiorevelacionfm.cl\/index.php?rest_route=%2Fwp%2Fv2%2Fmedia&parent=56704"}],"wp:term":[{"taxonomy":"category","embeddable":true,"href":"https:\/\/radiorevelacionfm.cl\/index.php?rest_route=%2Fwp%2Fv2%2Fcategories&post=56704"},{"taxonomy":"post_tag","embeddable":true,"href":"https:\/\/radiorevelacionfm.cl\/index.php?rest_route=%2Fwp%2Fv2%2Ftags&post=56704"}],"curies":[{"name":"wp","href":"https:\/\/api.w.org\/{rel}","templated":true}]}}