{"id":56699,"date":"2025-07-18T16:30:01","date_gmt":"2025-07-18T19:30:01","guid":{"rendered":"https:\/\/radiorevelacionfm.cl\/?p=56699"},"modified":"2025-07-18T16:30:01","modified_gmt":"2025-07-18T19:30:01","slug":"gobierno-valora-y-suma-acciones-a-iniciativa-municipal-centro-de-montana-comunitario-divisadero","status":"publish","type":"post","link":"https:\/\/radiorevelacionfm.cl\/?p=56699","title":{"rendered":"Gobierno valora y suma acciones a iniciativa municipal \u00abCentro de Monta\u00f1a Comunitario Divisadero\u00bb"},"content":{"rendered":"<div class=\"flex_column av_one_full  flex_column_div av-zero-column-padding first  avia-builder-el-0  el_before_av_one_full  avia-builder-el-first  \" style='border-radius:0px; '><div  class='avia-image-container  av-styling-    avia-builder-el-1  avia-builder-el-no-sibling  avia-align-center '  itemprop=\"image\" itemscope=\"itemscope\" itemtype=\"https:\/\/schema.org\/ImageObject\"  ><div class='avia-image-container-inner'><div class='avia-image-overlay-wrap'><img decoding=\"async\" class='wp-image-56700 avia-img-lazy-loading-not-56700 avia_image' src=\"https:\/\/radiorevelacionfm.cl\/wp-content\/uploads\/2025\/07\/centro-de-montana-4-1_optimized-1.jpeg\" alt='' title='centro-de-monta\u00f1a-4-(1)_optimized (1)' height=\"600\" width=\"916\"  itemprop=\"thumbnailUrl\" srcset=\"https:\/\/radiorevelacionfm.cl\/wp-content\/uploads\/2025\/07\/centro-de-montana-4-1_optimized-1.jpeg 916w, https:\/\/radiorevelacionfm.cl\/wp-content\/uploads\/2025\/07\/centro-de-montana-4-1_optimized-1-300x197.jpeg 300w, https:\/\/radiorevelacionfm.cl\/wp-content\/uploads\/2025\/07\/centro-de-montana-4-1_optimized-1-768x503.jpeg 768w, https:\/\/radiorevelacionfm.cl\/wp-content\/uploads\/2025\/07\/centro-de-montana-4-1_optimized-1-705x462.jpeg 705w, https:\/\/radiorevelacionfm.cl\/wp-content\/uploads\/2025\/07\/centro-de-montana-4-1_optimized-1-450x295.jpeg 450w, https:\/\/radiorevelacionfm.cl\/wp-content\/uploads\/2025\/07\/centro-de-montana-4-1_optimized-1-600x393.jpeg 600w\" sizes=\"(max-width: 916px) 100vw, 916px\" \/><\/div><\/div><\/div><\/div><div class=\"flex_column av_one_full  flex_column_div av-zero-column-padding first  avia-builder-el-2  el_after_av_one_full  el_before_av_one_full  column-top-margin\" style='border-radius:0px; '><section class=\"av_textblock_section \"  itemscope=\"itemscope\" itemtype=\"https:\/\/schema.org\/BlogPosting\" itemprop=\"blogPost\" ><div class='avia_textblock  '   itemprop=\"text\" ><p style=\"text-align: center;\"><strong><span style=\"font-size: 18pt;\">Gobierno valora y suma acciones a iniciativa municipal \u00abCentro de Monta\u00f1a Comunitario Divisadero\u00bb<\/span><\/strong><\/p>\n<div id=\"gtx-trans\" style=\"position: absolute; left: -50px; top: 4.31534px;\">\n<div class=\"gtx-trans-icon\"><\/div>\n<\/div>\n<\/div><\/section><\/div><div class=\"flex_column av_one_full  flex_column_div av-zero-column-padding first  avia-builder-el-4  el_after_av_one_full  el_before_av_hr  column-top-margin\" style='border-radius:0px; '><section class=\"av_textblock_section \"  itemscope=\"itemscope\" itemtype=\"https:\/\/schema.org\/BlogPosting\" itemprop=\"blogPost\" ><div class='avia_textblock  '   itemprop=\"text\" ><p style=\"text-align: justify;\">Las intensas precipitaciones no fue impedimento para visitar las instalaciones del ahora Centro de Monta\u00f1a Comunitario Divisadero, una iniciativa que impulsa la Municipalidad de Coyhaique con el objetivo de diversificar este espacio recreativo ampli\u00e1ndolo a m\u00e1s deportes, con un sello comunitario.<\/p>\n<p style=\"text-align: justify;\">Es as\u00ed que invitados por el alcalde Carlos Gatica a conocer las instalaciones del Centro de Monta\u00f1a, asistieron el Delegado Presidencial Regional Jorge D\u00edaz, la Seremi (S) de Deportes Karina Acevedo, el director del Instituto Nacional del Deporte, IND Javier Medina, organizaciones civiles, tur\u00edsticos y deportivos, todos quienes a trav\u00e9s de una instancia de di\u00e1logo aportaron con ideas para seguir mejorando el espacio.<\/p>\n<p style=\"text-align: justify;\">El delegado Presidencial Regional, Jorge D\u00edaz Guzm\u00e1n se\u00f1al\u00f3 que, un conjunto de instituciones competentes, contribuir\u00e1n al desarrollo de actividades en el Centro de Monta\u00f1a Comunitario Divisadero de Coyhaique. Entre ellas, Seremi de Deporte e IND, pero tambi\u00e9n Senapred, SLEP, Seremis de Medio Ambiente y de Desarrollo Social, adem\u00e1s de buscarse el aporte de la Universidad de Ays\u00e9n y CIEP.<\/p>\n<p style=\"text-align: justify;\">\u00abHemos comprometido la participaci\u00f3n del Ejecutivo a trav\u00e9s de varias entidades. Vamos a hacer un trabajo conjunto con el municipio y con quienes van a administrar este centro, para darle seguridad y, por otra parte, propiciar el desarrollo de actividades recreativas que, adem\u00e1s, contribuyan a la formaci\u00f3n de nuestras juventudes\u00bb, indic\u00f3.<\/p>\n<p style=\"text-align: justify;\">Actualmente el Centro de Monta\u00f1a se encuentra entregado en Comodato a la Ilustre Municipalidad de Coyhaique desde el Instituto Nacional del Deportes, es as\u00ed que su director regional, Javier Medina se\u00f1al\u00f3 que \u00bb Estamos con la Seremi Karina Acevedo que est\u00e1 subrogando a la Seremi del Deporte viendo en terreno lo que ha hecho el municipio y estamos gratamente satisfechos de lo que se ha logrado, se han mejorado las instalaciones, se han resguardado los espacios, as\u00ed que muy contentos de que este terreno pueda estar disponible a la comunidad y no solo en invierno, sino que tambi\u00e9n en verano. Es importante mencionar que, si bien este recinto se inicia como centro de Monta\u00f1a, de esqu\u00ed, hoy en d\u00eda se busca diversificar la oferta con m\u00e1s deportes y sobre todo disponible a toda la comunidad\u00bb.<\/p>\n<p style=\"text-align: justify;\">En su calidad de Seremi Subrogante del Deporte, Karina Acevedo finaliz\u00f3 \u00abEste Centro de Monta\u00f1a Comunitario va a dar respuesta a lo que tantas veces hemos escuchado como solicitud a lo largo del territorio regional de poder contar con un espacio de esparcimiento para los j\u00f3venes, adultos y personas mayores, que todos pueden conectarse con las diferentes actividades que pueden realizarse\u00a0 en la monta\u00f1a y hoy estamos dando este puntapi\u00e9 inicial con el convenio entre IND y la Municipalidad de Coyhaique, pero detr\u00e1s se viene un tremendo trabajo colaborativo del gobierno, porque sin duda el bien mayor est\u00e1 en nuestra comunidad\u00bb.<\/p>\n<\/div><\/section><\/div><div  style='height:50px' class='hr hr-invisible   avia-builder-el-6  el_after_av_one_full  el_before_av_social_share '><span class='hr-inner ' ><span class='hr-inner-style'><\/span><\/span><\/div><\/p>\n<div  class='av-social-sharing-box  avia-builder-el-7  el_after_av_hr  el_before_av_hr  '><div class='av-share-box'><h5 class='av-share-link-description av-no-toc '>Compartir esta noticia<\/h5><ul class='av-share-box-list noLightbox'><li class='av-share-link av-social-link-facebook' ><a target=\"_blank\" aria-label=\"Compartir en Facebook\" href='https:\/\/www.facebook.com\/sharer.php?u=https:\/\/radiorevelacionfm.cl\/?p=56699&#038;t=Gobierno%20valora%20y%20suma%20acciones%20a%20iniciativa%20municipal%20%C2%ABCentro%20de%20Monta%C3%B1a%20Comunitario%20Divisadero%C2%BB' aria-hidden='false' data-av_icon='\ue8f3' data-av_iconfont='entypo-fontello' title='' data-avia-related-tooltip='Compartir en Facebook' rel=\"noopener\"><span class='avia_hidden_link_text'>Compartir en Facebook<\/span><\/a><\/li><li class='av-share-link av-social-link-twitter' ><a target=\"_blank\" aria-label=\"Compartir en Twitter\" href='https:\/\/twitter.com\/share?text=Gobierno%20valora%20y%20suma%20acciones%20a%20iniciativa%20municipal%20%C2%ABCentro%20de%20Monta%C3%B1a%20Comunitario%20Divisadero%C2%BB&#038;url=https:\/\/radiorevelacionfm.cl\/?p=56699' aria-hidden='false' data-av_icon='\ue8f1' data-av_iconfont='entypo-fontello' title='' data-avia-related-tooltip='Compartir en Twitter' rel=\"noopener\"><span class='avia_hidden_link_text'>Compartir en Twitter<\/span><\/a><\/li><li class='av-share-link av-social-link-whatsapp' ><a target=\"_blank\" aria-label=\"Compartir en Whatsapp\" href='https:\/\/api.whatsapp.com\/send?text=https:\/\/radiorevelacionfm.cl\/?p=56699' aria-hidden='false' data-av_icon='\uf232' data-av_iconfont='entypo-fontello' title='' data-avia-related-tooltip='Compartir en Whatsapp' rel=\"noopener\"><span class='avia_hidden_link_text'>Compartir en Whatsapp<\/span><\/a><\/li><li class='av-share-link av-social-link-linkedin' ><a target=\"_blank\" aria-label=\"Compartir en LinkedIn\" href='https:\/\/linkedin.com\/shareArticle?mini=true&#038;title=Gobierno%20valora%20y%20suma%20acciones%20a%20iniciativa%20municipal%20%C2%ABCentro%20de%20Monta%C3%B1a%20Comunitario%20Divisadero%C2%BB&#038;url=https:\/\/radiorevelacionfm.cl\/?p=56699' aria-hidden='false' data-av_icon='\ue8fc' data-av_iconfont='entypo-fontello' title='' data-avia-related-tooltip='Compartir en LinkedIn' rel=\"noopener\"><span class='avia_hidden_link_text'>Compartir en LinkedIn<\/span><\/a><\/li><li class='av-share-link av-social-link-mail' ><a  aria-label=\"Compartir por correo\" href='mailto:?subject=Gobierno%20valora%20y%20suma%20acciones%20a%20iniciativa%20municipal%20%C2%ABCentro%20de%20Monta%C3%B1a%20Comunitario%20Divisadero%C2%BB&#038;body=https:\/\/radiorevelacionfm.cl\/?p=56699' aria-hidden='false' data-av_icon='\ue805' data-av_iconfont='entypo-fontello' title='' data-avia-related-tooltip='Compartir por correo'><span class='avia_hidden_link_text'>Compartir por correo<\/span><\/a><\/li><\/ul><\/div><\/div>\n<div  style='height:50px' class='hr hr-invisible   avia-builder-el-8  el_after_av_social_share  el_before_av_comments_list '><span class='hr-inner ' ><span class='hr-inner-style'><\/span><\/span><\/div>\n<div  class='av-buildercomment  av-blog-meta-html-info-disabled av-blog-meta-tag-disabled  '><\/div>\n","protected":false},"excerpt":{"rendered":"","protected":false},"author":1,"featured_media":56700,"comment_status":"closed","ping_status":"closed","sticky":false,"template":"","format":"standard","meta":{"footnotes":""},"categories":[38],"tags":[],"class_list":["post-56699","post","type-post","status-publish","format-standard","has-post-thumbnail","hentry","category-regional"],"jetpack_featured_media_url":"https:\/\/radiorevelacionfm.cl\/wp-content\/uploads\/2025\/07\/centro-de-montana-4-1_optimized-1.jpeg","_links":{"self":[{"href":"https:\/\/radiorevelacionfm.cl\/index.php?rest_route=\/wp\/v2\/posts\/56699","targetHints":{"allow":["GET"]}}],"collection":[{"href":"https:\/\/radiorevelacionfm.cl\/index.php?rest_route=\/wp\/v2\/posts"}],"about":[{"href":"https:\/\/radiorevelacionfm.cl\/index.php?rest_route=\/wp\/v2\/types\/post"}],"author":[{"embeddable":true,"href":"https:\/\/radiorevelacionfm.cl\/index.php?rest_route=\/wp\/v2\/users\/1"}],"replies":[{"embeddable":true,"href":"https:\/\/radiorevelacionfm.cl\/index.php?rest_route=%2Fwp%2Fv2%2Fcomments&post=56699"}],"version-history":[{"count":2,"href":"https:\/\/radiorevelacionfm.cl\/index.php?rest_route=\/wp\/v2\/posts\/56699\/revisions"}],"predecessor-version":[{"id":56702,"href":"https:\/\/radiorevelacionfm.cl\/index.php?rest_route=\/wp\/v2\/posts\/56699\/revisions\/56702"}],"wp:featuredmedia":[{"embeddable":true,"href":"https:\/\/radiorevelacionfm.cl\/index.php?rest_route=\/wp\/v2\/media\/56700"}],"wp:attachment":[{"href":"https:\/\/radiorevelacionfm.cl\/index.php?rest_route=%2Fwp%2Fv2%2Fmedia&parent=56699"}],"wp:term":[{"taxonomy":"category","embeddable":true,"href":"https:\/\/radiorevelacionfm.cl\/index.php?rest_route=%2Fwp%2Fv2%2Fcategories&post=56699"},{"taxonomy":"post_tag","embeddable":true,"href":"https:\/\/radiorevelacionfm.cl\/index.php?rest_route=%2Fwp%2Fv2%2Ftags&post=56699"}],"curies":[{"name":"wp","href":"https:\/\/api.w.org\/{rel}","templated":true}]}}