{"id":56695,"date":"2025-07-18T16:07:46","date_gmt":"2025-07-18T19:07:46","guid":{"rendered":"https:\/\/radiorevelacionfm.cl\/?p=56695"},"modified":"2025-07-18T16:07:46","modified_gmt":"2025-07-18T19:07:46","slug":"aserraderos-y-mueblerias-de-aysen-fortalecen-capacidades-tecnologicas-con-apoyo-de-programa-corfo","status":"publish","type":"post","link":"https:\/\/radiorevelacionfm.cl\/?p=56695","title":{"rendered":"Aserraderos y muebler\u00edas de Ays\u00e9n fortalecen capacidades tecnol\u00f3gicas con apoyo de programa Corfo"},"content":{"rendered":"<div class=\"flex_column av_one_full  flex_column_div av-zero-column-padding first  avia-builder-el-0  el_before_av_one_full  avia-builder-el-first  \" style='border-radius:0px; '><div  class='avia-image-container  av-styling-    avia-builder-el-1  avia-builder-el-no-sibling  avia-align-center '  itemprop=\"image\" itemscope=\"itemscope\" itemtype=\"https:\/\/schema.org\/ImageObject\"  ><div class='avia-image-container-inner'><div class='avia-image-overlay-wrap'><img decoding=\"async\" class='wp-image-56696 avia-img-lazy-loading-not-56696 avia_image' src=\"https:\/\/radiorevelacionfm.cl\/wp-content\/uploads\/2025\/07\/8-43-1-1_optimized.jpg\" alt='' title='8-(43)-(1)-(1)_optimized' height=\"600\" width=\"1084\"  itemprop=\"thumbnailUrl\" srcset=\"https:\/\/radiorevelacionfm.cl\/wp-content\/uploads\/2025\/07\/8-43-1-1_optimized.jpg 1084w, https:\/\/radiorevelacionfm.cl\/wp-content\/uploads\/2025\/07\/8-43-1-1_optimized-300x166.jpg 300w, https:\/\/radiorevelacionfm.cl\/wp-content\/uploads\/2025\/07\/8-43-1-1_optimized-1030x570.jpg 1030w, https:\/\/radiorevelacionfm.cl\/wp-content\/uploads\/2025\/07\/8-43-1-1_optimized-768x425.jpg 768w, https:\/\/radiorevelacionfm.cl\/wp-content\/uploads\/2025\/07\/8-43-1-1_optimized-705x390.jpg 705w, https:\/\/radiorevelacionfm.cl\/wp-content\/uploads\/2025\/07\/8-43-1-1_optimized-450x249.jpg 450w, https:\/\/radiorevelacionfm.cl\/wp-content\/uploads\/2025\/07\/8-43-1-1_optimized-600x332.jpg 600w\" sizes=\"(max-width: 1084px) 100vw, 1084px\" \/><\/div><\/div><\/div><\/div><div class=\"flex_column av_one_full  flex_column_div av-zero-column-padding first  avia-builder-el-2  el_after_av_one_full  el_before_av_one_full  column-top-margin\" style='border-radius:0px; '><section class=\"av_textblock_section \"  itemscope=\"itemscope\" itemtype=\"https:\/\/schema.org\/BlogPosting\" itemprop=\"blogPost\" ><div class='avia_textblock  '   itemprop=\"text\" ><p style=\"text-align: center;\"><span style=\"font-size: 18pt;\"><b>Aserraderos y muebler\u00edas de Ays\u00e9n fortalecen capacidades tecnol\u00f3gicas con apoyo de programa Corfo<\/b><\/span><\/p>\n<div id=\"gtx-trans\" style=\"position: absolute; left: -50px; top: 4.31534px;\">\n<div class=\"gtx-trans-icon\"><\/div>\n<\/div>\n<\/div><\/section><\/div><div class=\"flex_column av_one_full  flex_column_div av-zero-column-padding first  avia-builder-el-4  el_after_av_one_full  el_before_av_hr  column-top-margin\" style='border-radius:0px; '><section class=\"av_textblock_section \"  itemscope=\"itemscope\" itemtype=\"https:\/\/schema.org\/BlogPosting\" itemprop=\"blogPost\" ><div class='avia_textblock  '   itemprop=\"text\" ><p class=\"v1MsoNormal\" style=\"text-align: justify;\"><i>Con foco en la innovaci\u00f3n, la eficiencia productiva y el encadenamiento territorial, m\u00e1s de 20 personas beneficiarias participaron en jornadas te\u00f3rico-pr\u00e1cticas desarrolladas entre mayo y junio en Coyhaique y Valle Simpson.<\/i><\/p>\n<p class=\"v1MsoNormal\" style=\"text-align: justify;\">Contribuir al cierre de brechas tecnol\u00f3gicas y generar capacidades pr\u00e1cticas para el desarrollo del sector forestal regional fueron los principales objetivos del ciclo de capacitaciones impulsado por el programa PDT \u00abTecnolog\u00eda para Aserraderos y Muebler\u00edas Regi\u00f3n de Ays\u00e9n\u00bb, iniciativa liderada por R\u00edo Sur Consultores con el respaldo de Corfo y otras entidades p\u00fablicas. Esta iniciativa se enmarca en el desarrollo de los objetivos y lineamientos del Programa Territorial Integrado (PTI) \u00abDesarrollo de la Industria del Aserr\u00edo Regi\u00f3n de Ays\u00e9n\u00bb.<\/p>\n<p class=\"v1MsoNormal\" style=\"text-align: justify;\">Durante los meses de mayo y junio se realizaron m\u00f3dulos formativos dirigidos a personas que se desempe\u00f1an en aserraderos y muebler\u00edas, as\u00ed como a estudiantes de educaci\u00f3n superior vinculados al \u00e1rea. Las actividades se llevaron a cabo en Coyhaique, Valle Simpson y en dependencias de empresas locales, combinando contenidos te\u00f3ricos y visitas t\u00e9cnicas en terreno.<\/p>\n<p class=\"v1MsoNormal\" style=\"text-align: justify;\">\u00abDise\u00f1amos este programa en base a un diagn\u00f3stico claro: existen brechas en tecnolog\u00eda, dise\u00f1o, secado y comercializaci\u00f3n que limitan el desarrollo del sector. Por eso buscamos ofrecer herramientas \u00fatiles, con un enfoque pr\u00e1ctico y aplicado a las realidades locales\u00bb, explic\u00f3 Jos\u00e9 Aldunate, dise\u00f1ador industrial y director del proyecto.<\/p>\n<p class=\"v1MsoNormal\" style=\"text-align: justify;\"><span lang=\"es-419\">Desde Corfo destacaron que este tipo de iniciativas permiten avanzar en la diversificaci\u00f3n productiva de la regi\u00f3n, articulando capacidades locales y generando herramientas pr\u00e1cticas para el desarrollo de sectores clave. En palabras del director de Corfo Ays\u00e9n, Humberto Mar\u00edn, \u00abla innovaci\u00f3n no est\u00e1 solo en grandes centros urbanos; tambi\u00e9n ocurre en territorios como el nuestro, cuando entregamos conocimientos y tecnolog\u00eda a quienes producen desde el bosque y la madera\u00bb. Para Mar\u00edn, estos espacios formativos \u00abno solo fortalecen las competencias t\u00e9cnicas, sino que tambi\u00e9n abren caminos para una industria m\u00e1s sostenible, conectada y con identidad local\u00bb.<\/span><\/p>\n<p class=\"v1MsoNormal\" style=\"text-align: justify;\">El primer m\u00f3dulo, realizado en las oficinas de R\u00edo Sur Consultores, se enfoc\u00f3 en tecnolog\u00edas para la industria del aserr\u00edo. Participaron m\u00e1s de 20 personas, entre estudiantes de la Universidad de Ays\u00e9n y personas beneficiarias directas del programa. La formaci\u00f3n estuvo a cargo del ingeniero forestal \u00c1ngel Roa Zambrano, especialista en procesos de aserr\u00edo y secado de madera.<\/p>\n<p class=\"v1MsoNormal\" style=\"text-align: justify;\">Al d\u00eda siguiente, el grupo realiz\u00f3 una visita t\u00e9cnica al aserradero de la empresa Macovik, ubicado en Valle Simpson, donde conocieron los procesos productivos y las innovaciones implementadas en la planta. En la ocasi\u00f3n, Mabel Baeza y V\u00edctor de la Guarda, personas socias de la empresa y participantes del PDT, valoraron la oportunidad de compartir experiencias y generar redes entre actores del sector. \u00abEstas jornadas nos permiten crecer como gremio y aprender de otras miradas para avanzar juntas y juntos en el desarrollo de la industria regional\u00bb, se\u00f1alaron.<\/p>\n<p class=\"v1MsoNormal\" style=\"text-align: justify;\">El ciclo continu\u00f3 con una capacitaci\u00f3n sobre muebler\u00eda, liderada por el especialista Jos\u00e9 Donoso, quien abord\u00f3 desde t\u00e9cnicas tradicionales hasta herramientas digitales de dise\u00f1o. Las sesiones culminaron con una visita a la empresa Trazosur, en la Recta Foitzick de Coyhaique, donde el grupo pudo conocer tecnolog\u00edas de corte CNC y procesos de dise\u00f1o digital de vanguardia.<\/p>\n<p class=\"v1MsoNormal\" style=\"text-align: justify;\">Finalmente, se desarroll\u00f3 el \u00faltimo m\u00f3dulo, a cargo del ingeniero comercial Arturo del R\u00edo, centrado en inversi\u00f3n tecnol\u00f3gica y formulaci\u00f3n de proyectos. Esta instancia gener\u00f3 un espacio de di\u00e1logo en torno a las necesidades del rubro y el rol que deber\u00edan asumir las pol\u00edticas p\u00fablicas en el fortalecimiento del sector. \u00abEs clave que el financiamiento est\u00e9 alineado con los desaf\u00edos del territorio. Necesitamos innovaci\u00f3n, pero tambi\u00e9n apoyo concreto para dar ese salto\u00bb, reflexion\u00f3 una de las personas participantes.<\/p>\n<p class=\"v1MsoNormal\" style=\"text-align: justify;\">El programa fue ampliamente valorado por quienes asistieron, no solo por su aplicabilidad, sino tambi\u00e9n por propiciar el intercambio de conocimientos, visibilizar buenas pr\u00e1cticas y poner en el centro la sostenibilidad y la eficiencia como pilares del desarrollo forestal de Ays\u00e9n.<\/p>\n<\/div><\/section><\/div><div  style='height:50px' class='hr hr-invisible   avia-builder-el-6  el_after_av_one_full  el_before_av_social_share '><span class='hr-inner ' ><span class='hr-inner-style'><\/span><\/span><\/div><\/p>\n<div  class='av-social-sharing-box  avia-builder-el-7  el_after_av_hr  el_before_av_hr  '><div class='av-share-box'><h5 class='av-share-link-description av-no-toc '>Compartir esta noticia<\/h5><ul class='av-share-box-list noLightbox'><li class='av-share-link av-social-link-facebook' ><a target=\"_blank\" aria-label=\"Compartir en Facebook\" href='https:\/\/www.facebook.com\/sharer.php?u=https:\/\/radiorevelacionfm.cl\/?p=56695&#038;t=Aserraderos%20y%20muebler%C3%ADas%20de%20Ays%C3%A9n%20fortalecen%20capacidades%20tecnol%C3%B3gicas%20con%20apoyo%20de%20programa%20Corfo' aria-hidden='false' data-av_icon='\ue8f3' data-av_iconfont='entypo-fontello' title='' data-avia-related-tooltip='Compartir en Facebook' rel=\"noopener\"><span class='avia_hidden_link_text'>Compartir en Facebook<\/span><\/a><\/li><li class='av-share-link av-social-link-twitter' ><a target=\"_blank\" aria-label=\"Compartir en Twitter\" href='https:\/\/twitter.com\/share?text=Aserraderos%20y%20muebler%C3%ADas%20de%20Ays%C3%A9n%20fortalecen%20capacidades%20tecnol%C3%B3gicas%20con%20apoyo%20de%20programa%20Corfo&#038;url=https:\/\/radiorevelacionfm.cl\/?p=56695' aria-hidden='false' data-av_icon='\ue8f1' data-av_iconfont='entypo-fontello' title='' data-avia-related-tooltip='Compartir en Twitter' rel=\"noopener\"><span class='avia_hidden_link_text'>Compartir en Twitter<\/span><\/a><\/li><li class='av-share-link av-social-link-whatsapp' ><a target=\"_blank\" aria-label=\"Compartir en Whatsapp\" href='https:\/\/api.whatsapp.com\/send?text=https:\/\/radiorevelacionfm.cl\/?p=56695' aria-hidden='false' data-av_icon='\uf232' data-av_iconfont='entypo-fontello' title='' data-avia-related-tooltip='Compartir en Whatsapp' rel=\"noopener\"><span class='avia_hidden_link_text'>Compartir en Whatsapp<\/span><\/a><\/li><li class='av-share-link av-social-link-linkedin' ><a target=\"_blank\" aria-label=\"Compartir en LinkedIn\" href='https:\/\/linkedin.com\/shareArticle?mini=true&#038;title=Aserraderos%20y%20muebler%C3%ADas%20de%20Ays%C3%A9n%20fortalecen%20capacidades%20tecnol%C3%B3gicas%20con%20apoyo%20de%20programa%20Corfo&#038;url=https:\/\/radiorevelacionfm.cl\/?p=56695' aria-hidden='false' data-av_icon='\ue8fc' data-av_iconfont='entypo-fontello' title='' data-avia-related-tooltip='Compartir en LinkedIn' rel=\"noopener\"><span class='avia_hidden_link_text'>Compartir en LinkedIn<\/span><\/a><\/li><li class='av-share-link av-social-link-mail' ><a  aria-label=\"Compartir por correo\" href='mailto:?subject=Aserraderos%20y%20muebler%C3%ADas%20de%20Ays%C3%A9n%20fortalecen%20capacidades%20tecnol%C3%B3gicas%20con%20apoyo%20de%20programa%20Corfo&#038;body=https:\/\/radiorevelacionfm.cl\/?p=56695' aria-hidden='false' data-av_icon='\ue805' data-av_iconfont='entypo-fontello' title='' data-avia-related-tooltip='Compartir por correo'><span class='avia_hidden_link_text'>Compartir por correo<\/span><\/a><\/li><\/ul><\/div><\/div>\n<div  style='height:50px' class='hr hr-invisible   avia-builder-el-8  el_after_av_social_share  el_before_av_comments_list '><span class='hr-inner ' ><span class='hr-inner-style'><\/span><\/span><\/div>\n<div  class='av-buildercomment  av-blog-meta-html-info-disabled av-blog-meta-tag-disabled  '><\/div>\n","protected":false},"excerpt":{"rendered":"","protected":false},"author":1,"featured_media":56696,"comment_status":"closed","ping_status":"closed","sticky":false,"template":"","format":"standard","meta":{"footnotes":""},"categories":[38],"tags":[],"class_list":["post-56695","post","type-post","status-publish","format-standard","has-post-thumbnail","hentry","category-regional"],"jetpack_featured_media_url":"https:\/\/radiorevelacionfm.cl\/wp-content\/uploads\/2025\/07\/8-43-1-1_optimized.jpg","_links":{"self":[{"href":"https:\/\/radiorevelacionfm.cl\/index.php?rest_route=\/wp\/v2\/posts\/56695","targetHints":{"allow":["GET"]}}],"collection":[{"href":"https:\/\/radiorevelacionfm.cl\/index.php?rest_route=\/wp\/v2\/posts"}],"about":[{"href":"https:\/\/radiorevelacionfm.cl\/index.php?rest_route=\/wp\/v2\/types\/post"}],"author":[{"embeddable":true,"href":"https:\/\/radiorevelacionfm.cl\/index.php?rest_route=\/wp\/v2\/users\/1"}],"replies":[{"embeddable":true,"href":"https:\/\/radiorevelacionfm.cl\/index.php?rest_route=%2Fwp%2Fv2%2Fcomments&post=56695"}],"version-history":[{"count":2,"href":"https:\/\/radiorevelacionfm.cl\/index.php?rest_route=\/wp\/v2\/posts\/56695\/revisions"}],"predecessor-version":[{"id":56698,"href":"https:\/\/radiorevelacionfm.cl\/index.php?rest_route=\/wp\/v2\/posts\/56695\/revisions\/56698"}],"wp:featuredmedia":[{"embeddable":true,"href":"https:\/\/radiorevelacionfm.cl\/index.php?rest_route=\/wp\/v2\/media\/56696"}],"wp:attachment":[{"href":"https:\/\/radiorevelacionfm.cl\/index.php?rest_route=%2Fwp%2Fv2%2Fmedia&parent=56695"}],"wp:term":[{"taxonomy":"category","embeddable":true,"href":"https:\/\/radiorevelacionfm.cl\/index.php?rest_route=%2Fwp%2Fv2%2Fcategories&post=56695"},{"taxonomy":"post_tag","embeddable":true,"href":"https:\/\/radiorevelacionfm.cl\/index.php?rest_route=%2Fwp%2Fv2%2Ftags&post=56695"}],"curies":[{"name":"wp","href":"https:\/\/api.w.org\/{rel}","templated":true}]}}