{"id":5669,"date":"2021-06-25T21:38:06","date_gmt":"2021-06-26T00:38:06","guid":{"rendered":"https:\/\/radiorevelacionfm.cl\/?p=5669"},"modified":"2021-06-25T21:38:06","modified_gmt":"2021-06-26T00:38:06","slug":"carabineros-detuvo-en-las-ultimas-horas-a-9-personas-con-requerimientos-judiciales-pendientes","status":"publish","type":"post","link":"https:\/\/radiorevelacionfm.cl\/?p=5669","title":{"rendered":"Carabineros detuvo en las \u00faltimas horas a 9 personas con requerimientos judiciales pendientes"},"content":{"rendered":"<div class=\"flex_column av_one_full  flex_column_div av-zero-column-padding first  avia-builder-el-0  el_before_av_one_full  avia-builder-el-first  \" style='border-radius:0px; '><div  class='avia-image-container  av-styling-    avia-builder-el-1  avia-builder-el-no-sibling  avia-align-center '  itemprop=\"image\" itemscope=\"itemscope\" itemtype=\"https:\/\/schema.org\/ImageObject\"  ><div class='avia-image-container-inner'><div class='avia-image-overlay-wrap'><img decoding=\"async\" class='wp-image-5670 avia-img-lazy-loading-not-5670 avia_image' src=\"https:\/\/radiorevelacionfm.cl\/wp-content\/uploads\/2021\/06\/C_193828-1-1.jpg\" alt='' title='C_193828 (1) (1)' height=\"600\" width=\"1067\"  itemprop=\"thumbnailUrl\" srcset=\"https:\/\/radiorevelacionfm.cl\/wp-content\/uploads\/2021\/06\/C_193828-1-1.jpg 1067w, https:\/\/radiorevelacionfm.cl\/wp-content\/uploads\/2021\/06\/C_193828-1-1-300x169.jpg 300w, https:\/\/radiorevelacionfm.cl\/wp-content\/uploads\/2021\/06\/C_193828-1-1-1030x579.jpg 1030w, https:\/\/radiorevelacionfm.cl\/wp-content\/uploads\/2021\/06\/C_193828-1-1-768x432.jpg 768w, https:\/\/radiorevelacionfm.cl\/wp-content\/uploads\/2021\/06\/C_193828-1-1-705x396.jpg 705w, https:\/\/radiorevelacionfm.cl\/wp-content\/uploads\/2021\/06\/C_193828-1-1-600x337.jpg 600w\" sizes=\"(max-width: 1067px) 100vw, 1067px\" \/><\/div><\/div><\/div><\/div><div class=\"flex_column av_one_full  flex_column_div av-zero-column-padding first  avia-builder-el-2  el_after_av_one_full  el_before_av_one_full  column-top-margin\" style='border-radius:0px; '><section class=\"av_textblock_section \"  itemscope=\"itemscope\" itemtype=\"https:\/\/schema.org\/BlogPosting\" itemprop=\"blogPost\" ><div class='avia_textblock  '   itemprop=\"text\" ><p style=\"text-align: center;\"><strong><span style=\"font-size: 18pt;\">Carabineros detuvo en las \u00faltimas horas a 9 personas con requerimientos judiciales pendientes<\/span><\/strong><\/p>\n<div id=\"gtx-trans\" style=\"position: absolute; left: -50px; top: 4.31534px;\">\n<div class=\"gtx-trans-icon\"><\/div>\n<\/div>\n<\/div><\/section><\/div><div class=\"flex_column av_one_full  flex_column_div av-zero-column-padding first  avia-builder-el-4  el_after_av_one_full  el_before_av_hr  column-top-margin\" style='border-radius:0px; '><section class=\"av_textblock_section \"  itemscope=\"itemscope\" itemtype=\"https:\/\/schema.org\/BlogPosting\" itemprop=\"blogPost\" ><div class='avia_textblock  '   itemprop=\"text\" ><div>\n<p class=\"v1MsoNormal\" style=\"text-align: justify;\">M\u00faltiples servicios de control y fiscalizaci\u00f3n ha desarrollado en las \u00faltimas 48 horas personal de Carabineros en la regi\u00f3n de Ays\u00e9n, no s\u00f3lo en el \u00e1mbito de la verificaci\u00f3n del cumplimiento de las disposiciones sanitarias, sino tambi\u00e9n en el plano de la prevenci\u00f3n y control del delito sumado al dar cumplimiento a las disposiciones emanadas desde los Tribunales de Justicia.<\/p>\n<p class=\"v1MsoNormal\" style=\"text-align: justify;\">Respecto a esto \u00faltimo, Carabineros ha logrado la ubicaci\u00f3n y detenci\u00f3n de 9 personas con requerimientos judiciales pendientes por diversos delitos, siendo puestos a disposici\u00f3n de los Tribunales de Justicia.<\/p>\n<p class=\"v1MsoNormal\" style=\"text-align: justify;\">Entre estos se encuentra \u2013en la ciudad de Coyhaique- un sujeto quien era requerido desde el 17 de mayo por el delito de abuso sexual, en tanto que otro individuo de 54 a\u00f1os de edad manten\u00eda una orden de detenci\u00f3n vigente por violaci\u00f3n de morada desde el 16 de abril de presente a\u00f1o.<\/p>\n<p class=\"v1MsoNormal\" style=\"text-align: justify;\">Asimismo Carabineros del Ret\u00e9n R\u00edo Tranquilo logr\u00f3 la ubicaci\u00f3n y posterior detenci\u00f3n de un sujeto de 34 a\u00f1os de edad por tr\u00e1fico en peque\u00f1as cantidades, quien era requerido desde el pasado 8 de junio del a\u00f1o en curso.<\/p>\n<p class=\"v1MsoNormal\" style=\"text-align: justify;\">Igualmente Carabineros de Coyhaique detuvo en las \u00faltimas horas a una persona de sexo masculino, quien manten\u00eda una orden vigente por da\u00f1os simples, adem\u00e1s de otro ciudadano de 46 a\u00f1os por conducci\u00f3n en estado de ebriedad.<\/p>\n<p class=\"v1MsoNormal\" style=\"text-align: justify;\">Paralelamente Carabineros del Ret\u00e9n Melinka detuvo a una persona de 31 a\u00f1os de edad, quien, con fecha 9 de junio de este a\u00f1o, manten\u00eda un requerimiento pendiente desde el Juzgado de Garant\u00eda de Puerto Cisnes por conducci\u00f3n en estado de ebriedad con o sin da\u00f1os o lesiones leves.<\/p>\n<p class=\"v1MsoNormal\" style=\"text-align: justify;\">Asimismo, Carabineros de la Segunda Comisar\u00eda de Puerto Ays\u00e9n detuvo a un sujeto de 34 a\u00f1os requerido por robo en lugar habitado y otro de 24, quien manten\u00eda una orden vigente por infracci\u00f3n a las normas sanitarias.<\/p>\n<p class=\"v1MsoNormal\" style=\"text-align: justify;\">Por su parte Carabineros de la Cuarta Comisar\u00eda de Cochrane (F) tras un control vehicular, se percat\u00f3 que el conductor lo hac\u00eda sin licencia, el cual igualmente manten\u00eda desde el 2 de junio un requerimiento pendiente desde el Juzgado de Garant\u00eda de Coyhaique por el delito de da\u00f1os calificados.<\/p>\n<p>Los antecedentes fueron puestos en conocimiento de la Fiscal\u00eda en tanto los detenidos pasaron a la audiencia de control de detenci\u00f3n por estos hechos entre otras determinaciones adoptadas por el organismo persecutor.<\/p>\n<\/div>\n<div style=\"text-align: justify;\"><\/div>\n<\/div><\/section><\/div><div  style='height:50px' class='hr hr-invisible   avia-builder-el-6  el_after_av_one_full  el_before_av_social_share '><span class='hr-inner ' ><span class='hr-inner-style'><\/span><\/span><\/div><\/p>\n<div  class='av-social-sharing-box  avia-builder-el-7  el_after_av_hr  el_before_av_hr  '><div class='av-share-box'><h5 class='av-share-link-description av-no-toc '>Compartir esta noticia<\/h5><ul class='av-share-box-list noLightbox'><li class='av-share-link av-social-link-facebook' ><a target=\"_blank\" aria-label=\"Compartir en Facebook\" href='https:\/\/www.facebook.com\/sharer.php?u=https:\/\/radiorevelacionfm.cl\/?p=5669&#038;t=Carabineros%20detuvo%20en%20las%20%C3%BAltimas%20horas%20a%209%20personas%20con%20requerimientos%20judiciales%20pendientes' aria-hidden='false' data-av_icon='\ue8f3' data-av_iconfont='entypo-fontello' title='' data-avia-related-tooltip='Compartir en Facebook' rel=\"noopener\"><span class='avia_hidden_link_text'>Compartir en Facebook<\/span><\/a><\/li><li class='av-share-link av-social-link-twitter' ><a target=\"_blank\" aria-label=\"Compartir en Twitter\" href='https:\/\/twitter.com\/share?text=Carabineros%20detuvo%20en%20las%20%C3%BAltimas%20horas%20a%209%20personas%20con%20requerimientos%20judiciales%20pendientes&#038;url=https:\/\/radiorevelacionfm.cl\/?p=5669' aria-hidden='false' data-av_icon='\ue8f1' data-av_iconfont='entypo-fontello' title='' data-avia-related-tooltip='Compartir en Twitter' rel=\"noopener\"><span class='avia_hidden_link_text'>Compartir en Twitter<\/span><\/a><\/li><li class='av-share-link av-social-link-whatsapp' ><a target=\"_blank\" aria-label=\"Compartir en Whatsapp\" href='https:\/\/api.whatsapp.com\/send?text=https:\/\/radiorevelacionfm.cl\/?p=5669' aria-hidden='false' data-av_icon='\uf232' data-av_iconfont='entypo-fontello' title='' data-avia-related-tooltip='Compartir en Whatsapp' rel=\"noopener\"><span class='avia_hidden_link_text'>Compartir en Whatsapp<\/span><\/a><\/li><li class='av-share-link av-social-link-linkedin' ><a target=\"_blank\" aria-label=\"Compartir en LinkedIn\" href='https:\/\/linkedin.com\/shareArticle?mini=true&#038;title=Carabineros%20detuvo%20en%20las%20%C3%BAltimas%20horas%20a%209%20personas%20con%20requerimientos%20judiciales%20pendientes&#038;url=https:\/\/radiorevelacionfm.cl\/?p=5669' aria-hidden='false' data-av_icon='\ue8fc' data-av_iconfont='entypo-fontello' title='' data-avia-related-tooltip='Compartir en LinkedIn' rel=\"noopener\"><span class='avia_hidden_link_text'>Compartir en LinkedIn<\/span><\/a><\/li><li class='av-share-link av-social-link-mail' ><a  aria-label=\"Compartir por correo\" href='mailto:?subject=Carabineros%20detuvo%20en%20las%20%C3%BAltimas%20horas%20a%209%20personas%20con%20requerimientos%20judiciales%20pendientes&#038;body=https:\/\/radiorevelacionfm.cl\/?p=5669' aria-hidden='false' data-av_icon='\ue805' data-av_iconfont='entypo-fontello' title='' data-avia-related-tooltip='Compartir por correo'><span class='avia_hidden_link_text'>Compartir por correo<\/span><\/a><\/li><\/ul><\/div><\/div>\n<div  style='height:50px' class='hr hr-invisible   avia-builder-el-8  el_after_av_social_share  el_before_av_comments_list '><span class='hr-inner ' ><span class='hr-inner-style'><\/span><\/span><\/div>\n<div  class='av-buildercomment  av-blog-meta-html-info-disabled av-blog-meta-tag-disabled  '><\/div>\n","protected":false},"excerpt":{"rendered":"","protected":false},"author":1,"featured_media":5670,"comment_status":"open","ping_status":"open","sticky":false,"template":"","format":"standard","meta":{"footnotes":""},"categories":[35],"tags":[],"class_list":["post-5669","post","type-post","status-publish","format-standard","has-post-thumbnail","hentry","category-politica"],"jetpack_featured_media_url":"https:\/\/radiorevelacionfm.cl\/wp-content\/uploads\/2021\/06\/C_193828-1-1.jpg","_links":{"self":[{"href":"https:\/\/radiorevelacionfm.cl\/index.php?rest_route=\/wp\/v2\/posts\/5669","targetHints":{"allow":["GET"]}}],"collection":[{"href":"https:\/\/radiorevelacionfm.cl\/index.php?rest_route=\/wp\/v2\/posts"}],"about":[{"href":"https:\/\/radiorevelacionfm.cl\/index.php?rest_route=\/wp\/v2\/types\/post"}],"author":[{"embeddable":true,"href":"https:\/\/radiorevelacionfm.cl\/index.php?rest_route=\/wp\/v2\/users\/1"}],"replies":[{"embeddable":true,"href":"https:\/\/radiorevelacionfm.cl\/index.php?rest_route=%2Fwp%2Fv2%2Fcomments&post=5669"}],"version-history":[{"count":1,"href":"https:\/\/radiorevelacionfm.cl\/index.php?rest_route=\/wp\/v2\/posts\/5669\/revisions"}],"predecessor-version":[{"id":5671,"href":"https:\/\/radiorevelacionfm.cl\/index.php?rest_route=\/wp\/v2\/posts\/5669\/revisions\/5671"}],"wp:featuredmedia":[{"embeddable":true,"href":"https:\/\/radiorevelacionfm.cl\/index.php?rest_route=\/wp\/v2\/media\/5670"}],"wp:attachment":[{"href":"https:\/\/radiorevelacionfm.cl\/index.php?rest_route=%2Fwp%2Fv2%2Fmedia&parent=5669"}],"wp:term":[{"taxonomy":"category","embeddable":true,"href":"https:\/\/radiorevelacionfm.cl\/index.php?rest_route=%2Fwp%2Fv2%2Fcategories&post=5669"},{"taxonomy":"post_tag","embeddable":true,"href":"https:\/\/radiorevelacionfm.cl\/index.php?rest_route=%2Fwp%2Fv2%2Ftags&post=5669"}],"curies":[{"name":"wp","href":"https:\/\/api.w.org\/{rel}","templated":true}]}}