{"id":56688,"date":"2025-07-19T16:12:44","date_gmt":"2025-07-19T19:12:44","guid":{"rendered":"https:\/\/radiorevelacionfm.cl\/?p=56688"},"modified":"2025-07-19T16:12:44","modified_gmt":"2025-07-19T19:12:44","slug":"se-llevo-a-cabo-audiencia-por-reclamacion-de-cooke-aquaculture-chile-contra-superintendencia-del-medio-ambiente","status":"publish","type":"post","link":"https:\/\/radiorevelacionfm.cl\/?p=56688","title":{"rendered":"Se llev\u00f3 a cabo audiencia por reclamaci\u00f3n de Cooke Aquaculture Chile contra Superintendencia del Medio Ambiente"},"content":{"rendered":"<div class=\"flex_column av_one_full  flex_column_div av-zero-column-padding first  avia-builder-el-0  el_before_av_one_full  avia-builder-el-first  \" style='border-radius:0px; '><div  class='avia-image-container  av-styling-    avia-builder-el-1  avia-builder-el-no-sibling  avia-align-center '  itemprop=\"image\" itemscope=\"itemscope\" itemtype=\"https:\/\/schema.org\/ImageObject\"  ><div class='avia-image-container-inner'><div class='avia-image-overlay-wrap'><img decoding=\"async\" class='wp-image-51010 avia-img-lazy-loading-not-51010 avia_image' src=\"https:\/\/radiorevelacionfm.cl\/wp-content\/uploads\/2025\/02\/huillines-3-en-parque-nacional-laguna-san-rafael-1_optimized.jpg\" alt='' title='huillines-3-en-parque-nacional-laguna-san-rafael-(1)_optimized' height=\"600\" width=\"1067\"  itemprop=\"thumbnailUrl\" srcset=\"https:\/\/radiorevelacionfm.cl\/wp-content\/uploads\/2025\/02\/huillines-3-en-parque-nacional-laguna-san-rafael-1_optimized.jpg 1067w, https:\/\/radiorevelacionfm.cl\/wp-content\/uploads\/2025\/02\/huillines-3-en-parque-nacional-laguna-san-rafael-1_optimized-300x169.jpg 300w, https:\/\/radiorevelacionfm.cl\/wp-content\/uploads\/2025\/02\/huillines-3-en-parque-nacional-laguna-san-rafael-1_optimized-1030x579.jpg 1030w, https:\/\/radiorevelacionfm.cl\/wp-content\/uploads\/2025\/02\/huillines-3-en-parque-nacional-laguna-san-rafael-1_optimized-768x432.jpg 768w, https:\/\/radiorevelacionfm.cl\/wp-content\/uploads\/2025\/02\/huillines-3-en-parque-nacional-laguna-san-rafael-1_optimized-705x396.jpg 705w, https:\/\/radiorevelacionfm.cl\/wp-content\/uploads\/2025\/02\/huillines-3-en-parque-nacional-laguna-san-rafael-1_optimized-450x253.jpg 450w, https:\/\/radiorevelacionfm.cl\/wp-content\/uploads\/2025\/02\/huillines-3-en-parque-nacional-laguna-san-rafael-1_optimized-600x337.jpg 600w\" sizes=\"(max-width: 1067px) 100vw, 1067px\" \/><\/div><\/div><\/div><\/div><div class=\"flex_column av_one_full  flex_column_div av-zero-column-padding first  avia-builder-el-2  el_after_av_one_full  el_before_av_one_full  column-top-margin\" style='border-radius:0px; '><section class=\"av_textblock_section \"  itemscope=\"itemscope\" itemtype=\"https:\/\/schema.org\/BlogPosting\" itemprop=\"blogPost\" ><div class='avia_textblock  '   itemprop=\"text\" ><p style=\"text-align: center;\"><strong><span style=\"font-size: 18pt;\">Se llev\u00f3 a cabo audiencia por reclamaci\u00f3n de Cooke Aquaculture Chile contra Superintendencia del Medio Ambiente<\/span><\/strong><\/p>\n<div id=\"gtx-trans\" style=\"position: absolute; left: -50px; top: 4.31534px;\">\n<div class=\"gtx-trans-icon\"><\/div>\n<\/div>\n<\/div><\/section><\/div><div class=\"flex_column av_one_full  flex_column_div av-zero-column-padding first  avia-builder-el-4  el_after_av_one_full  el_before_av_hr  column-top-margin\" style='border-radius:0px; '><section class=\"av_textblock_section \"  itemscope=\"itemscope\" itemtype=\"https:\/\/schema.org\/BlogPosting\" itemprop=\"blogPost\" ><div class='avia_textblock  '   itemprop=\"text\" ><p style=\"text-align: justify;\">La SMA orden\u00f3 medidas provisionales procedimentales que paralizaron la siembra de los Centros de Cultivo de Salmones \u201cHuillines 2\u201d y \u201cHuillines 3\u201d de Cooke Aquaculture.<\/p>\n<p style=\"text-align: justify;\">El 1 de abril de 2025, la Superintendencia del Medio Ambiente (SMA) orden\u00f3 medidas provisionales procedimentales que paralizaron la siembra de los Centros de Cultivo de Salmones \u00abHuillines 2\u00bb y \u00abHuillines 3\u00bb, de Cooke Aquaculture Chile S.A, ubicadas en el Estero Cupquel\u00e1n, en la Regi\u00f3n de Ays\u00e9n. Esto, por considerar que el aumento en la producci\u00f3n significaba un riesgo inminente para el medio ambiente. La empresa present\u00f3 una reclamaci\u00f3n ante el Tercer Tribunal Ambiental, solicitando que declare la ilegalidad de dichas medidas.<\/p>\n<p style=\"text-align: justify;\">En la vista de la causa, realizada el mi\u00e9rcoles 9 de julio, Cooke Aquaculture aleg\u00f3 que para\u00a0 que la SMA pueda dictar una medida como esta, es necesario que exista un peligro de da\u00f1o inminente al medio ambiente, a su juicio, no ocurre en este caso. Agreg\u00f3 que se trata de dos centros de cultivos que est\u00e1n operando hace 25 a\u00f1os y nunca han producido da\u00f1o al medio marino, ni evento de contaminaci\u00f3n o escapes de peces y que la empresa nunca ha sido sujeto de ning\u00fan tipo de sanci\u00f3n vinculada a alg\u00fan evento de estas caracter\u00edsticas. Expres\u00f3 que no es controvertido que los centros de cultivo Huillines 2 y Huillines 3 no presenten condiciones anaer\u00f3bicas (ausencia de ox\u00edgeno) y que cumplen con los est\u00e1ndares exigidos, esto, agreg\u00f3, de acuerdo a las visitas a terreno realizadas por organismos recomendados por la propia SMA. A\u00f1adi\u00f3 que la SMA se ha negado a concurrir a terreno a verificar las condiciones de los centros de cultivo porque, a su juicio, sabe que no existe un peligro ambiental inminente en la operaci\u00f3n de estos centros.<\/p>\n<p style=\"text-align: justify;\">Como tercero coadyuvante hizo sus alegatos el Consejo del Salm\u00f3n, quien expuso sobre el r\u00e9gimen regulatorio que opera para los centros de cultivo y esto es, que en su momento, no se estableci\u00f3 un m\u00e1ximo productivo. En este sentido, se refiri\u00f3 al dictamen de Contralor\u00eda General de la Rep\u00fablica, del a\u00f1o 2021, en cuanto a la acuicultura y sus proyectos t\u00e9cnicos, que se\u00f1ala como no exigible el ingreso al SEIA cuando la concesi\u00f3n haya sido aprobada por la Subsecretar\u00eda de Pesca y dictada con anterioridad al a\u00f1o 1997, como a su juicio, aplica para los centros de cultivos Huillines 2 y Huillines 3. Solicit\u00f3 al Tribunal que se pronuncie sobre el inter\u00e9s p\u00fablico que implica esta causa y sobre la legalidad de la decisi\u00f3n de la SMA.<\/p>\n<p style=\"text-align: justify;\">Por su parte, la SMA solicit\u00f3 que se rechace la reclamaci\u00f3n, con expresa condena en costas. Argument\u00f3 que las medidas provisionales adoptadas se ajustan a derecho y as\u00ed ha sido confirmado por el Tribunal al autorizar las medidas, as\u00ed como en el rechazo de la reclamaci\u00f3n de la causa R-9-2025. Se\u00f1al\u00f3 que de acuerdo a la legislaci\u00f3n, los cambios de consideraci\u00f3n que sufran los proyectos, deben someterse a evaluaci\u00f3n de forma obligatoria, agregando que el ordenamiento jur\u00eddico ambiental no permite aumentar la producci\u00f3n de los centros de engorda de forma ilimitada, solo por ser previos al SEIA. Por lo tanto, el aumento de una producci\u00f3n mayor a 35 toneladas\/a\u00f1o debe ingresar a evaluaci\u00f3n. A\u00f1adi\u00f3 que ambos centros han superado con creces las cantidades establecidas en los proyectos t\u00e9cnicos, lo que es un aspecto no controvertido en la causa. Por otra parte, se\u00f1al\u00f3 que las medidas provisionales no son susceptibles de ser impugnadas.<\/p>\n<p style=\"text-align: justify;\">La SMA tambi\u00e9n indic\u00f3 que formul\u00f3 cargos por elusi\u00f3n al SEIA, lo que fue confirmado por el Servicio de Evaluaci\u00f3n Ambiental (SEA) y se\u00f1al\u00f3 que en este tipo de actividad, el par\u00e1metro m\u00e1s importante para determinar su ingreso son las toneladas de biomasa, ya que estas tienen estrecha relaci\u00f3n con efectos como la p\u00e9rdida de biodiversidad, cambios en los nutrientes en la columna de agua, riesgo de escape de peces, entre otros. A su parecer, con todos los antecedentes a la vista, no contar con Resoluci\u00f3n de Calificaci\u00f3n Ambiental (RCA) previa, es grave, considerando que la elusi\u00f3n se est\u00e1 dando al interior del Parque Nacional Laguna San Rafael, como pudo confirmar la SMA.<\/p>\n<p style=\"text-align: justify;\">M\u00e1s antecedentes de la causa en el expediente electr\u00f3nico\u00a0<a href=\"https:\/\/causas.3ta.cl\/causes\/4187\/expedient\/77581\/books\/3917\">R-18-2025<\/a>\u00a0y\u00a0<a href=\"https:\/\/causas.3ta.cl\/causes\/4253\/expedient\/77611\/books\/3983\/?attachmentId=96711\">R-20-2025<\/a><\/p>\n<\/div><\/section><\/div><div  style='height:50px' class='hr hr-invisible   avia-builder-el-6  el_after_av_one_full  el_before_av_social_share '><span class='hr-inner ' ><span class='hr-inner-style'><\/span><\/span><\/div><\/p>\n<div  class='av-social-sharing-box  avia-builder-el-7  el_after_av_hr  el_before_av_hr  '><div class='av-share-box'><h5 class='av-share-link-description av-no-toc '>Compartir esta noticia<\/h5><ul class='av-share-box-list noLightbox'><li class='av-share-link av-social-link-facebook' ><a target=\"_blank\" aria-label=\"Compartir en Facebook\" href='https:\/\/www.facebook.com\/sharer.php?u=https:\/\/radiorevelacionfm.cl\/?p=56688&#038;t=Se%20llev%C3%B3%20a%20cabo%20audiencia%20por%20reclamaci%C3%B3n%20de%20Cooke%20Aquaculture%20Chile%20contra%20Superintendencia%20del%20Medio%20Ambiente' aria-hidden='false' data-av_icon='\ue8f3' data-av_iconfont='entypo-fontello' title='' data-avia-related-tooltip='Compartir en Facebook' rel=\"noopener\"><span class='avia_hidden_link_text'>Compartir en Facebook<\/span><\/a><\/li><li class='av-share-link av-social-link-twitter' ><a target=\"_blank\" aria-label=\"Compartir en Twitter\" href='https:\/\/twitter.com\/share?text=Se%20llev%C3%B3%20a%20cabo%20audiencia%20por%20reclamaci%C3%B3n%20de%20Cooke%20Aquaculture%20Chile%20contra%20Superintendencia%20del%20Medio%20Ambiente&#038;url=https:\/\/radiorevelacionfm.cl\/?p=56688' aria-hidden='false' data-av_icon='\ue8f1' data-av_iconfont='entypo-fontello' title='' data-avia-related-tooltip='Compartir en Twitter' rel=\"noopener\"><span class='avia_hidden_link_text'>Compartir en Twitter<\/span><\/a><\/li><li class='av-share-link av-social-link-whatsapp' ><a target=\"_blank\" aria-label=\"Compartir en Whatsapp\" href='https:\/\/api.whatsapp.com\/send?text=https:\/\/radiorevelacionfm.cl\/?p=56688' aria-hidden='false' data-av_icon='\uf232' data-av_iconfont='entypo-fontello' title='' data-avia-related-tooltip='Compartir en Whatsapp' rel=\"noopener\"><span class='avia_hidden_link_text'>Compartir en Whatsapp<\/span><\/a><\/li><li class='av-share-link av-social-link-linkedin' ><a target=\"_blank\" aria-label=\"Compartir en LinkedIn\" href='https:\/\/linkedin.com\/shareArticle?mini=true&#038;title=Se%20llev%C3%B3%20a%20cabo%20audiencia%20por%20reclamaci%C3%B3n%20de%20Cooke%20Aquaculture%20Chile%20contra%20Superintendencia%20del%20Medio%20Ambiente&#038;url=https:\/\/radiorevelacionfm.cl\/?p=56688' aria-hidden='false' data-av_icon='\ue8fc' data-av_iconfont='entypo-fontello' title='' data-avia-related-tooltip='Compartir en LinkedIn' rel=\"noopener\"><span class='avia_hidden_link_text'>Compartir en LinkedIn<\/span><\/a><\/li><li class='av-share-link av-social-link-mail' ><a  aria-label=\"Compartir por correo\" href='mailto:?subject=Se%20llev%C3%B3%20a%20cabo%20audiencia%20por%20reclamaci%C3%B3n%20de%20Cooke%20Aquaculture%20Chile%20contra%20Superintendencia%20del%20Medio%20Ambiente&#038;body=https:\/\/radiorevelacionfm.cl\/?p=56688' aria-hidden='false' data-av_icon='\ue805' data-av_iconfont='entypo-fontello' title='' data-avia-related-tooltip='Compartir por correo'><span class='avia_hidden_link_text'>Compartir por correo<\/span><\/a><\/li><\/ul><\/div><\/div>\n<div  style='height:50px' class='hr hr-invisible   avia-builder-el-8  el_after_av_social_share  el_before_av_comments_list '><span class='hr-inner ' ><span class='hr-inner-style'><\/span><\/span><\/div>\n<div  class='av-buildercomment  av-blog-meta-html-info-disabled av-blog-meta-tag-disabled  '><\/div>\n","protected":false},"excerpt":{"rendered":"","protected":false},"author":1,"featured_media":51010,"comment_status":"closed","ping_status":"closed","sticky":false,"template":"","format":"standard","meta":{"footnotes":""},"categories":[39],"tags":[],"class_list":["post-56688","post","type-post","status-publish","format-standard","has-post-thumbnail","hentry","category-medio-ambiente"],"jetpack_featured_media_url":"https:\/\/radiorevelacionfm.cl\/wp-content\/uploads\/2025\/02\/huillines-3-en-parque-nacional-laguna-san-rafael-1_optimized.jpg","_links":{"self":[{"href":"https:\/\/radiorevelacionfm.cl\/index.php?rest_route=\/wp\/v2\/posts\/56688","targetHints":{"allow":["GET"]}}],"collection":[{"href":"https:\/\/radiorevelacionfm.cl\/index.php?rest_route=\/wp\/v2\/posts"}],"about":[{"href":"https:\/\/radiorevelacionfm.cl\/index.php?rest_route=\/wp\/v2\/types\/post"}],"author":[{"embeddable":true,"href":"https:\/\/radiorevelacionfm.cl\/index.php?rest_route=\/wp\/v2\/users\/1"}],"replies":[{"embeddable":true,"href":"https:\/\/radiorevelacionfm.cl\/index.php?rest_route=%2Fwp%2Fv2%2Fcomments&post=56688"}],"version-history":[{"count":2,"href":"https:\/\/radiorevelacionfm.cl\/index.php?rest_route=\/wp\/v2\/posts\/56688\/revisions"}],"predecessor-version":[{"id":56718,"href":"https:\/\/radiorevelacionfm.cl\/index.php?rest_route=\/wp\/v2\/posts\/56688\/revisions\/56718"}],"wp:featuredmedia":[{"embeddable":true,"href":"https:\/\/radiorevelacionfm.cl\/index.php?rest_route=\/wp\/v2\/media\/51010"}],"wp:attachment":[{"href":"https:\/\/radiorevelacionfm.cl\/index.php?rest_route=%2Fwp%2Fv2%2Fmedia&parent=56688"}],"wp:term":[{"taxonomy":"category","embeddable":true,"href":"https:\/\/radiorevelacionfm.cl\/index.php?rest_route=%2Fwp%2Fv2%2Fcategories&post=56688"},{"taxonomy":"post_tag","embeddable":true,"href":"https:\/\/radiorevelacionfm.cl\/index.php?rest_route=%2Fwp%2Fv2%2Ftags&post=56688"}],"curies":[{"name":"wp","href":"https:\/\/api.w.org\/{rel}","templated":true}]}}