{"id":56674,"date":"2025-07-18T11:37:57","date_gmt":"2025-07-18T14:37:57","guid":{"rendered":"https:\/\/radiorevelacionfm.cl\/?p=56674"},"modified":"2025-07-18T11:37:57","modified_gmt":"2025-07-18T14:37:57","slug":"realizan-capacitacion-sobre-programa-de-tribunales-de-tratamiento-de-drogas-y-alcohol","status":"publish","type":"post","link":"https:\/\/radiorevelacionfm.cl\/?p=56674","title":{"rendered":"Realizan capacitaci\u00f3n sobre programa de Tribunales de Tratamiento de Drogas y Alcohol"},"content":{"rendered":"<div class=\"flex_column av_one_full  flex_column_div av-zero-column-padding first  avia-builder-el-0  el_before_av_one_full  avia-builder-el-first  \" style='border-radius:0px; '><div  class='avia-image-container  av-styling-    avia-builder-el-1  avia-builder-el-no-sibling  avia-align-center '  itemprop=\"image\" itemscope=\"itemscope\" itemtype=\"https:\/\/schema.org\/ImageObject\"  ><div class='avia-image-container-inner'><div class='avia-image-overlay-wrap'><img decoding=\"async\" class='wp-image-56675 avia-img-lazy-loading-not-56675 avia_image' src=\"https:\/\/radiorevelacionfm.cl\/wp-content\/uploads\/2025\/07\/IMG_9977-1-1.jpeg\" alt='' title='IMG_9977 (1) (1)' height=\"600\" width=\"800\"  itemprop=\"thumbnailUrl\" srcset=\"https:\/\/radiorevelacionfm.cl\/wp-content\/uploads\/2025\/07\/IMG_9977-1-1.jpeg 800w, https:\/\/radiorevelacionfm.cl\/wp-content\/uploads\/2025\/07\/IMG_9977-1-1-300x225.jpeg 300w, https:\/\/radiorevelacionfm.cl\/wp-content\/uploads\/2025\/07\/IMG_9977-1-1-768x576.jpeg 768w, https:\/\/radiorevelacionfm.cl\/wp-content\/uploads\/2025\/07\/IMG_9977-1-1-705x529.jpeg 705w, https:\/\/radiorevelacionfm.cl\/wp-content\/uploads\/2025\/07\/IMG_9977-1-1-450x338.jpeg 450w, https:\/\/radiorevelacionfm.cl\/wp-content\/uploads\/2025\/07\/IMG_9977-1-1-600x450.jpeg 600w\" sizes=\"(max-width: 800px) 100vw, 800px\" \/><\/div><\/div><\/div><\/div><div class=\"flex_column av_one_full  flex_column_div av-zero-column-padding first  avia-builder-el-2  el_after_av_one_full  el_before_av_one_full  column-top-margin\" style='border-radius:0px; '><section class=\"av_textblock_section \"  itemscope=\"itemscope\" itemtype=\"https:\/\/schema.org\/BlogPosting\" itemprop=\"blogPost\" ><div class='avia_textblock  '   itemprop=\"text\" ><p style=\"text-align: center;\"><strong><span style=\"font-size: 18pt;\">Realizan capacitaci\u00f3n sobre programa de Tribunales de Tratamiento de Drogas y Alcohol<\/span><\/strong><\/p>\n<div id=\"gtx-trans\" style=\"position: absolute; left: -50px; top: 4.31534px;\">\n<div class=\"gtx-trans-icon\"><\/div>\n<\/div>\n<\/div><\/section><\/div><div class=\"flex_column av_one_full  flex_column_div av-zero-column-padding first  avia-builder-el-4  el_after_av_one_full  el_before_av_hr  column-top-margin\" style='border-radius:0px; '><section class=\"av_textblock_section \"  itemscope=\"itemscope\" itemtype=\"https:\/\/schema.org\/BlogPosting\" itemprop=\"blogPost\" ><div class='avia_textblock  '   itemprop=\"text\" ><p style=\"text-align: justify;\">Esta instancia dirigida a los intervinientes, buscaba actualizar modelos, principios y elementos respecto de esta materia.<\/p>\n<p style=\"text-align: justify;\">Recientemente en dependencias de la Ilustr\u00edsima Corte de Apelaciones de Coyhaique, se llev\u00f3 a cabo una capacitaci\u00f3n dirigida a los distintos intervinientes del Programa Tribunal de Tratamiento de Drogas y Alcohol en Coyhaique, instancia que buscaba actualizar modelos, principios y elementos respecto de esta materia.<\/p>\n<p style=\"text-align: justify;\">Tras participar de la actividad, el seremi de Justicia y Derechos Humanos, Samuel Navarro Castro explic\u00f3 que \u00abconforme al acuerdo al que hab\u00eda llegado la comisi\u00f3n que se hab\u00eda reunido previamente, se llev\u00f3 a cabo esta capacitaci\u00f3n para todos los intervinientes del programa de Tribunal de Tratamiento de Drogas y Alcohol, ello para contar con mayores elementos, antecedentes, datos que nos permitan que la difusi\u00f3n, la promoci\u00f3n y la concreci\u00f3n de nuevos usuarios que puedan ingresar a este importante programa que hemos estado desarrollando, que extendimos desde Ays\u00e9n a la jurisdicci\u00f3n de Coyhaique y que nos interesa potenciar para dar una mirada alternativa, una mirada distinta en aquellos casos que cumpliendo los requisitos las personas pueden acceder a los criterios y los beneficios del Programa del Tribunal de Tratamiento de Drogas\u00bb.<\/p>\n<p dir=\"auto\" style=\"text-align: justify;\">Cabe mencionar que en la capacitaci\u00f3n se abordaron las nociones b\u00e1sicas del Modelo TTD (Tribunal de Tratamiento de Drogas) en Ays\u00e9n a cargo del profesional de Servicio Nacional para la Prevenci\u00f3n y Rehabilitaci\u00f3n del Consumo de Drogas y Alcohol (SENDA) Domingo Mondaca, desde la Fiscal\u00eda de Ays\u00e9n, el abogado \u00c1lvaro P\u00e9rez abord\u00f3 la Justicia Terap\u00e9utica como sustento te\u00f3rico, y finalmente el profesional Felipe Acevedo del Servicio de Salud Ays\u00e9n se refiri\u00f3 a la Identificaci\u00f3n y Derivaci\u00f3n Efectiva en TTD: Perfil cl\u00ednico, tamizaje y entrevista motivacional, en cuanto a la participaci\u00f3n estuvieron presentes profesionales del Servicio de Salud Ays\u00e9n y Senda, en tanto del Poder Judicial se cont\u00f3 con la presencia de la Jueza de Garant\u00eda Fabiola Mu\u00f1oz, equipos y profesionales del Servicio de Reinserci\u00f3n Social Juvenil, de la Defensor\u00eda Penal P\u00fablica y del Ministerio P\u00fablico que son parte importante y articuladores de esta materia.<\/p>\n<p dir=\"auto\" style=\"text-align: justify;\">Mientras que la directora regional de SENDA Ays\u00e9n, Victoria Contreras Lemus se refiri\u00f3 a esta instancia se\u00f1alando que \u00aben un programa como el TTD, donde participan distintas instituciones, resulta clave reforzar los modelos, principios y conceptos que est\u00e1n a la base de una iniciativa como \u00e9sta. De esta manera, alineamos objetivos y\u00a0expectativas, asegurando que todas las decisiones que se tomen contribuyan a la recuperaci\u00f3n, bienestar, salud y calidad de vida de las personas, facilitando as\u00ed el acceso oportuno a tratamiento para superar su consumo problem\u00e1tico de sustancias\u00bb concluy\u00f3.<\/p>\n<p style=\"text-align: justify;\">Finalmente, mencionar que el programa de Tribunales de Tratamiento de Drogas (TTD) es una iniciativa dentro del sistema de justicia penal que busca abordar el consumo problem\u00e1tico de drogas y alcohol en personas que han cometido delitos relacionados con estas sustancias. En lugar de la prisi\u00f3n tradicional, los TTD ofrecen opciones de tratamiento y rehabilitaci\u00f3n, con supervisi\u00f3n judicial, para ayudar a reducir la reincidencia delictual.<\/p>\n<\/div><\/section><\/div><div  style='height:50px' class='hr hr-invisible   avia-builder-el-6  el_after_av_one_full  el_before_av_social_share '><span class='hr-inner ' ><span class='hr-inner-style'><\/span><\/span><\/div><\/p>\n<div  class='av-social-sharing-box  avia-builder-el-7  el_after_av_hr  el_before_av_hr  '><div class='av-share-box'><h5 class='av-share-link-description av-no-toc '>Compartir esta noticia<\/h5><ul class='av-share-box-list noLightbox'><li class='av-share-link av-social-link-facebook' ><a target=\"_blank\" aria-label=\"Compartir en Facebook\" href='https:\/\/www.facebook.com\/sharer.php?u=https:\/\/radiorevelacionfm.cl\/?p=56674&#038;t=Realizan%20capacitaci%C3%B3n%20sobre%20programa%20de%20Tribunales%20de%20Tratamiento%20de%20Drogas%20y%20Alcohol' aria-hidden='false' data-av_icon='\ue8f3' data-av_iconfont='entypo-fontello' title='' data-avia-related-tooltip='Compartir en Facebook' rel=\"noopener\"><span class='avia_hidden_link_text'>Compartir en Facebook<\/span><\/a><\/li><li class='av-share-link av-social-link-twitter' ><a target=\"_blank\" aria-label=\"Compartir en Twitter\" href='https:\/\/twitter.com\/share?text=Realizan%20capacitaci%C3%B3n%20sobre%20programa%20de%20Tribunales%20de%20Tratamiento%20de%20Drogas%20y%20Alcohol&#038;url=https:\/\/radiorevelacionfm.cl\/?p=56674' aria-hidden='false' data-av_icon='\ue8f1' data-av_iconfont='entypo-fontello' title='' data-avia-related-tooltip='Compartir en Twitter' rel=\"noopener\"><span class='avia_hidden_link_text'>Compartir en Twitter<\/span><\/a><\/li><li class='av-share-link av-social-link-whatsapp' ><a target=\"_blank\" aria-label=\"Compartir en Whatsapp\" href='https:\/\/api.whatsapp.com\/send?text=https:\/\/radiorevelacionfm.cl\/?p=56674' aria-hidden='false' data-av_icon='\uf232' data-av_iconfont='entypo-fontello' title='' data-avia-related-tooltip='Compartir en Whatsapp' rel=\"noopener\"><span class='avia_hidden_link_text'>Compartir en Whatsapp<\/span><\/a><\/li><li class='av-share-link av-social-link-linkedin' ><a target=\"_blank\" aria-label=\"Compartir en LinkedIn\" href='https:\/\/linkedin.com\/shareArticle?mini=true&#038;title=Realizan%20capacitaci%C3%B3n%20sobre%20programa%20de%20Tribunales%20de%20Tratamiento%20de%20Drogas%20y%20Alcohol&#038;url=https:\/\/radiorevelacionfm.cl\/?p=56674' aria-hidden='false' data-av_icon='\ue8fc' data-av_iconfont='entypo-fontello' title='' data-avia-related-tooltip='Compartir en LinkedIn' rel=\"noopener\"><span class='avia_hidden_link_text'>Compartir en LinkedIn<\/span><\/a><\/li><li class='av-share-link av-social-link-mail' ><a  aria-label=\"Compartir por correo\" href='mailto:?subject=Realizan%20capacitaci%C3%B3n%20sobre%20programa%20de%20Tribunales%20de%20Tratamiento%20de%20Drogas%20y%20Alcohol&#038;body=https:\/\/radiorevelacionfm.cl\/?p=56674' aria-hidden='false' data-av_icon='\ue805' data-av_iconfont='entypo-fontello' title='' data-avia-related-tooltip='Compartir por correo'><span class='avia_hidden_link_text'>Compartir por correo<\/span><\/a><\/li><\/ul><\/div><\/div>\n<div  style='height:50px' class='hr hr-invisible   avia-builder-el-8  el_after_av_social_share  el_before_av_comments_list '><span class='hr-inner ' ><span class='hr-inner-style'><\/span><\/span><\/div>\n<div  class='av-buildercomment  av-blog-meta-html-info-disabled av-blog-meta-tag-disabled  '><\/div>\n","protected":false},"excerpt":{"rendered":"","protected":false},"author":1,"featured_media":56675,"comment_status":"closed","ping_status":"closed","sticky":false,"template":"","format":"standard","meta":{"footnotes":""},"categories":[55],"tags":[],"class_list":["post-56674","post","type-post","status-publish","format-standard","has-post-thumbnail","hentry","category-justicia"],"jetpack_featured_media_url":"https:\/\/radiorevelacionfm.cl\/wp-content\/uploads\/2025\/07\/IMG_9977-1-1.jpeg","_links":{"self":[{"href":"https:\/\/radiorevelacionfm.cl\/index.php?rest_route=\/wp\/v2\/posts\/56674","targetHints":{"allow":["GET"]}}],"collection":[{"href":"https:\/\/radiorevelacionfm.cl\/index.php?rest_route=\/wp\/v2\/posts"}],"about":[{"href":"https:\/\/radiorevelacionfm.cl\/index.php?rest_route=\/wp\/v2\/types\/post"}],"author":[{"embeddable":true,"href":"https:\/\/radiorevelacionfm.cl\/index.php?rest_route=\/wp\/v2\/users\/1"}],"replies":[{"embeddable":true,"href":"https:\/\/radiorevelacionfm.cl\/index.php?rest_route=%2Fwp%2Fv2%2Fcomments&post=56674"}],"version-history":[{"count":2,"href":"https:\/\/radiorevelacionfm.cl\/index.php?rest_route=\/wp\/v2\/posts\/56674\/revisions"}],"predecessor-version":[{"id":56679,"href":"https:\/\/radiorevelacionfm.cl\/index.php?rest_route=\/wp\/v2\/posts\/56674\/revisions\/56679"}],"wp:featuredmedia":[{"embeddable":true,"href":"https:\/\/radiorevelacionfm.cl\/index.php?rest_route=\/wp\/v2\/media\/56675"}],"wp:attachment":[{"href":"https:\/\/radiorevelacionfm.cl\/index.php?rest_route=%2Fwp%2Fv2%2Fmedia&parent=56674"}],"wp:term":[{"taxonomy":"category","embeddable":true,"href":"https:\/\/radiorevelacionfm.cl\/index.php?rest_route=%2Fwp%2Fv2%2Fcategories&post=56674"},{"taxonomy":"post_tag","embeddable":true,"href":"https:\/\/radiorevelacionfm.cl\/index.php?rest_route=%2Fwp%2Fv2%2Ftags&post=56674"}],"curies":[{"name":"wp","href":"https:\/\/api.w.org\/{rel}","templated":true}]}}