{"id":56671,"date":"2025-07-18T10:19:21","date_gmt":"2025-07-18T13:19:21","guid":{"rendered":"https:\/\/radiorevelacionfm.cl\/?p=56671"},"modified":"2025-07-18T10:19:21","modified_gmt":"2025-07-18T13:19:21","slug":"resolucion-dictada-por-dga-cuenta-con-excepciones-a-las-que-pueden-acudir-usuarias-usuarios-y-comunidades-de-aguas-en-la-region-de-aysen","status":"publish","type":"post","link":"https:\/\/radiorevelacionfm.cl\/?p=56671","title":{"rendered":"Resoluci\u00f3n dictada por DGA cuenta con excepciones a las que pueden acudir usuarias-usuarios y comunidades de aguas en la Regi\u00f3n de Ays\u00e9n"},"content":{"rendered":"<div class=\"flex_column av_one_full  flex_column_div av-zero-column-padding first  avia-builder-el-0  el_before_av_one_full  avia-builder-el-first  \" style='border-radius:0px; '><div  class='avia-image-container  av-styling-    avia-builder-el-1  avia-builder-el-no-sibling  avia-align-center '  itemprop=\"image\" itemscope=\"itemscope\" itemtype=\"https:\/\/schema.org\/ImageObject\"  ><div class='avia-image-container-inner'><div class='avia-image-overlay-wrap'><img decoding=\"async\" class='wp-image-56672 avia-img-lazy-loading-not-56672 avia_image' src=\"https:\/\/radiorevelacionfm.cl\/wp-content\/uploads\/2025\/07\/compuertas-1-1.jpeg\" alt='' title='compuertas (1) (1)' height=\"600\" width=\"1066\"  itemprop=\"thumbnailUrl\" srcset=\"https:\/\/radiorevelacionfm.cl\/wp-content\/uploads\/2025\/07\/compuertas-1-1.jpeg 1066w, https:\/\/radiorevelacionfm.cl\/wp-content\/uploads\/2025\/07\/compuertas-1-1-300x169.jpeg 300w, https:\/\/radiorevelacionfm.cl\/wp-content\/uploads\/2025\/07\/compuertas-1-1-1030x580.jpeg 1030w, https:\/\/radiorevelacionfm.cl\/wp-content\/uploads\/2025\/07\/compuertas-1-1-768x432.jpeg 768w, https:\/\/radiorevelacionfm.cl\/wp-content\/uploads\/2025\/07\/compuertas-1-1-705x397.jpeg 705w, https:\/\/radiorevelacionfm.cl\/wp-content\/uploads\/2025\/07\/compuertas-1-1-450x253.jpeg 450w, https:\/\/radiorevelacionfm.cl\/wp-content\/uploads\/2025\/07\/compuertas-1-1-600x338.jpeg 600w\" sizes=\"(max-width: 1066px) 100vw, 1066px\" \/><\/div><\/div><\/div><\/div><div class=\"flex_column av_one_full  flex_column_div av-zero-column-padding first  avia-builder-el-2  el_after_av_one_full  el_before_av_one_full  column-top-margin\" style='border-radius:0px; '><section class=\"av_textblock_section \"  itemscope=\"itemscope\" itemtype=\"https:\/\/schema.org\/BlogPosting\" itemprop=\"blogPost\" ><div class='avia_textblock  '   itemprop=\"text\" ><p style=\"text-align: center;\"><strong><span style=\"font-size: 18pt;\">Resoluci\u00f3n dictada por DGA cuenta con excepciones a las que pueden acudir usuarias-usuarios y comunidades de aguas en la Regi\u00f3n de Ays\u00e9n<\/span><\/strong><\/p>\n<div id=\"gtx-trans\" style=\"position: absolute; left: -50px; top: 4.31534px;\">\n<div class=\"gtx-trans-icon\"><\/div>\n<\/div>\n<\/div><\/section><\/div><div class=\"flex_column av_one_full  flex_column_div av-zero-column-padding first  avia-builder-el-4  el_after_av_one_full  el_before_av_hr  column-top-margin\" style='border-radius:0px; '><section class=\"av_textblock_section \"  itemscope=\"itemscope\" itemtype=\"https:\/\/schema.org\/BlogPosting\" itemprop=\"blogPost\" ><div class='avia_textblock  '   itemprop=\"text\" ><ul>\n<li style=\"text-align: justify;\"><em>Resoluci\u00f3n es una medida preventiva, que no impide el uso del agua, y que tiene como objetivo en caso de lluvias el correcto funcionamiento de las bocatomas para salvaguardar la vida de las personas junto con evitar inundaciones de predios, casas e infraestructura p\u00fablica.<\/em><\/li>\n<\/ul>\n<p style=\"text-align: justify;\">La Secretaria Regional Ministerial de Obras P\u00fablicas (S), Melisa Rojas, inform\u00f3 esta tarde un conjunto de medidas que la Direcci\u00f3n General de Aguas del MOP en la Regi\u00f3n de Ays\u00e9n est\u00e1 implementando, como dictar la Resoluci\u00f3n N\u00b01 del 13 de mayo 2025 que se funda en lo preceptuado en el Art\u00edculo 304 del C\u00f3digo de Aguas para que las bocatomas se mantengan cerradas en momentos en que exista pron\u00f3stico de lluvia para prevenir y\u00a0 resguardar la seguridad y la vida de las personas, as\u00ed como tambi\u00e9n est\u00e1 atendiendo las inquietudes de la comunidad y ha difundido que esa misma Resoluci\u00f3n cuenta con excepciones a las que pueden acudir los y las usuarias y comunidades de aguas. Adicionalmente, y por instrucci\u00f3n de la suscrita, la DGA del MOP est\u00e1 buscando poder integrar en esta Resoluci\u00f3n otros usos a las excepciones que se contemplan.<\/p>\n<p style=\"text-align: justify;\">La autoridad regional de Obras P\u00fablicas asegur\u00f3 que \u201csomos un gobierno responsable que atendemos hasta las m\u00e1s b\u00e1sicas necesidades de la poblaci\u00f3n en la Regi\u00f3n de Ays\u00e9n y estamos llamados a cumplir con lo mandatado en la Ley, que en este caso en particular es el C\u00f3digo de Aguas, lo que significa dictar Resoluciones que de alguna manera protejan a la comunidad respecto a determinadas situaciones que puedan constituir riesgos para la vida, salud y bienes de la poblaci\u00f3n, pero principalmente la vida porque este es un valor que est\u00e1 por sobre cualquier cosa y es el valor que tambi\u00e9n se sustenta en nuestro este gobierno. Queremos que efectivamente todos quienes ejecutan obras en los cauces naturales est\u00e9n informados respecto de las situaciones que eventualmente pueden ocurrir derivadas de las crecidas de los r\u00edos o cambios en las condiciones de escurrimientos y que frente a estas situaciones tomen decisiones o acciones, principalmente cuando estamos hablando de entidades en que no hay solamente un usuario, sino que hay muchos usuarios y usuarias que pueden ser afectados con las decisiones por la seguridad de la poblaci\u00f3n\u201d.<\/p>\n<p style=\"text-align: justify;\">Esta Resoluci\u00f3n que est\u00e1 en ejercicio desde el 01 de junio y hasta el 21 de diciembre en todo el pa\u00eds, tiene su fundamento legal espec\u00edfico en el inciso primero del art\u00edculo 304 del C\u00f3digo de Aguas, para todas las Comunidades de Aguas, usuarios y usuarias en general en Chile, y se dicta para que las bocatomas se mantengan cerradas en un periodo del a\u00f1o en que suele haber pron\u00f3sticos de lluvia o eso se pronostica. Es una medida preventiva, que no impide el uso del agua, y que tiene como objetivo el correcto funcionamiento de las bocatomas y respectivos canales para resguardar la vida, salud y bienes de la poblaci\u00f3n e infraestructura p\u00fablica.<\/p>\n<p style=\"text-align: justify;\">En esta l\u00ednea de acci\u00f3n, \u00a0la Seremi (S) Melisa Rojas, atendiendo la solicitud de la Comunidad Usuaria, e instruy\u00f3 al Director Regional de Aguas visualizar las soluciones de la problem\u00e1ticas que ello pueden significar o que eventualmente puedan surgir m\u00e1s adelante.<\/p>\n<p style=\"text-align: justify;\">De esta forma, Melisa Rojas, afirm\u00f3: \u201cAs\u00ed como existe esta Resoluci\u00f3n, tambi\u00e9n existen excepciones a las que las y los usuarios y comunidad de aguas pueden acudir y estas son por ejemplo que los y las usuarias o comunidades de aguas y poblaci\u00f3n en general cuente con dispositivos adecuados tanto para controlar el ingreso de agua durante las crecidas como para evacuar los excesos captados sin afectar a terceros; que el acueducto se encuentre en un estado de mantenci\u00f3n \u00f3ptimo, conforme a lo dispuesto en el art\u00edculo 91 del C\u00f3digo del Aguas; que se cuente con personal competente que maneje la bocatoma y que exista un plan de acci\u00f3n frente a las crecidas; que se proceda al cierre inmediato ante estado de alerta de crecidas, para lo cual el personal competente que maneje la bocatoma deber\u00e1 monitorear de forma permanente y oportuna las alertas del sitio web institucional de Senapred; que se informe a la Oficina Regional DGA MOP en la Regi\u00f3n de Ays\u00e9n, mediante oficio y a la oficina virtual DGA en el link: <a href=\"https:\/\/recepcondocumental.mop.gob.cl\/\">https:\/\/recepcondocumental.mop.gob.cl\/#<\/a>, al Municipio competente y a la Delegaci\u00f3n Provincial respectiva, sobre la persona natural o jur\u00eddica responsable del acueducto, la operaci\u00f3n durante el per\u00edodo espec\u00edfico en el resuelvo N\u00b02 de esta Resoluci\u00f3n, su localizaci\u00f3n, cauce, punto de captaci\u00f3n de las aguas, nombre, direcci\u00f3n, tel\u00e9fono y correo electr\u00f3nico de las personas encargadas de manejar la captaci\u00f3n y el acueducto; y que cualquier da\u00f1o derivado de la decisi\u00f3n de mantener abierta la bocatoma u obra se toma ampar\u00e1ndose en lo establecido en este resuelvo y ser\u00e1 de estricta responsabilidad de quien adopta dicha decisi\u00f3n\u201d.<\/p>\n<p style=\"text-align: justify;\"><strong>\u00a0<\/strong><\/p>\n<\/div><\/section><\/div><div  style='height:50px' class='hr hr-invisible   avia-builder-el-6  el_after_av_one_full  el_before_av_social_share '><span class='hr-inner ' ><span class='hr-inner-style'><\/span><\/span><\/div><\/p>\n<div  class='av-social-sharing-box  avia-builder-el-7  el_after_av_hr  el_before_av_hr  '><div class='av-share-box'><h5 class='av-share-link-description av-no-toc '>Compartir esta noticia<\/h5><ul class='av-share-box-list noLightbox'><li class='av-share-link av-social-link-facebook' ><a target=\"_blank\" aria-label=\"Compartir en Facebook\" href='https:\/\/www.facebook.com\/sharer.php?u=https:\/\/radiorevelacionfm.cl\/?p=56671&#038;t=Resoluci%C3%B3n%20dictada%20por%20DGA%20cuenta%20con%20excepciones%20a%20las%20que%20pueden%20acudir%20usuarias-usuarios%20y%20comunidades%20de%20aguas%20en%20la%20Regi%C3%B3n%20de%20Ays%C3%A9n' aria-hidden='false' data-av_icon='\ue8f3' data-av_iconfont='entypo-fontello' title='' data-avia-related-tooltip='Compartir en Facebook' rel=\"noopener\"><span class='avia_hidden_link_text'>Compartir en Facebook<\/span><\/a><\/li><li class='av-share-link av-social-link-twitter' ><a target=\"_blank\" aria-label=\"Compartir en Twitter\" href='https:\/\/twitter.com\/share?text=Resoluci%C3%B3n%20dictada%20por%20DGA%20cuenta%20con%20excepciones%20a%20las%20que%20pueden%20acudir%20usuarias-usuarios%20y%20comunidades%20de%20aguas%20en%20la%20Regi%C3%B3n%20de%20Ays%C3%A9n&#038;url=https:\/\/radiorevelacionfm.cl\/?p=56671' aria-hidden='false' data-av_icon='\ue8f1' data-av_iconfont='entypo-fontello' title='' data-avia-related-tooltip='Compartir en Twitter' rel=\"noopener\"><span class='avia_hidden_link_text'>Compartir en Twitter<\/span><\/a><\/li><li class='av-share-link av-social-link-whatsapp' ><a target=\"_blank\" aria-label=\"Compartir en Whatsapp\" href='https:\/\/api.whatsapp.com\/send?text=https:\/\/radiorevelacionfm.cl\/?p=56671' aria-hidden='false' data-av_icon='\uf232' data-av_iconfont='entypo-fontello' title='' data-avia-related-tooltip='Compartir en Whatsapp' rel=\"noopener\"><span class='avia_hidden_link_text'>Compartir en Whatsapp<\/span><\/a><\/li><li class='av-share-link av-social-link-linkedin' ><a target=\"_blank\" aria-label=\"Compartir en LinkedIn\" href='https:\/\/linkedin.com\/shareArticle?mini=true&#038;title=Resoluci%C3%B3n%20dictada%20por%20DGA%20cuenta%20con%20excepciones%20a%20las%20que%20pueden%20acudir%20usuarias-usuarios%20y%20comunidades%20de%20aguas%20en%20la%20Regi%C3%B3n%20de%20Ays%C3%A9n&#038;url=https:\/\/radiorevelacionfm.cl\/?p=56671' aria-hidden='false' data-av_icon='\ue8fc' data-av_iconfont='entypo-fontello' title='' data-avia-related-tooltip='Compartir en LinkedIn' rel=\"noopener\"><span class='avia_hidden_link_text'>Compartir en LinkedIn<\/span><\/a><\/li><li class='av-share-link av-social-link-mail' ><a  aria-label=\"Compartir por correo\" href='mailto:?subject=Resoluci%C3%B3n%20dictada%20por%20DGA%20cuenta%20con%20excepciones%20a%20las%20que%20pueden%20acudir%20usuarias-usuarios%20y%20comunidades%20de%20aguas%20en%20la%20Regi%C3%B3n%20de%20Ays%C3%A9n&#038;body=https:\/\/radiorevelacionfm.cl\/?p=56671' aria-hidden='false' data-av_icon='\ue805' data-av_iconfont='entypo-fontello' title='' data-avia-related-tooltip='Compartir por correo'><span class='avia_hidden_link_text'>Compartir por correo<\/span><\/a><\/li><\/ul><\/div><\/div>\n<div  style='height:50px' class='hr hr-invisible   avia-builder-el-8  el_after_av_social_share  el_before_av_comments_list '><span class='hr-inner ' ><span class='hr-inner-style'><\/span><\/span><\/div>\n<div  class='av-buildercomment  av-blog-meta-html-info-disabled av-blog-meta-tag-disabled  '><\/div>\n","protected":false},"excerpt":{"rendered":"","protected":false},"author":1,"featured_media":56672,"comment_status":"closed","ping_status":"closed","sticky":false,"template":"","format":"standard","meta":{"footnotes":""},"categories":[38],"tags":[],"class_list":["post-56671","post","type-post","status-publish","format-standard","has-post-thumbnail","hentry","category-regional"],"jetpack_featured_media_url":"https:\/\/radiorevelacionfm.cl\/wp-content\/uploads\/2025\/07\/compuertas-1-1.jpeg","_links":{"self":[{"href":"https:\/\/radiorevelacionfm.cl\/index.php?rest_route=\/wp\/v2\/posts\/56671","targetHints":{"allow":["GET"]}}],"collection":[{"href":"https:\/\/radiorevelacionfm.cl\/index.php?rest_route=\/wp\/v2\/posts"}],"about":[{"href":"https:\/\/radiorevelacionfm.cl\/index.php?rest_route=\/wp\/v2\/types\/post"}],"author":[{"embeddable":true,"href":"https:\/\/radiorevelacionfm.cl\/index.php?rest_route=\/wp\/v2\/users\/1"}],"replies":[{"embeddable":true,"href":"https:\/\/radiorevelacionfm.cl\/index.php?rest_route=%2Fwp%2Fv2%2Fcomments&post=56671"}],"version-history":[{"count":2,"href":"https:\/\/radiorevelacionfm.cl\/index.php?rest_route=\/wp\/v2\/posts\/56671\/revisions"}],"predecessor-version":[{"id":56678,"href":"https:\/\/radiorevelacionfm.cl\/index.php?rest_route=\/wp\/v2\/posts\/56671\/revisions\/56678"}],"wp:featuredmedia":[{"embeddable":true,"href":"https:\/\/radiorevelacionfm.cl\/index.php?rest_route=\/wp\/v2\/media\/56672"}],"wp:attachment":[{"href":"https:\/\/radiorevelacionfm.cl\/index.php?rest_route=%2Fwp%2Fv2%2Fmedia&parent=56671"}],"wp:term":[{"taxonomy":"category","embeddable":true,"href":"https:\/\/radiorevelacionfm.cl\/index.php?rest_route=%2Fwp%2Fv2%2Fcategories&post=56671"},{"taxonomy":"post_tag","embeddable":true,"href":"https:\/\/radiorevelacionfm.cl\/index.php?rest_route=%2Fwp%2Fv2%2Ftags&post=56671"}],"curies":[{"name":"wp","href":"https:\/\/api.w.org\/{rel}","templated":true}]}}