{"id":56665,"date":"2025-07-17T16:51:58","date_gmt":"2025-07-17T19:51:58","guid":{"rendered":"https:\/\/radiorevelacionfm.cl\/?p=56665"},"modified":"2025-07-17T16:51:58","modified_gmt":"2025-07-17T19:51:58","slug":"a-paso-firme-avanza-la-ampliacion-del-parque-eolico-alto-baguales","status":"publish","type":"post","link":"https:\/\/radiorevelacionfm.cl\/?p=56665","title":{"rendered":"A paso firme avanza la ampliaci\u00f3n del Parque E\u00f3lico Alto Baguales"},"content":{"rendered":"<div class=\"flex_column av_one_full  flex_column_div av-zero-column-padding first  avia-builder-el-0  el_before_av_one_full  avia-builder-el-first  \" style='border-radius:0px; '><div  class='avia-image-container  av-styling-    avia-builder-el-1  avia-builder-el-no-sibling  avia-align-center '  itemprop=\"image\" itemscope=\"itemscope\" itemtype=\"https:\/\/schema.org\/ImageObject\"  ><div class='avia-image-container-inner'><div class='avia-image-overlay-wrap'><img decoding=\"async\" class='wp-image-56666 avia-img-lazy-loading-not-56666 avia_image' src=\"https:\/\/radiorevelacionfm.cl\/wp-content\/uploads\/2025\/07\/hito-1-ab-3-1_optimized-1.jpg\" alt='' title='hito-1-ab-(3)-(1)_optimized (1)' height=\"600\" width=\"900\"  itemprop=\"thumbnailUrl\" srcset=\"https:\/\/radiorevelacionfm.cl\/wp-content\/uploads\/2025\/07\/hito-1-ab-3-1_optimized-1.jpg 900w, https:\/\/radiorevelacionfm.cl\/wp-content\/uploads\/2025\/07\/hito-1-ab-3-1_optimized-1-300x200.jpg 300w, https:\/\/radiorevelacionfm.cl\/wp-content\/uploads\/2025\/07\/hito-1-ab-3-1_optimized-1-768x512.jpg 768w, https:\/\/radiorevelacionfm.cl\/wp-content\/uploads\/2025\/07\/hito-1-ab-3-1_optimized-1-705x470.jpg 705w, https:\/\/radiorevelacionfm.cl\/wp-content\/uploads\/2025\/07\/hito-1-ab-3-1_optimized-1-450x300.jpg 450w, https:\/\/radiorevelacionfm.cl\/wp-content\/uploads\/2025\/07\/hito-1-ab-3-1_optimized-1-600x400.jpg 600w\" sizes=\"(max-width: 900px) 100vw, 900px\" \/><\/div><\/div><\/div><\/div><div class=\"flex_column av_one_full  flex_column_div av-zero-column-padding first  avia-builder-el-2  el_after_av_one_full  el_before_av_one_full  column-top-margin\" style='border-radius:0px; '><section class=\"av_textblock_section \"  itemscope=\"itemscope\" itemtype=\"https:\/\/schema.org\/BlogPosting\" itemprop=\"blogPost\" ><div class='avia_textblock  '   itemprop=\"text\" ><p style=\"text-align: center;\"><strong><span style=\"font-size: 18pt;\">A paso firme avanza la ampliaci\u00f3n del Parque E\u00f3lico Alto Baguales <\/span><\/strong><\/p>\n<div id=\"gtx-trans\" style=\"position: absolute; left: -50px; top: 4.31534px;\">\n<div class=\"gtx-trans-icon\"><\/div>\n<\/div>\n<\/div><\/section><\/div><div class=\"flex_column av_one_full  flex_column_div av-zero-column-padding first  avia-builder-el-4  el_after_av_one_full  el_before_av_hr  column-top-margin\" style='border-radius:0px; '><section class=\"av_textblock_section \"  itemscope=\"itemscope\" itemtype=\"https:\/\/schema.org\/BlogPosting\" itemprop=\"blogPost\" ><div class='avia_textblock  '   itemprop=\"text\" ><p style=\"text-align: justify;\"><em>Con el hormigonado de los primeros dos cimientos para los nuevos aerogeneradores, la el\u00e9ctrica marca un hito en la ejecuci\u00f3n del proyecto de energ\u00eda renovable para la regi\u00f3n.<\/em><\/p>\n<p style=\"text-align: justify;\">Edelaysen contin\u00faa avanzando en la ampliaci\u00f3n del Parque E\u00f3lico Alto Baguales, una obra que busca robustecer la capacidad de generaci\u00f3n de energ\u00eda renovable en la Regi\u00f3n de Ays\u00e9n junto con la mejora en la resiliencia y estabilidad del sistema. En este sentido, si bien el proyecto se est\u00e1 ejecutando desde 2024, durante el primer semestre de este a\u00f1o se han alcanzado hitos relevantes en esta fase de construcci\u00f3n, con la ejecuci\u00f3n de los primeros hormigonados de las bases estructurales que sostendr\u00e1n los nuevos aerogeneradores.<\/p>\n<p style=\"text-align: justify;\">A la fecha, ya se han completado dos de los cinco cimientos proyectados, cada uno con cerca de 50 toneladas de acero de refuerzo y 460 metros c\u00fabicos de hormig\u00f3n.<\/p>\n<p style=\"text-align: justify;\">Asimismo, la expansi\u00f3n considera la instalaci\u00f3n de cinco aerogeneradores de 3 MW, con una altura de 119 metros cada uno y la incorporaci\u00f3n de sistemas BESS (sistema de almacenaje de energ\u00eda generada), que permitir\u00e1n optimizar la gesti\u00f3n y estabilidad del sistema energ\u00e9tico.<\/p>\n<p style=\"text-align: justify;\">Uno de los aspectos m\u00e1s relevantes de este proyecto es el fuerte componente local en su ejecuci\u00f3n. Desde sus inicios, Edelaysen ha priorizado el trabajo con proveedores y empresas de la regi\u00f3n de Ays\u00e9n, promoviendo la contrataci\u00f3n de servicios, mano de obra y log\u00edstica local. Este enfoque no solo permite un mayor conocimiento del entorno y una mejor respuesta operativa, sino que tambi\u00e9n genera un impacto directo en la econom\u00eda regional y en la empleabilidad local.<\/p>\n<p style=\"text-align: justify;\">El parque e\u00f3lico, ubicado a solo 7 kil\u00f3metros de Coyhaique, tambi\u00e9n ha sido visitado por distintos actores locales interesados en conocer el avance del proyecto en terreno. Entre ellos, destacan el alcalde de Coyhaique, concejales, representantes de la Uni\u00f3n Comunal y la C\u00e1mara Chilena de la Construcci\u00f3n, quienes han recorrido la central y valorado el aporte que significa para la transici\u00f3n energ\u00e9tica y el desarrollo de la zona.<\/p>\n<p style=\"text-align: justify;\">El alcalde de Coyhaique, Carlos Gatica, destac\u00f3 tras su visita a las instalaciones:<br \/>\n\u201cEste proyecto no solo aumentar\u00e1 la capacidad de energ\u00eda renovable del sistema, sino que tambi\u00e9n le dar\u00e1 mayor estabilidad. Estamos muy contentos y agradecidos con Edelaysen por la disposici\u00f3n a mostrarnos el estado de avance del proyecto. En septiembre llegar\u00e1n los nuevos generadores, lo que marcar\u00e1 el inicio de su implementaci\u00f3n y la puesta en marcha durante el pr\u00f3ximo a\u00f1o 2026\u201d.<\/p>\n<p style=\"text-align: justify;\">Por su parte, Mar\u00eda de los \u00c1ngeles Gajardo, jefa de Servicio al Cliente, agreg\u00f3:<br \/>\n\u201cEste proyecto representa nuestro compromiso con la transici\u00f3n energ\u00e9tica y con las comunidades de Ays\u00e9n. Cada avance que logramos es tambi\u00e9n una oportunidad para seguir impulsando el desarrollo local con empleo, inversi\u00f3n y energ\u00eda limpia para el futuro\u201d.<\/p>\n<p style=\"text-align: justify;\">Con este proyecto, Edelaysen reafirma su compromiso con el desarrollo sostenible y el fortalecimiento de una matriz energ\u00e9tica m\u00e1s limpia y segura para Ays\u00e9n, apostando por soluciones concretas que aportan al bienestar de las personas y al futuro energ\u00e9tico de la regi\u00f3n.<\/p>\n<\/div><\/section><\/div><div  style='height:50px' class='hr hr-invisible   avia-builder-el-6  el_after_av_one_full  el_before_av_social_share '><span class='hr-inner ' ><span class='hr-inner-style'><\/span><\/span><\/div><\/p>\n<div  class='av-social-sharing-box  avia-builder-el-7  el_after_av_hr  el_before_av_hr  '><div class='av-share-box'><h5 class='av-share-link-description av-no-toc '>Compartir esta noticia<\/h5><ul class='av-share-box-list noLightbox'><li class='av-share-link av-social-link-facebook' ><a target=\"_blank\" aria-label=\"Compartir en Facebook\" href='https:\/\/www.facebook.com\/sharer.php?u=https:\/\/radiorevelacionfm.cl\/?p=56665&#038;t=A%20paso%20firme%20avanza%20la%20ampliaci%C3%B3n%20del%20Parque%20E%C3%B3lico%20Alto%20Baguales' aria-hidden='false' data-av_icon='\ue8f3' data-av_iconfont='entypo-fontello' title='' data-avia-related-tooltip='Compartir en Facebook' rel=\"noopener\"><span class='avia_hidden_link_text'>Compartir en Facebook<\/span><\/a><\/li><li class='av-share-link av-social-link-twitter' ><a target=\"_blank\" aria-label=\"Compartir en Twitter\" href='https:\/\/twitter.com\/share?text=A%20paso%20firme%20avanza%20la%20ampliaci%C3%B3n%20del%20Parque%20E%C3%B3lico%20Alto%20Baguales&#038;url=https:\/\/radiorevelacionfm.cl\/?p=56665' aria-hidden='false' data-av_icon='\ue8f1' data-av_iconfont='entypo-fontello' title='' data-avia-related-tooltip='Compartir en Twitter' rel=\"noopener\"><span class='avia_hidden_link_text'>Compartir en Twitter<\/span><\/a><\/li><li class='av-share-link av-social-link-whatsapp' ><a target=\"_blank\" aria-label=\"Compartir en Whatsapp\" href='https:\/\/api.whatsapp.com\/send?text=https:\/\/radiorevelacionfm.cl\/?p=56665' aria-hidden='false' data-av_icon='\uf232' data-av_iconfont='entypo-fontello' title='' data-avia-related-tooltip='Compartir en Whatsapp' rel=\"noopener\"><span class='avia_hidden_link_text'>Compartir en Whatsapp<\/span><\/a><\/li><li class='av-share-link av-social-link-linkedin' ><a target=\"_blank\" aria-label=\"Compartir en LinkedIn\" href='https:\/\/linkedin.com\/shareArticle?mini=true&#038;title=A%20paso%20firme%20avanza%20la%20ampliaci%C3%B3n%20del%20Parque%20E%C3%B3lico%20Alto%20Baguales&#038;url=https:\/\/radiorevelacionfm.cl\/?p=56665' aria-hidden='false' data-av_icon='\ue8fc' data-av_iconfont='entypo-fontello' title='' data-avia-related-tooltip='Compartir en LinkedIn' rel=\"noopener\"><span class='avia_hidden_link_text'>Compartir en LinkedIn<\/span><\/a><\/li><li class='av-share-link av-social-link-mail' ><a  aria-label=\"Compartir por correo\" href='mailto:?subject=A%20paso%20firme%20avanza%20la%20ampliaci%C3%B3n%20del%20Parque%20E%C3%B3lico%20Alto%20Baguales&#038;body=https:\/\/radiorevelacionfm.cl\/?p=56665' aria-hidden='false' data-av_icon='\ue805' data-av_iconfont='entypo-fontello' title='' data-avia-related-tooltip='Compartir por correo'><span class='avia_hidden_link_text'>Compartir por correo<\/span><\/a><\/li><\/ul><\/div><\/div>\n<div  style='height:50px' class='hr hr-invisible   avia-builder-el-8  el_after_av_social_share  el_before_av_comments_list '><span class='hr-inner ' ><span class='hr-inner-style'><\/span><\/span><\/div>\n<div  class='av-buildercomment  av-blog-meta-html-info-disabled av-blog-meta-tag-disabled  '><\/div>\n","protected":false},"excerpt":{"rendered":"","protected":false},"author":1,"featured_media":56666,"comment_status":"closed","ping_status":"closed","sticky":false,"template":"","format":"standard","meta":{"footnotes":""},"categories":[38],"tags":[],"class_list":["post-56665","post","type-post","status-publish","format-standard","has-post-thumbnail","hentry","category-regional"],"jetpack_featured_media_url":"https:\/\/radiorevelacionfm.cl\/wp-content\/uploads\/2025\/07\/hito-1-ab-3-1_optimized-1.jpg","_links":{"self":[{"href":"https:\/\/radiorevelacionfm.cl\/index.php?rest_route=\/wp\/v2\/posts\/56665","targetHints":{"allow":["GET"]}}],"collection":[{"href":"https:\/\/radiorevelacionfm.cl\/index.php?rest_route=\/wp\/v2\/posts"}],"about":[{"href":"https:\/\/radiorevelacionfm.cl\/index.php?rest_route=\/wp\/v2\/types\/post"}],"author":[{"embeddable":true,"href":"https:\/\/radiorevelacionfm.cl\/index.php?rest_route=\/wp\/v2\/users\/1"}],"replies":[{"embeddable":true,"href":"https:\/\/radiorevelacionfm.cl\/index.php?rest_route=%2Fwp%2Fv2%2Fcomments&post=56665"}],"version-history":[{"count":2,"href":"https:\/\/radiorevelacionfm.cl\/index.php?rest_route=\/wp\/v2\/posts\/56665\/revisions"}],"predecessor-version":[{"id":56668,"href":"https:\/\/radiorevelacionfm.cl\/index.php?rest_route=\/wp\/v2\/posts\/56665\/revisions\/56668"}],"wp:featuredmedia":[{"embeddable":true,"href":"https:\/\/radiorevelacionfm.cl\/index.php?rest_route=\/wp\/v2\/media\/56666"}],"wp:attachment":[{"href":"https:\/\/radiorevelacionfm.cl\/index.php?rest_route=%2Fwp%2Fv2%2Fmedia&parent=56665"}],"wp:term":[{"taxonomy":"category","embeddable":true,"href":"https:\/\/radiorevelacionfm.cl\/index.php?rest_route=%2Fwp%2Fv2%2Fcategories&post=56665"},{"taxonomy":"post_tag","embeddable":true,"href":"https:\/\/radiorevelacionfm.cl\/index.php?rest_route=%2Fwp%2Fv2%2Ftags&post=56665"}],"curies":[{"name":"wp","href":"https:\/\/api.w.org\/{rel}","templated":true}]}}