{"id":56661,"date":"2025-07-17T16:22:19","date_gmt":"2025-07-17T19:22:19","guid":{"rendered":"https:\/\/radiorevelacionfm.cl\/?p=56661"},"modified":"2025-07-17T16:22:19","modified_gmt":"2025-07-17T19:22:19","slug":"en-la-provincia-de-aysen-convocan-a-comite-para-la-gestion-del-riesgo-de-desastres-ante-frente-de-mal-tiempo","status":"publish","type":"post","link":"https:\/\/radiorevelacionfm.cl\/?p=56661","title":{"rendered":"En la Provincia de Ays\u00e9n convocan a Comit\u00e9 para la Gesti\u00f3n del Riesgo de Desastres ante frente de mal tiempo"},"content":{"rendered":"<div class=\"flex_column av_one_full  flex_column_div av-zero-column-padding first  avia-builder-el-0  el_before_av_one_full  avia-builder-el-first  \" style='border-radius:0px; '><div  class='avia-image-container  av-styling-    avia-builder-el-1  avia-builder-el-no-sibling  avia-align-center '  itemprop=\"image\" itemscope=\"itemscope\" itemtype=\"https:\/\/schema.org\/ImageObject\"  ><div class='avia-image-container-inner'><div class='avia-image-overlay-wrap'><img decoding=\"async\" class='wp-image-56662 avia-img-lazy-loading-not-56662 avia_image' src=\"https:\/\/radiorevelacionfm.cl\/wp-content\/uploads\/2025\/07\/whatsapp-image-2025-07-17-at-15_optimized.46.32-1-1.jpeg\" alt='' title='whatsapp-image-2025-07-17-at-15_optimized.46.32-(1) (1)' height=\"600\" width=\"1107\"  itemprop=\"thumbnailUrl\" srcset=\"https:\/\/radiorevelacionfm.cl\/wp-content\/uploads\/2025\/07\/whatsapp-image-2025-07-17-at-15_optimized.46.32-1-1.jpeg 1107w, https:\/\/radiorevelacionfm.cl\/wp-content\/uploads\/2025\/07\/whatsapp-image-2025-07-17-at-15_optimized.46.32-1-1-300x163.jpeg 300w, https:\/\/radiorevelacionfm.cl\/wp-content\/uploads\/2025\/07\/whatsapp-image-2025-07-17-at-15_optimized.46.32-1-1-1030x558.jpeg 1030w, https:\/\/radiorevelacionfm.cl\/wp-content\/uploads\/2025\/07\/whatsapp-image-2025-07-17-at-15_optimized.46.32-1-1-768x416.jpeg 768w, https:\/\/radiorevelacionfm.cl\/wp-content\/uploads\/2025\/07\/whatsapp-image-2025-07-17-at-15_optimized.46.32-1-1-705x382.jpeg 705w, https:\/\/radiorevelacionfm.cl\/wp-content\/uploads\/2025\/07\/whatsapp-image-2025-07-17-at-15_optimized.46.32-1-1-450x244.jpeg 450w, https:\/\/radiorevelacionfm.cl\/wp-content\/uploads\/2025\/07\/whatsapp-image-2025-07-17-at-15_optimized.46.32-1-1-600x325.jpeg 600w\" sizes=\"(max-width: 1107px) 100vw, 1107px\" \/><\/div><\/div><\/div><\/div><div class=\"flex_column av_one_full  flex_column_div av-zero-column-padding first  avia-builder-el-2  el_after_av_one_full  el_before_av_one_full  column-top-margin\" style='border-radius:0px; '><section class=\"av_textblock_section \"  itemscope=\"itemscope\" itemtype=\"https:\/\/schema.org\/BlogPosting\" itemprop=\"blogPost\" ><div class='avia_textblock  '   itemprop=\"text\" ><p style=\"text-align: center;\"><strong><span style=\"font-size: 18pt;\">En la Provincia de Ays\u00e9n convocan a Comit\u00e9 para la Gesti\u00f3n del Riesgo de Desastres ante frente de mal tiempo<\/span><\/strong><\/p>\n<div id=\"gtx-trans\" style=\"position: absolute; left: -50px; top: 4.31534px;\">\n<div class=\"gtx-trans-icon\"><\/div>\n<\/div>\n<\/div><\/section><\/div><div class=\"flex_column av_one_full  flex_column_div av-zero-column-padding first  avia-builder-el-4  el_after_av_one_full  el_before_av_hr  column-top-margin\" style='border-radius:0px; '><section class=\"av_textblock_section \"  itemscope=\"itemscope\" itemtype=\"https:\/\/schema.org\/BlogPosting\" itemprop=\"blogPost\" ><div class='avia_textblock  '   itemprop=\"text\" ><p style=\"text-align: justify;\">Durante este mi\u00e9rcoles, se desarroll\u00f3 el COGRID en la Delegaci\u00f3n Presidencial Provincial de Ays\u00e9n, dirigido por el Delegado, Rodrigo Moreno Rivera.<\/p>\n<p style=\"text-align: justify;\">En la reuni\u00f3n estuvieron presentes el Director del Hospital,\u00a0 Bomberos, Senapred, Carabineros,\u00a0 PDI, Vialidad, Edelaysen, Cesfam, Regimiento,\u00a0 SAG, Municipalidad Ays\u00e9n, Municipalidad Cisnes, Armada, Conaf, Serviu y Aguas Patagonia.<\/p>\n<p style=\"text-align: justify;\">La instancia fue desarrollada con la finalidad de tomar acuerdos y agilizar informaci\u00f3n durante la emergencia con las instituciones antes mencionadas.<\/p>\n<p style=\"text-align: justify;\">\u201cEl d\u00eda mi\u00e9rcoles 16 tomamos la decisi\u00f3n de convocar a un COGRID provincial debido a que hubo un cambio desde Senapred de alerta y alarma, lo que nos llam\u00f3 obviamente a tener que reunir &lt;a los servicios que se convocan en estas situaciones, para estar preparados y as\u00ed trabajar para cualquier eventualidad de hoy, tuvimos un COGRID regional el d\u00eda martes, y como hubo este cambio, citamos a este. Fue un COGRID informativo, generalmente las instituciones siempre est\u00e1n trabajando, ellos ya estaban al tanto de la situaci\u00f3n, por lo tanto es para ponernos de acuerdo, y as\u00ed todo resulte de manera m\u00e1s expedita y r\u00e1pida. La municipalidad nos comunic\u00f3 que est\u00e1 trabajando desde a madruga junto a Serviu y adem\u00e1s vialidad ya estaba monitoreando y trabajando de la mano de Sernageomin donde en la semana hubo remoci\u00f3n de tierra de acuerdo al frente anterior\u201d, declaro el Delegado Presidencial Provincial de Ays\u00e9n, Rodrigo Moreno Rivera.<\/p>\n<p style=\"text-align: justify;\">El Encargado Provincial de Senapred, Patricio Antiman, se\u00f1al\u00f3 que, \u201cDurante la jornada de este mi\u00e9rcoles 16 se convoc\u00f3 un Cogrid Provincial, donde se invit\u00f3 a las instituciones permanente de esta instancia y se sum\u00f3 a los servicios b\u00e1sicos de agua potable y electricidad, adem\u00e1s de los representantes de las comunas de Ays\u00e9n y de Cisnes, ya que han sido afectadas, principalmente Ays\u00e9n, quienes de la semana pasada est\u00e1n trabajando coordinadamente con bomberos, el llamado por parte del delegado es a tomar medidas de precauci\u00f3n, mantener la activaci\u00f3n principalmente de los mecanismos sectoriales, esto requiere bastante movimiento de Obras P\u00fablicas, Vialidad, Direcci\u00f3n general de aguas y Obras Hidr\u00e1ulicas. Hay que mantener los monitoreos, pues esta alerta permanece por hoy jueves y deber\u00eda ir declinando durante este viernes por la tarde\u201d.<\/p>\n<\/div><\/section><\/div><div  style='height:50px' class='hr hr-invisible   avia-builder-el-6  el_after_av_one_full  el_before_av_social_share '><span class='hr-inner ' ><span class='hr-inner-style'><\/span><\/span><\/div><\/p>\n<div  class='av-social-sharing-box  avia-builder-el-7  el_after_av_hr  el_before_av_hr  '><div class='av-share-box'><h5 class='av-share-link-description av-no-toc '>Compartir esta noticia<\/h5><ul class='av-share-box-list noLightbox'><li class='av-share-link av-social-link-facebook' ><a target=\"_blank\" aria-label=\"Compartir en Facebook\" href='https:\/\/www.facebook.com\/sharer.php?u=https:\/\/radiorevelacionfm.cl\/?p=56661&#038;t=En%20la%20Provincia%20de%20Ays%C3%A9n%20convocan%20a%20Comit%C3%A9%20para%20la%20Gesti%C3%B3n%20del%20Riesgo%20de%20Desastres%20ante%20frente%20de%20mal%20tiempo' aria-hidden='false' data-av_icon='\ue8f3' data-av_iconfont='entypo-fontello' title='' data-avia-related-tooltip='Compartir en Facebook' rel=\"noopener\"><span class='avia_hidden_link_text'>Compartir en Facebook<\/span><\/a><\/li><li class='av-share-link av-social-link-twitter' ><a target=\"_blank\" aria-label=\"Compartir en Twitter\" href='https:\/\/twitter.com\/share?text=En%20la%20Provincia%20de%20Ays%C3%A9n%20convocan%20a%20Comit%C3%A9%20para%20la%20Gesti%C3%B3n%20del%20Riesgo%20de%20Desastres%20ante%20frente%20de%20mal%20tiempo&#038;url=https:\/\/radiorevelacionfm.cl\/?p=56661' aria-hidden='false' data-av_icon='\ue8f1' data-av_iconfont='entypo-fontello' title='' data-avia-related-tooltip='Compartir en Twitter' rel=\"noopener\"><span class='avia_hidden_link_text'>Compartir en Twitter<\/span><\/a><\/li><li class='av-share-link av-social-link-whatsapp' ><a target=\"_blank\" aria-label=\"Compartir en Whatsapp\" href='https:\/\/api.whatsapp.com\/send?text=https:\/\/radiorevelacionfm.cl\/?p=56661' aria-hidden='false' data-av_icon='\uf232' data-av_iconfont='entypo-fontello' title='' data-avia-related-tooltip='Compartir en Whatsapp' rel=\"noopener\"><span class='avia_hidden_link_text'>Compartir en Whatsapp<\/span><\/a><\/li><li class='av-share-link av-social-link-linkedin' ><a target=\"_blank\" aria-label=\"Compartir en LinkedIn\" href='https:\/\/linkedin.com\/shareArticle?mini=true&#038;title=En%20la%20Provincia%20de%20Ays%C3%A9n%20convocan%20a%20Comit%C3%A9%20para%20la%20Gesti%C3%B3n%20del%20Riesgo%20de%20Desastres%20ante%20frente%20de%20mal%20tiempo&#038;url=https:\/\/radiorevelacionfm.cl\/?p=56661' aria-hidden='false' data-av_icon='\ue8fc' data-av_iconfont='entypo-fontello' title='' data-avia-related-tooltip='Compartir en LinkedIn' rel=\"noopener\"><span class='avia_hidden_link_text'>Compartir en LinkedIn<\/span><\/a><\/li><li class='av-share-link av-social-link-mail' ><a  aria-label=\"Compartir por correo\" href='mailto:?subject=En%20la%20Provincia%20de%20Ays%C3%A9n%20convocan%20a%20Comit%C3%A9%20para%20la%20Gesti%C3%B3n%20del%20Riesgo%20de%20Desastres%20ante%20frente%20de%20mal%20tiempo&#038;body=https:\/\/radiorevelacionfm.cl\/?p=56661' aria-hidden='false' data-av_icon='\ue805' data-av_iconfont='entypo-fontello' title='' data-avia-related-tooltip='Compartir por correo'><span class='avia_hidden_link_text'>Compartir por correo<\/span><\/a><\/li><\/ul><\/div><\/div>\n<div  style='height:50px' class='hr hr-invisible   avia-builder-el-8  el_after_av_social_share  el_before_av_comments_list '><span class='hr-inner ' ><span class='hr-inner-style'><\/span><\/span><\/div>\n<div  class='av-buildercomment  av-blog-meta-html-info-disabled av-blog-meta-tag-disabled  '><\/div>\n","protected":false},"excerpt":{"rendered":"","protected":false},"author":1,"featured_media":56662,"comment_status":"closed","ping_status":"closed","sticky":false,"template":"","format":"standard","meta":{"footnotes":""},"categories":[38],"tags":[],"class_list":["post-56661","post","type-post","status-publish","format-standard","has-post-thumbnail","hentry","category-regional"],"jetpack_featured_media_url":"https:\/\/radiorevelacionfm.cl\/wp-content\/uploads\/2025\/07\/whatsapp-image-2025-07-17-at-15_optimized.46.32-1-1.jpeg","_links":{"self":[{"href":"https:\/\/radiorevelacionfm.cl\/index.php?rest_route=\/wp\/v2\/posts\/56661","targetHints":{"allow":["GET"]}}],"collection":[{"href":"https:\/\/radiorevelacionfm.cl\/index.php?rest_route=\/wp\/v2\/posts"}],"about":[{"href":"https:\/\/radiorevelacionfm.cl\/index.php?rest_route=\/wp\/v2\/types\/post"}],"author":[{"embeddable":true,"href":"https:\/\/radiorevelacionfm.cl\/index.php?rest_route=\/wp\/v2\/users\/1"}],"replies":[{"embeddable":true,"href":"https:\/\/radiorevelacionfm.cl\/index.php?rest_route=%2Fwp%2Fv2%2Fcomments&post=56661"}],"version-history":[{"count":2,"href":"https:\/\/radiorevelacionfm.cl\/index.php?rest_route=\/wp\/v2\/posts\/56661\/revisions"}],"predecessor-version":[{"id":56664,"href":"https:\/\/radiorevelacionfm.cl\/index.php?rest_route=\/wp\/v2\/posts\/56661\/revisions\/56664"}],"wp:featuredmedia":[{"embeddable":true,"href":"https:\/\/radiorevelacionfm.cl\/index.php?rest_route=\/wp\/v2\/media\/56662"}],"wp:attachment":[{"href":"https:\/\/radiorevelacionfm.cl\/index.php?rest_route=%2Fwp%2Fv2%2Fmedia&parent=56661"}],"wp:term":[{"taxonomy":"category","embeddable":true,"href":"https:\/\/radiorevelacionfm.cl\/index.php?rest_route=%2Fwp%2Fv2%2Fcategories&post=56661"},{"taxonomy":"post_tag","embeddable":true,"href":"https:\/\/radiorevelacionfm.cl\/index.php?rest_route=%2Fwp%2Fv2%2Ftags&post=56661"}],"curies":[{"name":"wp","href":"https:\/\/api.w.org\/{rel}","templated":true}]}}