{"id":56649,"date":"2025-07-17T15:10:05","date_gmt":"2025-07-17T18:10:05","guid":{"rendered":"https:\/\/radiorevelacionfm.cl\/?p=56649"},"modified":"2025-07-17T15:38:43","modified_gmt":"2025-07-17T18:38:43","slug":"danza-y-territorio-finaliza-con-exito-proyecto-de-formacion-en-danza-en-la-region-de-aysen","status":"publish","type":"post","link":"https:\/\/radiorevelacionfm.cl\/?p=56649","title":{"rendered":"Danza y territorio: Finaliza con \u00e9xito proyecto de formaci\u00f3n en danza en la Regi\u00f3n de Ays\u00e9n"},"content":{"rendered":"<div class=\"flex_column av_one_full  flex_column_div av-zero-column-padding first  avia-builder-el-0  el_before_av_one_full  avia-builder-el-first  \" style='border-radius:0px; '><div  class='avia-image-container  av-styling-    avia-builder-el-1  avia-builder-el-no-sibling  avia-align-center '  itemprop=\"image\" itemscope=\"itemscope\" itemtype=\"https:\/\/schema.org\/ImageObject\"  ><div class='avia-image-container-inner'><div class='avia-image-overlay-wrap'><img decoding=\"async\" class='wp-image-56650 avia-img-lazy-loading-not-56650 avia_image' src=\"https:\/\/radiorevelacionfm.cl\/wp-content\/uploads\/2025\/07\/danzaysen1-1-1.jpg\" alt='' title='danzaysen1 (1) (1)' height=\"600\" width=\"900\"  itemprop=\"thumbnailUrl\" srcset=\"https:\/\/radiorevelacionfm.cl\/wp-content\/uploads\/2025\/07\/danzaysen1-1-1.jpg 900w, https:\/\/radiorevelacionfm.cl\/wp-content\/uploads\/2025\/07\/danzaysen1-1-1-300x200.jpg 300w, https:\/\/radiorevelacionfm.cl\/wp-content\/uploads\/2025\/07\/danzaysen1-1-1-768x512.jpg 768w, https:\/\/radiorevelacionfm.cl\/wp-content\/uploads\/2025\/07\/danzaysen1-1-1-705x470.jpg 705w, https:\/\/radiorevelacionfm.cl\/wp-content\/uploads\/2025\/07\/danzaysen1-1-1-450x300.jpg 450w, https:\/\/radiorevelacionfm.cl\/wp-content\/uploads\/2025\/07\/danzaysen1-1-1-600x400.jpg 600w\" sizes=\"(max-width: 900px) 100vw, 900px\" \/><\/div><\/div><\/div><\/div>\n<div class=\"flex_column av_one_full  flex_column_div av-zero-column-padding first  avia-builder-el-2  el_after_av_one_full  el_before_av_one_full  column-top-margin\" style='border-radius:0px; '><section class=\"av_textblock_section \"  itemscope=\"itemscope\" itemtype=\"https:\/\/schema.org\/BlogPosting\" itemprop=\"blogPost\" ><div class='avia_textblock  '   itemprop=\"text\" ><p style=\"text-align: center;\"><span style=\"font-size: 18pt;\"><b>Danza y territorio: Finaliza con \u00e9xito proyecto de formaci\u00f3n en danza en la Regi\u00f3n de Ays\u00e9n<\/b><\/span><\/p>\n<div id=\"gtx-trans\" style=\"position: absolute; left: -50px; top: 4.31534px;\">\n<div class=\"gtx-trans-icon\"><\/div>\n<\/div>\n<\/div><\/section><\/div>\n<div class=\"flex_column av_one_full  flex_column_div av-zero-column-padding first  avia-builder-el-4  el_after_av_one_full  el_before_av_hr  column-top-margin\" style='border-radius:0px; '><section class=\"av_textblock_section \"  itemscope=\"itemscope\" itemtype=\"https:\/\/schema.org\/BlogPosting\" itemprop=\"blogPost\" ><div class='avia_textblock  '   itemprop=\"text\" ><p style=\"text-align: justify;\">Doce<em> artistas locales completaron un intensivo programa formativo que busca profesionalizar el sector de la danza en la regi\u00f3n.<\/em><\/p>\n<p style=\"text-align: justify;\">Con una clase abierta a la comunidad y una emotiva e \u00edntima ceremonia de certificaci\u00f3n, concluy\u00f3 el proyecto <strong><em>\u201c<\/em><\/strong><strong><em>Formaci\u00f3n DanzAys<\/em><\/strong><strong><em>\u00e9<\/em><\/strong><strong><em>n\u201d<\/em><\/strong>, una iniciativa financiada por el Fondo de Fomento y Desarrollo de las Artes Esc\u00e9nicas del Ministerio de las Culturas, las Artes y el Patrimonio. El proyecto tuvo como objetivo principal <strong>profesionalizar el sector de la danza en la Regi\u00f3n de Ays<\/strong><strong>\u00e9<\/strong><strong>n<\/strong>, mediante el fortalecimiento de competencias t\u00e9cnicas y pedag\u00f3gicas de artistas locales.<\/p>\n<p style=\"text-align: justify;\">Durante un poco m\u00e1s de tres meses, 12<strong> personas trabajadoras de la danza y las artes esc<\/strong><strong>\u00e9<\/strong><strong>nicas<\/strong> provenientes de las comunas de Coyhaique y Ays\u00e9n se capacitaron en tres disciplinas fundamentales: <strong>Ballet, T<\/strong><strong>\u00e9<\/strong><strong>cnica Moderna y Danza Contempor\u00e1nea<\/strong>, en un total de <strong>148 horas pedag<\/strong><strong>\u00f3<\/strong><strong>gicas<\/strong>.<\/p>\n<p style=\"text-align: justify;\">Las clases fueron dictadas por 3 docentes &#8211; artistas esc\u00e9nicos residentes de la Regi\u00f3n de Ays\u00e9n, lo que permiti\u00f3 no solo poner en valor la diversidad presente en el territorio, sino tambi\u00e9n construir un espacio de formaci\u00f3n horizontal y profundamente colaborativo, donde el intercambio constante entre participantes y formadores enriqueci\u00f3 cada etapa del proceso.<\/p>\n<p style=\"text-align: justify;\">Fernando Y\u00e9venes es integrante de Danzays\u00e9n y gestora del proyecto: \u201cFormaci\u00f3n DanzAys\u00e9n nace desde la necesidad de estudiar y de entregar herramientas t\u00e9cnicas a quienes ense\u00f1an diferentes\u00a0 danzas y artistas esc\u00e9nicos de la regi\u00f3n de Ays\u00e9n. Busca descentralizar el acceso a las personas que habitamos en este territorio, ya que aqu\u00ed no hay espacios destinados a profesionalizar el sector en la danza\u201d.<\/p>\n<p style=\"text-align: justify;\">Sin duda fue un acierto y ha tenido un impacto que no esper\u00e1bamos, aprendimos mucho en 3 meses de Clases intensivas y esperamos definitivamente poder continuar con este proyecto.<\/p>\n<p style=\"text-align: justify;\">El seremi de Culturas Ays\u00e9n, Felipe Quiroz, quien particip\u00f3 en la ceremonia de certificaci\u00f3n, dijo que \u201ceste proyecto demuestra lo que ocurre cuando distintas personas y organizaciones del mundo de la danza se coordinan y trabajan en conjunto: se generan iniciativas concretas que benefician a la comunidad y fortalecen la danza en la regi\u00f3n de Ays\u00e9n. Para el Ministerio, esta colaboraci\u00f3n entre actores es clave, porque impulsa el desarrollo real de cada disciplina art\u00edstica con las que trabajamos, en este caso la danza siendo beneficiaria\u201d<\/p>\n<p style=\"text-align: justify;\">La bailarina Carolina C\u00e1ceres fue parte del proceso: \u201cestoy muy contenta de haber podido participar en esta formaci\u00f3n como bailarina autodidacta es muy importante poder tener las oportunidades de formarme dentro de mi territorio y darle una continuidad tambi\u00e9n a esa formaci\u00f3n. Como persona que se dedica a las artes esc\u00e9nicas de manera autogestionad, siempre es una limitante el vivir en este territorio porque no tengo las oportunidades de los espacios para poder formarme profesionalmente e irme capacitando, ir entrenando. Entonces, este proyecto me permiti\u00f3 acercarme a una formaci\u00f3n profesional en un tiempo prolongado, ser\u00eda hermoso que esto tuviera una contabilidad\u201d.<\/p>\n<p style=\"text-align: justify;\">El proyecto finaliz\u00f3 con una <strong>clase abierta al p\u00fa<\/strong><strong>blico<\/strong>, realizada el pasado 5 de julio, donde las y los participantes compartieron parte del trabajo realizado durante el proceso. La actividad no solo permiti\u00f3 visibilizar los resultados de la formaci\u00f3n, sino tambi\u00e9n generar un espacio de encuentro con la comunidad y poner en valor la pr\u00e1ctica art\u00edstica como herramienta de transformaci\u00f3n local y deja instalada la capacidad de proyectar futuras instancias de formaci\u00f3n profesional de danza en la regi\u00f3n.<\/p>\n<p style=\"text-align: justify;\"><strong><em>\u201c<\/em><\/strong><strong><em>Formaci\u00f3n DanzAys<\/em><\/strong><strong><em>\u00e9<\/em><\/strong><strong><em>n\u201d<\/em><\/strong> da cuenta de la necesidad de <strong>acceso equitativo a espacios de formaci\u00f3n art\u00edstica de calidad<\/strong> en territorios apartados de los centros tradicionales de ense\u00f1anza. Su exitosa ejecuci\u00f3n reafirma la importancia de descentralizar la cultura y fortalecer las capacidades locales en el \u00e1mbito de las artes esc\u00e9nicas.<\/p>\n<\/div><\/section><\/div><div  style='height:50px' class='hr hr-invisible   avia-builder-el-6  el_after_av_one_full  el_before_av_social_share '><span class='hr-inner ' ><span class='hr-inner-style'><\/span><\/span><\/div><\/p>\n<div  class='av-social-sharing-box  avia-builder-el-7  el_after_av_hr  el_before_av_hr  '><div class='av-share-box'><h5 class='av-share-link-description av-no-toc '>Compartir esta noticia<\/h5><ul class='av-share-box-list noLightbox'><li class='av-share-link av-social-link-facebook' ><a target=\"_blank\" aria-label=\"Compartir en Facebook\" href='https:\/\/www.facebook.com\/sharer.php?u=https:\/\/radiorevelacionfm.cl\/?p=56649&#038;t=Danza%20y%20territorio%3A%20Finaliza%20con%20%C3%A9xito%20proyecto%20de%20formaci%C3%B3n%20en%20danza%20en%20la%20Regi%C3%B3n%20de%20Ays%C3%A9n' aria-hidden='false' data-av_icon='\ue8f3' data-av_iconfont='entypo-fontello' title='' data-avia-related-tooltip='Compartir en Facebook' rel=\"noopener\"><span class='avia_hidden_link_text'>Compartir en Facebook<\/span><\/a><\/li><li class='av-share-link av-social-link-twitter' ><a target=\"_blank\" aria-label=\"Compartir en Twitter\" href='https:\/\/twitter.com\/share?text=Danza%20y%20territorio%3A%20Finaliza%20con%20%C3%A9xito%20proyecto%20de%20formaci%C3%B3n%20en%20danza%20en%20la%20Regi%C3%B3n%20de%20Ays%C3%A9n&#038;url=https:\/\/radiorevelacionfm.cl\/?p=56649' aria-hidden='false' data-av_icon='\ue8f1' data-av_iconfont='entypo-fontello' title='' data-avia-related-tooltip='Compartir en Twitter' rel=\"noopener\"><span class='avia_hidden_link_text'>Compartir en Twitter<\/span><\/a><\/li><li class='av-share-link av-social-link-whatsapp' ><a target=\"_blank\" aria-label=\"Compartir en Whatsapp\" href='https:\/\/api.whatsapp.com\/send?text=https:\/\/radiorevelacionfm.cl\/?p=56649' aria-hidden='false' data-av_icon='\uf232' data-av_iconfont='entypo-fontello' title='' data-avia-related-tooltip='Compartir en Whatsapp' rel=\"noopener\"><span class='avia_hidden_link_text'>Compartir en Whatsapp<\/span><\/a><\/li><li class='av-share-link av-social-link-linkedin' ><a target=\"_blank\" aria-label=\"Compartir en LinkedIn\" href='https:\/\/linkedin.com\/shareArticle?mini=true&#038;title=Danza%20y%20territorio%3A%20Finaliza%20con%20%C3%A9xito%20proyecto%20de%20formaci%C3%B3n%20en%20danza%20en%20la%20Regi%C3%B3n%20de%20Ays%C3%A9n&#038;url=https:\/\/radiorevelacionfm.cl\/?p=56649' aria-hidden='false' data-av_icon='\ue8fc' data-av_iconfont='entypo-fontello' title='' data-avia-related-tooltip='Compartir en LinkedIn' rel=\"noopener\"><span class='avia_hidden_link_text'>Compartir en LinkedIn<\/span><\/a><\/li><li class='av-share-link av-social-link-mail' ><a  aria-label=\"Compartir por correo\" href='mailto:?subject=Danza%20y%20territorio%3A%20Finaliza%20con%20%C3%A9xito%20proyecto%20de%20formaci%C3%B3n%20en%20danza%20en%20la%20Regi%C3%B3n%20de%20Ays%C3%A9n&#038;body=https:\/\/radiorevelacionfm.cl\/?p=56649' aria-hidden='false' data-av_icon='\ue805' data-av_iconfont='entypo-fontello' title='' data-avia-related-tooltip='Compartir por correo'><span class='avia_hidden_link_text'>Compartir por correo<\/span><\/a><\/li><\/ul><\/div><\/div>\n<div  style='height:50px' class='hr hr-invisible   avia-builder-el-8  el_after_av_social_share  el_before_av_comments_list '><span class='hr-inner ' ><span class='hr-inner-style'><\/span><\/span><\/div>\n<div  class='av-buildercomment  av-blog-meta-html-info-disabled av-blog-meta-tag-disabled  '><\/div>\n","protected":false},"excerpt":{"rendered":"","protected":false},"author":1,"featured_media":56650,"comment_status":"closed","ping_status":"closed","sticky":false,"template":"","format":"standard","meta":{"footnotes":""},"categories":[52],"tags":[],"class_list":["post-56649","post","type-post","status-publish","format-standard","has-post-thumbnail","hentry","category-cultura"],"jetpack_featured_media_url":"https:\/\/radiorevelacionfm.cl\/wp-content\/uploads\/2025\/07\/danzaysen1-1-1.jpg","_links":{"self":[{"href":"https:\/\/radiorevelacionfm.cl\/index.php?rest_route=\/wp\/v2\/posts\/56649","targetHints":{"allow":["GET"]}}],"collection":[{"href":"https:\/\/radiorevelacionfm.cl\/index.php?rest_route=\/wp\/v2\/posts"}],"about":[{"href":"https:\/\/radiorevelacionfm.cl\/index.php?rest_route=\/wp\/v2\/types\/post"}],"author":[{"embeddable":true,"href":"https:\/\/radiorevelacionfm.cl\/index.php?rest_route=\/wp\/v2\/users\/1"}],"replies":[{"embeddable":true,"href":"https:\/\/radiorevelacionfm.cl\/index.php?rest_route=%2Fwp%2Fv2%2Fcomments&post=56649"}],"version-history":[{"count":3,"href":"https:\/\/radiorevelacionfm.cl\/index.php?rest_route=\/wp\/v2\/posts\/56649\/revisions"}],"predecessor-version":[{"id":56659,"href":"https:\/\/radiorevelacionfm.cl\/index.php?rest_route=\/wp\/v2\/posts\/56649\/revisions\/56659"}],"wp:featuredmedia":[{"embeddable":true,"href":"https:\/\/radiorevelacionfm.cl\/index.php?rest_route=\/wp\/v2\/media\/56650"}],"wp:attachment":[{"href":"https:\/\/radiorevelacionfm.cl\/index.php?rest_route=%2Fwp%2Fv2%2Fmedia&parent=56649"}],"wp:term":[{"taxonomy":"category","embeddable":true,"href":"https:\/\/radiorevelacionfm.cl\/index.php?rest_route=%2Fwp%2Fv2%2Fcategories&post=56649"},{"taxonomy":"post_tag","embeddable":true,"href":"https:\/\/radiorevelacionfm.cl\/index.php?rest_route=%2Fwp%2Fv2%2Ftags&post=56649"}],"curies":[{"name":"wp","href":"https:\/\/api.w.org\/{rel}","templated":true}]}}