{"id":56645,"date":"2025-07-17T14:58:00","date_gmt":"2025-07-17T17:58:00","guid":{"rendered":"https:\/\/radiorevelacionfm.cl\/?p=56645"},"modified":"2025-07-17T14:58:00","modified_gmt":"2025-07-17T17:58:00","slug":"denuncian-posible-estafa-y-abandono-a-residentes-de-fundo-las-aguilas-en-coyhaique","status":"publish","type":"post","link":"https:\/\/radiorevelacionfm.cl\/?p=56645","title":{"rendered":"Denuncian posible estafa y abandono a residentes de Fundo Las \u00c1guilas en Coyhaique"},"content":{"rendered":"<div class=\"flex_column av_one_full  flex_column_div av-zero-column-padding first  avia-builder-el-0  el_before_av_one_full  avia-builder-el-first  \" style='border-radius:0px; '><div  class='avia-image-container  av-styling-    avia-builder-el-1  avia-builder-el-no-sibling  avia-align-center '  itemprop=\"image\" itemscope=\"itemscope\" itemtype=\"https:\/\/schema.org\/ImageObject\"  ><div class='avia-image-container-inner'><div class='avia-image-overlay-wrap'><img decoding=\"async\" class='wp-image-56646 avia-img-lazy-loading-not-56646 avia_image' src=\"https:\/\/radiorevelacionfm.cl\/wp-content\/uploads\/2025\/07\/FOTO-REU-FUNDO-LAS-AGUILAS-1-1.jpeg\" alt='' title='FOTO REU FUNDO LAS \u00c1GUILAS (1) (1)' height=\"600\" width=\"1067\"  itemprop=\"thumbnailUrl\" srcset=\"https:\/\/radiorevelacionfm.cl\/wp-content\/uploads\/2025\/07\/FOTO-REU-FUNDO-LAS-AGUILAS-1-1.jpeg 1067w, https:\/\/radiorevelacionfm.cl\/wp-content\/uploads\/2025\/07\/FOTO-REU-FUNDO-LAS-AGUILAS-1-1-300x169.jpeg 300w, https:\/\/radiorevelacionfm.cl\/wp-content\/uploads\/2025\/07\/FOTO-REU-FUNDO-LAS-AGUILAS-1-1-1030x579.jpeg 1030w, https:\/\/radiorevelacionfm.cl\/wp-content\/uploads\/2025\/07\/FOTO-REU-FUNDO-LAS-AGUILAS-1-1-768x432.jpeg 768w, https:\/\/radiorevelacionfm.cl\/wp-content\/uploads\/2025\/07\/FOTO-REU-FUNDO-LAS-AGUILAS-1-1-705x396.jpeg 705w, https:\/\/radiorevelacionfm.cl\/wp-content\/uploads\/2025\/07\/FOTO-REU-FUNDO-LAS-AGUILAS-1-1-450x253.jpeg 450w, https:\/\/radiorevelacionfm.cl\/wp-content\/uploads\/2025\/07\/FOTO-REU-FUNDO-LAS-AGUILAS-1-1-600x337.jpeg 600w\" sizes=\"(max-width: 1067px) 100vw, 1067px\" \/><\/div><\/div><\/div><\/div><div class=\"flex_column av_one_full  flex_column_div av-zero-column-padding first  avia-builder-el-2  el_after_av_one_full  el_before_av_one_full  column-top-margin\" style='border-radius:0px; '><section class=\"av_textblock_section \"  itemscope=\"itemscope\" itemtype=\"https:\/\/schema.org\/BlogPosting\" itemprop=\"blogPost\" ><div class='avia_textblock  '   itemprop=\"text\" ><p style=\"text-align: center;\"><strong><span style=\"font-size: 18pt;\">Denuncian posible estafa y abandono a residentes de Fundo Las \u00c1guilas en Coyhaique<\/span><\/strong><\/p>\n<div id=\"gtx-trans\" style=\"position: absolute; left: -50px; top: 4.31534px;\">\n<div class=\"gtx-trans-icon\"><\/div>\n<\/div>\n<\/div><\/section><\/div><div class=\"flex_column av_one_full  flex_column_div av-zero-column-padding first  avia-builder-el-4  el_after_av_one_full  el_before_av_hr  column-top-margin\" style='border-radius:0px; '><section class=\"av_textblock_section \"  itemscope=\"itemscope\" itemtype=\"https:\/\/schema.org\/BlogPosting\" itemprop=\"blogPost\" ><div class='avia_textblock  '   itemprop=\"text\" ><p style=\"text-align: justify;\"><i>Un grupo de residentes llevan m\u00e1s de dos meses sin luz el\u00e9ctrica.\u00a0<\/i><\/p>\n<div>\n<div>\n<div style=\"text-align: justify;\">\n<p>El diputado Miguel \u00c1ngel Calisto alz\u00f3 la voz ante la grave situaci\u00f3n que atraviesan los residentes del fundo Las \u00c1guilas en la comuna de Coyhaique, quienes, seg\u00fan el parlamentario, han sido v\u00edctimas de una estafa por parte de un privado. La denuncia se centra en la venta de parcelas que fueron ofrecidas con servicios b\u00e1sicos de luz y agua, los cuales hoy son inexistentes o deficientes, dejando a m\u00e1s de 50 familias sin suministro el\u00e9ctrico.<\/p>\n<div><\/div>\n<p>El diputado Calisto calific\u00f3 la situaci\u00f3n como \u00abuna estafa\u00bb y una \u00absituaci\u00f3n injusta e ilegal\u00bb. Subray\u00f3 la urgencia de tomar medidas legislativas para regular la venta de parcelas y asegurar que los vendedores cumplan con lo prometido en cuanto a servicios b\u00e1sicos. Adem\u00e1s, respald\u00f3 las acciones legales que los vecinos emprender\u00e1n y exigi\u00f3 la reparaci\u00f3n definitiva por parte de los empresarios de Santiago responsables, quienes \u00abtienen que hacerse cargo y tienen que responder por estos hechos\u00bb.<\/p>\n<div><\/div>\n<p>Erika Ojeda, residente afectada, relat\u00f3 la desesperante situaci\u00f3n: \u00abLlevamos dos meses sin luz, junto a otras 50 familias. Estamos en una situaci\u00f3n desesperada porque esto ha implicado que personas de tercera edad, beb\u00e9s, con enfermedades cr\u00f3nicas nos encontremos sin la posibilidad de mantener nuestros alimentos\u00bb. Ojeda enfatiz\u00f3 que las escrituras especificaban la compra con luz y agua, no solo con factibilidad, y lament\u00f3 los gastos adicionales incurridos en generadores.<\/p>\n<div><\/div>\n<p>Roland Ar\u00e9valo, otro residente, complement\u00f3 que el sistema el\u00e9ctrico comenz\u00f3 a fallar en 2023, llegando al caos en mayo de este a\u00f1o. La falta de luz ha paralizado la construcci\u00f3n de m\u00e1s de 10 viviendas y ha forzado a familias a trasladarse a Coyhaique, asumiendo costos de arriendo. Ar\u00e9valo describi\u00f3 la situaci\u00f3n como \u00abcasi insostenible\u00bb y solicit\u00f3 una pronta mejora.<\/p>\n<div><\/div>\n<p>Los residentes denuncian que los responsables de la venta de las parcelas no se est\u00e1n haciendo cargo de la situaci\u00f3n, ofreciendo solo un aporte voluntario que no alcanza el 10% del costo necesario para restablecer la energ\u00eda el\u00e9ctrica. Esta situaci\u00f3n ha generado un profundo impacto emocional y financiero, con familias sobreendeudadas y proyectos de vida truncados.<\/p>\n<div><\/div>\n<p>El diputado Calisto concluy\u00f3 que este caso de Coyhaique marca un precedente y una se\u00f1al de alerta sobre la falta de regulaci\u00f3n y fiscalizaci\u00f3n en la venta de parcelas en la regi\u00f3n, comprometi\u00e9ndose a fiscalizar la situaci\u00f3n hasta sus \u00faltimas consecuencias.<\/p>\n<\/div>\n<\/div>\n<\/div>\n<\/div><\/section><\/div><div  style='height:50px' class='hr hr-invisible   avia-builder-el-6  el_after_av_one_full  el_before_av_social_share '><span class='hr-inner ' ><span class='hr-inner-style'><\/span><\/span><\/div><\/p>\n<div  class='av-social-sharing-box  avia-builder-el-7  el_after_av_hr  el_before_av_hr  '><div class='av-share-box'><h5 class='av-share-link-description av-no-toc '>Compartir esta noticia<\/h5><ul class='av-share-box-list noLightbox'><li class='av-share-link av-social-link-facebook' ><a target=\"_blank\" aria-label=\"Compartir en Facebook\" href='https:\/\/www.facebook.com\/sharer.php?u=https:\/\/radiorevelacionfm.cl\/?p=56645&#038;t=Denuncian%20posible%20estafa%20y%20abandono%20a%20residentes%20de%20Fundo%20Las%20%C3%81guilas%20en%20Coyhaique' aria-hidden='false' data-av_icon='\ue8f3' data-av_iconfont='entypo-fontello' title='' data-avia-related-tooltip='Compartir en Facebook' rel=\"noopener\"><span class='avia_hidden_link_text'>Compartir en Facebook<\/span><\/a><\/li><li class='av-share-link av-social-link-twitter' ><a target=\"_blank\" aria-label=\"Compartir en Twitter\" href='https:\/\/twitter.com\/share?text=Denuncian%20posible%20estafa%20y%20abandono%20a%20residentes%20de%20Fundo%20Las%20%C3%81guilas%20en%20Coyhaique&#038;url=https:\/\/radiorevelacionfm.cl\/?p=56645' aria-hidden='false' data-av_icon='\ue8f1' data-av_iconfont='entypo-fontello' title='' data-avia-related-tooltip='Compartir en Twitter' rel=\"noopener\"><span class='avia_hidden_link_text'>Compartir en Twitter<\/span><\/a><\/li><li class='av-share-link av-social-link-whatsapp' ><a target=\"_blank\" aria-label=\"Compartir en Whatsapp\" href='https:\/\/api.whatsapp.com\/send?text=https:\/\/radiorevelacionfm.cl\/?p=56645' aria-hidden='false' data-av_icon='\uf232' data-av_iconfont='entypo-fontello' title='' data-avia-related-tooltip='Compartir en Whatsapp' rel=\"noopener\"><span class='avia_hidden_link_text'>Compartir en Whatsapp<\/span><\/a><\/li><li class='av-share-link av-social-link-linkedin' ><a target=\"_blank\" aria-label=\"Compartir en LinkedIn\" href='https:\/\/linkedin.com\/shareArticle?mini=true&#038;title=Denuncian%20posible%20estafa%20y%20abandono%20a%20residentes%20de%20Fundo%20Las%20%C3%81guilas%20en%20Coyhaique&#038;url=https:\/\/radiorevelacionfm.cl\/?p=56645' aria-hidden='false' data-av_icon='\ue8fc' data-av_iconfont='entypo-fontello' title='' data-avia-related-tooltip='Compartir en LinkedIn' rel=\"noopener\"><span class='avia_hidden_link_text'>Compartir en LinkedIn<\/span><\/a><\/li><li class='av-share-link av-social-link-mail' ><a  aria-label=\"Compartir por correo\" href='mailto:?subject=Denuncian%20posible%20estafa%20y%20abandono%20a%20residentes%20de%20Fundo%20Las%20%C3%81guilas%20en%20Coyhaique&#038;body=https:\/\/radiorevelacionfm.cl\/?p=56645' aria-hidden='false' data-av_icon='\ue805' data-av_iconfont='entypo-fontello' title='' data-avia-related-tooltip='Compartir por correo'><span class='avia_hidden_link_text'>Compartir por correo<\/span><\/a><\/li><\/ul><\/div><\/div>\n<div  style='height:50px' class='hr hr-invisible   avia-builder-el-8  el_after_av_social_share  el_before_av_comments_list '><span class='hr-inner ' ><span class='hr-inner-style'><\/span><\/span><\/div>\n<div  class='av-buildercomment  av-blog-meta-html-info-disabled av-blog-meta-tag-disabled  '><\/div>\n","protected":false},"excerpt":{"rendered":"","protected":false},"author":1,"featured_media":56646,"comment_status":"closed","ping_status":"closed","sticky":false,"template":"","format":"standard","meta":{"footnotes":""},"categories":[38],"tags":[],"class_list":["post-56645","post","type-post","status-publish","format-standard","has-post-thumbnail","hentry","category-regional"],"jetpack_featured_media_url":"https:\/\/radiorevelacionfm.cl\/wp-content\/uploads\/2025\/07\/FOTO-REU-FUNDO-LAS-AGUILAS-1-1.jpeg","_links":{"self":[{"href":"https:\/\/radiorevelacionfm.cl\/index.php?rest_route=\/wp\/v2\/posts\/56645","targetHints":{"allow":["GET"]}}],"collection":[{"href":"https:\/\/radiorevelacionfm.cl\/index.php?rest_route=\/wp\/v2\/posts"}],"about":[{"href":"https:\/\/radiorevelacionfm.cl\/index.php?rest_route=\/wp\/v2\/types\/post"}],"author":[{"embeddable":true,"href":"https:\/\/radiorevelacionfm.cl\/index.php?rest_route=\/wp\/v2\/users\/1"}],"replies":[{"embeddable":true,"href":"https:\/\/radiorevelacionfm.cl\/index.php?rest_route=%2Fwp%2Fv2%2Fcomments&post=56645"}],"version-history":[{"count":2,"href":"https:\/\/radiorevelacionfm.cl\/index.php?rest_route=\/wp\/v2\/posts\/56645\/revisions"}],"predecessor-version":[{"id":56648,"href":"https:\/\/radiorevelacionfm.cl\/index.php?rest_route=\/wp\/v2\/posts\/56645\/revisions\/56648"}],"wp:featuredmedia":[{"embeddable":true,"href":"https:\/\/radiorevelacionfm.cl\/index.php?rest_route=\/wp\/v2\/media\/56646"}],"wp:attachment":[{"href":"https:\/\/radiorevelacionfm.cl\/index.php?rest_route=%2Fwp%2Fv2%2Fmedia&parent=56645"}],"wp:term":[{"taxonomy":"category","embeddable":true,"href":"https:\/\/radiorevelacionfm.cl\/index.php?rest_route=%2Fwp%2Fv2%2Fcategories&post=56645"},{"taxonomy":"post_tag","embeddable":true,"href":"https:\/\/radiorevelacionfm.cl\/index.php?rest_route=%2Fwp%2Fv2%2Ftags&post=56645"}],"curies":[{"name":"wp","href":"https:\/\/api.w.org\/{rel}","templated":true}]}}