{"id":56637,"date":"2025-07-17T11:19:21","date_gmt":"2025-07-17T14:19:21","guid":{"rendered":"https:\/\/radiorevelacionfm.cl\/?p=56637"},"modified":"2025-07-17T11:19:21","modified_gmt":"2025-07-17T14:19:21","slug":"cchc-manifiesta-preocupacion-por-falta-y-desactualizacion-de-planes-reguladores-en-la-region-un-cuarto-de-siglo-es-un-tiempo-mas-que-prudente-y-no-se-ha-logrado","status":"publish","type":"post","link":"https:\/\/radiorevelacionfm.cl\/?p=56637","title":{"rendered":"CChC manifiesta preocupaci\u00f3n por falta y desactualizaci\u00f3n de planes reguladores en la regi\u00f3n: \u201cUn cuarto de siglo es un tiempo m\u00e1s que prudente y no se ha logrado\u201d"},"content":{"rendered":"<div class=\"flex_column av_one_full  flex_column_div av-zero-column-padding first  avia-builder-el-0  el_before_av_one_full  avia-builder-el-first  \" style='border-radius:0px; '><div  class='avia-image-container  av-styling-    avia-builder-el-1  avia-builder-el-no-sibling  avia-align-center '  itemprop=\"image\" itemscope=\"itemscope\" itemtype=\"https:\/\/schema.org\/ImageObject\"  ><div class='avia-image-container-inner'><div class='avia-image-overlay-wrap'><img decoding=\"async\" class='wp-image-56638 avia-img-lazy-loading-not-56638 avia_image' src=\"https:\/\/radiorevelacionfm.cl\/wp-content\/uploads\/2025\/07\/Juan-Carlos-Urzua-1-1.jpg\" alt='' title='Juan Carlos Urz\u00faa (1) (1)' height=\"665\" width=\"801\"  itemprop=\"thumbnailUrl\" srcset=\"https:\/\/radiorevelacionfm.cl\/wp-content\/uploads\/2025\/07\/Juan-Carlos-Urzua-1-1.jpg 801w, https:\/\/radiorevelacionfm.cl\/wp-content\/uploads\/2025\/07\/Juan-Carlos-Urzua-1-1-300x249.jpg 300w, https:\/\/radiorevelacionfm.cl\/wp-content\/uploads\/2025\/07\/Juan-Carlos-Urzua-1-1-768x638.jpg 768w, https:\/\/radiorevelacionfm.cl\/wp-content\/uploads\/2025\/07\/Juan-Carlos-Urzua-1-1-705x585.jpg 705w, https:\/\/radiorevelacionfm.cl\/wp-content\/uploads\/2025\/07\/Juan-Carlos-Urzua-1-1-450x374.jpg 450w, https:\/\/radiorevelacionfm.cl\/wp-content\/uploads\/2025\/07\/Juan-Carlos-Urzua-1-1-600x498.jpg 600w\" sizes=\"(max-width: 801px) 100vw, 801px\" \/><\/div><\/div><\/div><\/div><div class=\"flex_column av_one_full  flex_column_div av-zero-column-padding first  avia-builder-el-2  el_after_av_one_full  el_before_av_one_full  column-top-margin\" style='border-radius:0px; '><section class=\"av_textblock_section \"  itemscope=\"itemscope\" itemtype=\"https:\/\/schema.org\/BlogPosting\" itemprop=\"blogPost\" ><div class='avia_textblock  '   itemprop=\"text\" ><p style=\"text-align: center;\"><span style=\"font-size: 18pt;\"><strong>CChC manifiesta preocupaci\u00f3n por falta y desactualizaci\u00f3n de planes reguladores en la regi\u00f3n: \u201cUn cuarto de siglo es un tiempo m\u00e1s que prudente y no se ha logrado\u201d<\/strong><\/span><\/p>\n<div id=\"gtx-trans\" style=\"position: absolute; left: -50px; top: 4.31534px;\">\n<div class=\"gtx-trans-icon\"><\/div>\n<\/div>\n<\/div><\/section><\/div><div class=\"flex_column av_one_full  flex_column_div av-zero-column-padding first  avia-builder-el-4  el_after_av_one_full  el_before_av_hr  column-top-margin\" style='border-radius:0px; '><section class=\"av_textblock_section \"  itemscope=\"itemscope\" itemtype=\"https:\/\/schema.org\/BlogPosting\" itemprop=\"blogPost\" ><div class='avia_textblock  '   itemprop=\"text\" ><p style=\"text-align: justify;\"><em>De diez comunas, solo tres cuentan con este instrumento; en cuanto al plan regulador intercomunal Coyhaique-Ays\u00e9n, Contralor\u00eda present\u00f3 observaciones en septiembre de 2024 y a\u00fan no son subsanadas.<\/em><\/p>\n<p style=\"text-align: justify;\">Con preocupaci\u00f3n ven desde la C\u00e1mara Chilena de la Construcci\u00f3n sede Coyhaique, la escasez de planes reguladores comunales (PRC) en la regi\u00f3n y la desactualizaci\u00f3n de los que est\u00e1n vigentes en Ays\u00e9n, Coyhaique y Cisnes; a ello, se agrega el hecho de que a\u00fan no son resueltas las observaciones que la Contralor\u00eda realiz\u00f3 al plan regulador intercomunal Coyhaique-Ays\u00e9n, en septiembre de 2024.<\/p>\n<p style=\"text-align: justify;\">La preocupaci\u00f3n, radica en que estos instrumentos de planificaci\u00f3n territorial son claves para el desarrollo, crecimiento econ\u00f3mico y la proyecci\u00f3n de la inversi\u00f3n, porque <strong>\u201c<\/strong>Fijan las reglas del juego en cuanto al uso de los suelos, determinan qu\u00e9 es lo que se puede hacer en las \u00e1reas de una ciudad y establece las condiciones de las edificaciones, entre otros aspectos\u201d, explic\u00f3 Juan Carlos Urz\u00faa, arquitecto y vicepresidente de gesti\u00f3n y sostenibilidad de la CChC Coyhaique.<\/p>\n<p style=\"text-align: justify;\">A lo anterior, Juan Carlos Urz\u00faa agreg\u00f3 que \u201cContar con planes reguladores actualizados permitir\u00eda enfrentar el problema de la escasez de terrenos para la construcci\u00f3n de viviendas, que, por ejemplo, afecta a la comuna de Ays\u00e9n, ya que la mayor\u00eda de los que est\u00e1n disponibles, est\u00e1n emplazados en zonas que la Ley protege, por ser humedales, turberas o espacios donde existe presencia del pomp\u00f3n\u201d.<\/p>\n<p style=\"text-align: justify;\">Estas situaciones, detall\u00f3 el arquitecto, \u201cse podr\u00edan haber evitado, de contar con un plan regulador actualizado que zonifique la comuna, pues estamos tratando de hacer ciudad con una foto del pasado. Es impresentable, pues llevamos m\u00e1s de un cuarto de siglo sin nuevos planes reguladores; nos est\u00e1n alcanzando las nuevas normativas y leyes, sin tener un marco regulatorio general que sea capaz de incorporarlas y darles soporte. Definitivamente algo no se est\u00e1 haciendo bien\u201d, detall\u00f3.<\/p>\n<p style=\"text-align: justify;\"><strong>Situaci\u00f3n regional <\/strong><\/p>\n<p style=\"text-align: justify;\">Seg\u00fan datos de la CChC, con informaci\u00f3n de los municipios y el Ministerio de Vivienda y Urbanismo, de las diez comunas de la regi\u00f3n de Ays\u00e9n, solo tres cuentan con planes reguladores (Coyhaique, Ays\u00e9n y Cisnes).<\/p>\n<p style=\"text-align: justify;\">Respecto de la capital regional, el a\u00f1o 2012 ingres\u00f3 al Minvu el documento que buscaba la actualizaci\u00f3n de PRC, sin embargo, la secretar\u00eda regional emiti\u00f3 un informe desfavorable de la propuesta. A ra\u00edz de ello, se toma la decisi\u00f3n de levantar el plan regulador intercomunal junto a la comuna de Ays\u00e9n, pues contar con este \u00faltimo, permitir\u00eda actualizar el instrumento comunal, de manera m\u00e1s expedita.<\/p>\n<p style=\"text-align: justify;\">Respecto de Ays\u00e9n, la actualizaci\u00f3n de su plan ingres\u00f3 a toma de raz\u00f3n de la Contralor\u00eda en 2018, \u00f3rgano que emiti\u00f3 observaciones que no lograron ser subsanadas, y finalmente, el municipio desisti\u00f3 de continuar con la tramitaci\u00f3n. Al igual que en el caso de Coyhaique, la alternativa m\u00e1s expedita para conseguir actualizar su PRC, es la aprobaci\u00f3n del plan regulador intercomunal Coyhaique-Ays\u00e9n (PRICA).<\/p>\n<p style=\"text-align: justify;\">La comuna de Cisnes cuenta con un plan regulador actualizado en 2013, adem\u00e1s de uno interurbano que se extiende hasta Puyuhuapi, cuya \u00faltima modificaci\u00f3n se efectu\u00f3 en 2004. En tanto, Lago Verde, tiene un plan seccional elaborado en 1998. Ambas comunas, intentaron sacar adelante un plan regulador intercomunal, pero se catalog\u00f3 como inviable de acuerdo a criterios de Contralor\u00eda.<\/p>\n<p style=\"text-align: justify;\">Respecto de la provincia de General Carrera, se intent\u00f3 generar un plan regulador intercomunal, sin embargo, fue, al igual que el caso anterior, catalogado de inviable por criterios del \u00f3rgano contralor.<\/p>\n<p style=\"text-align: justify;\">La municipalidad de Chile Chico est\u00e1 en proceso de elaboraci\u00f3n de su plan regulador comunal, para lo cual trabaja con una consultora; en tanto, R\u00edo Ib\u00e1\u00f1ez cuenta con un instrumento denominado Loteo, que data de 1981.<\/p>\n<p style=\"text-align: justify;\">Las Guaitecas cuenta con un plan seccional del a\u00f1o 1989, ello, porque el plan regulador que ingresaron en 2014 a Contralor\u00eda arroj\u00f3 observaciones que a la fecha no han sido subsanadas; Cochrane, ingres\u00f3 en 2016 a la CGR la actualizaci\u00f3n de su plan, sin embargo, en 2017 se les solita realizar modificaciones que no lograron ser resueltas, por ello, al a\u00f1o siguiente el municipio no contin\u00faa con la tramitaci\u00f3n.<\/p>\n<p style=\"text-align: justify;\">En el caso de Tortel, se elabor\u00f3 un diagn\u00f3stico para elaborar un plan regulador comunal, que el 2013 fue evaluado de manera desfavorable por el Minvu, no presentando mayores avances desde 2019 a la fecha.<\/p>\n<p style=\"text-align: justify;\">El municipio de O\u2019Higgins est\u00e1 ejecutando una consultor\u00eda y trabajando con el Minvu para sacar adelante su PRC, encontr\u00e1ndose en etapa inicial de generaci\u00f3n de \u201cImagen Objetivo\u201d.<\/p>\n<p style=\"text-align: justify;\">Cabe se\u00f1alar que la semana pasada, en contexto de una reuni\u00f3n de la Comisi\u00f3n Interministerial de Ciudad, Vivienda y Territorio (Corecivyt), liderada por el Gobierno Regional de Ays\u00e9n, el ministerio de Vivienda detall\u00f3 que, para 2026, este servicio y los municipios, esperan financiar las actualizaciones de los planes reguladores de Coyhaique y Ays\u00e9n; as\u00ed como los estudios preliminares para los de Guaitecas, Cochrane y Tortel.<\/p>\n<p style=\"text-align: justify;\"><strong>Plan Regulador Intercomunal<\/strong><\/p>\n<p style=\"text-align: justify;\">El PRICA o Plan Regulador Intercomunal Coyhaique-Ays\u00e9n, ingres\u00f3 a la Contralor\u00eda General de la Rep\u00fablica para su aprobaci\u00f3n, sin embargo, en septiembre de 2024 este organismo present\u00f3 una serie de observaciones que a\u00fan est\u00e1n en proceso de ser subsanadas entre el Minvu y los municipios.<\/p>\n<p style=\"text-align: justify;\">Entre las materias observadas destacan: \u00e1reas de riesgos no coincidentes con los estudios presentados, materias viales y l\u00edmites de \u00e1reas silvestres protegidas, por nombrar algunos.<\/p>\n<p style=\"text-align: justify;\"><strong>Nueva Ley<\/strong><\/p>\n<p style=\"text-align: justify;\">Cabe se\u00f1alar que el ministerio de Vivienda ingres\u00f3 a tramitaci\u00f3n en el Congreso, el proyecto de ley para el \u201cFortalecimiento y Modernizaci\u00f3n del Sistema de Planificaci\u00f3n Territorial\u201d,\u00a0que busca, entre otras cosas, modificar los plazos de tramitaci\u00f3n de estos instrumentos de planificaci\u00f3n territorial. La propuesta ya fue aprobada por la comisi\u00f3n de vivienda de la c\u00e1mara baja, y hasta el 10 de julio existi\u00f3 plazo para presentar observaciones sobre ella.<\/p>\n<p style=\"text-align: justify;\">De ser aprobada y llegar a convertirse el Ley, permitir\u00e1, por ejemplo, que las actualizaciones de los planes reguladores comunales no se extiendan m\u00e1s all\u00e1 de 18 y 24 meses; adem\u00e1s, mejorar\u00e1 procedimientos, reduciendo la burocracia y unificar\u00e1 la forma en que son aprobados, para que sean visados por decreto alcaldicio, con independencia de si existe o no un plan intercomunal, entre otros.<\/p>\n<\/div><\/section><\/div><div  style='height:50px' class='hr hr-invisible   avia-builder-el-6  el_after_av_one_full  el_before_av_social_share '><span class='hr-inner ' ><span class='hr-inner-style'><\/span><\/span><\/div><\/p>\n<div  class='av-social-sharing-box  avia-builder-el-7  el_after_av_hr  el_before_av_hr  '><div class='av-share-box'><h5 class='av-share-link-description av-no-toc '>Compartir esta noticia<\/h5><ul class='av-share-box-list noLightbox'><li class='av-share-link av-social-link-facebook' ><a target=\"_blank\" aria-label=\"Compartir en Facebook\" href='https:\/\/www.facebook.com\/sharer.php?u=https:\/\/radiorevelacionfm.cl\/?p=56637&#038;t=CChC%20manifiesta%20preocupaci%C3%B3n%20por%20falta%20y%20desactualizaci%C3%B3n%20de%20planes%20reguladores%20en%20la%20regi%C3%B3n%3A%20%E2%80%9CUn%20cuarto%20de%20siglo%20es%20un%20tiempo%20m%C3%A1s%20que%20prudente%20y%20no%20se%20ha%20logrado%E2%80%9D' aria-hidden='false' data-av_icon='\ue8f3' data-av_iconfont='entypo-fontello' title='' data-avia-related-tooltip='Compartir en Facebook' rel=\"noopener\"><span class='avia_hidden_link_text'>Compartir en Facebook<\/span><\/a><\/li><li class='av-share-link av-social-link-twitter' ><a target=\"_blank\" aria-label=\"Compartir en Twitter\" href='https:\/\/twitter.com\/share?text=CChC%20manifiesta%20preocupaci%C3%B3n%20por%20falta%20y%20desactualizaci%C3%B3n%20de%20planes%20reguladores%20en%20la%20regi%C3%B3n%3A%20%E2%80%9CUn%20cuarto%20de%20siglo%20es%20un%20tiempo%20m%C3%A1s%20que%20prudente%20y%20no%20se%20ha%20logrado%E2%80%9D&#038;url=https:\/\/radiorevelacionfm.cl\/?p=56637' aria-hidden='false' data-av_icon='\ue8f1' data-av_iconfont='entypo-fontello' title='' data-avia-related-tooltip='Compartir en Twitter' rel=\"noopener\"><span class='avia_hidden_link_text'>Compartir en Twitter<\/span><\/a><\/li><li class='av-share-link av-social-link-whatsapp' ><a target=\"_blank\" aria-label=\"Compartir en Whatsapp\" href='https:\/\/api.whatsapp.com\/send?text=https:\/\/radiorevelacionfm.cl\/?p=56637' aria-hidden='false' data-av_icon='\uf232' data-av_iconfont='entypo-fontello' title='' data-avia-related-tooltip='Compartir en Whatsapp' rel=\"noopener\"><span class='avia_hidden_link_text'>Compartir en Whatsapp<\/span><\/a><\/li><li class='av-share-link av-social-link-linkedin' ><a target=\"_blank\" aria-label=\"Compartir en LinkedIn\" href='https:\/\/linkedin.com\/shareArticle?mini=true&#038;title=CChC%20manifiesta%20preocupaci%C3%B3n%20por%20falta%20y%20desactualizaci%C3%B3n%20de%20planes%20reguladores%20en%20la%20regi%C3%B3n%3A%20%E2%80%9CUn%20cuarto%20de%20siglo%20es%20un%20tiempo%20m%C3%A1s%20que%20prudente%20y%20no%20se%20ha%20logrado%E2%80%9D&#038;url=https:\/\/radiorevelacionfm.cl\/?p=56637' aria-hidden='false' data-av_icon='\ue8fc' data-av_iconfont='entypo-fontello' title='' data-avia-related-tooltip='Compartir en LinkedIn' rel=\"noopener\"><span class='avia_hidden_link_text'>Compartir en LinkedIn<\/span><\/a><\/li><li class='av-share-link av-social-link-mail' ><a  aria-label=\"Compartir por correo\" href='mailto:?subject=CChC%20manifiesta%20preocupaci%C3%B3n%20por%20falta%20y%20desactualizaci%C3%B3n%20de%20planes%20reguladores%20en%20la%20regi%C3%B3n%3A%20%E2%80%9CUn%20cuarto%20de%20siglo%20es%20un%20tiempo%20m%C3%A1s%20que%20prudente%20y%20no%20se%20ha%20logrado%E2%80%9D&#038;body=https:\/\/radiorevelacionfm.cl\/?p=56637' aria-hidden='false' data-av_icon='\ue805' data-av_iconfont='entypo-fontello' title='' data-avia-related-tooltip='Compartir por correo'><span class='avia_hidden_link_text'>Compartir por correo<\/span><\/a><\/li><\/ul><\/div><\/div>\n<div  style='height:50px' class='hr hr-invisible   avia-builder-el-8  el_after_av_social_share  el_before_av_comments_list '><span class='hr-inner ' ><span class='hr-inner-style'><\/span><\/span><\/div>\n<div  class='av-buildercomment  av-blog-meta-html-info-disabled av-blog-meta-tag-disabled  '><\/div>\n","protected":false},"excerpt":{"rendered":"","protected":false},"author":1,"featured_media":56638,"comment_status":"closed","ping_status":"closed","sticky":false,"template":"","format":"standard","meta":{"footnotes":""},"categories":[38],"tags":[],"class_list":["post-56637","post","type-post","status-publish","format-standard","has-post-thumbnail","hentry","category-regional"],"jetpack_featured_media_url":"https:\/\/radiorevelacionfm.cl\/wp-content\/uploads\/2025\/07\/Juan-Carlos-Urzua-1-1.jpg","_links":{"self":[{"href":"https:\/\/radiorevelacionfm.cl\/index.php?rest_route=\/wp\/v2\/posts\/56637","targetHints":{"allow":["GET"]}}],"collection":[{"href":"https:\/\/radiorevelacionfm.cl\/index.php?rest_route=\/wp\/v2\/posts"}],"about":[{"href":"https:\/\/radiorevelacionfm.cl\/index.php?rest_route=\/wp\/v2\/types\/post"}],"author":[{"embeddable":true,"href":"https:\/\/radiorevelacionfm.cl\/index.php?rest_route=\/wp\/v2\/users\/1"}],"replies":[{"embeddable":true,"href":"https:\/\/radiorevelacionfm.cl\/index.php?rest_route=%2Fwp%2Fv2%2Fcomments&post=56637"}],"version-history":[{"count":2,"href":"https:\/\/radiorevelacionfm.cl\/index.php?rest_route=\/wp\/v2\/posts\/56637\/revisions"}],"predecessor-version":[{"id":56640,"href":"https:\/\/radiorevelacionfm.cl\/index.php?rest_route=\/wp\/v2\/posts\/56637\/revisions\/56640"}],"wp:featuredmedia":[{"embeddable":true,"href":"https:\/\/radiorevelacionfm.cl\/index.php?rest_route=\/wp\/v2\/media\/56638"}],"wp:attachment":[{"href":"https:\/\/radiorevelacionfm.cl\/index.php?rest_route=%2Fwp%2Fv2%2Fmedia&parent=56637"}],"wp:term":[{"taxonomy":"category","embeddable":true,"href":"https:\/\/radiorevelacionfm.cl\/index.php?rest_route=%2Fwp%2Fv2%2Fcategories&post=56637"},{"taxonomy":"post_tag","embeddable":true,"href":"https:\/\/radiorevelacionfm.cl\/index.php?rest_route=%2Fwp%2Fv2%2Ftags&post=56637"}],"curies":[{"name":"wp","href":"https:\/\/api.w.org\/{rel}","templated":true}]}}