{"id":56631,"date":"2025-07-16T20:02:49","date_gmt":"2025-07-16T23:02:49","guid":{"rendered":"https:\/\/radiorevelacionfm.cl\/?p=56631"},"modified":"2025-07-16T20:02:49","modified_gmt":"2025-07-16T23:02:49","slug":"diputados-de-aysen-solicitan-al-ministro-de-vivienda-agilizar-solucion-habitacional-a-comites-afectados","status":"publish","type":"post","link":"https:\/\/radiorevelacionfm.cl\/?p=56631","title":{"rendered":"Diputados de Ays\u00e9n solicitan al ministro de Vivienda agilizar soluci\u00f3n habitacional a comit\u00e9s afectados"},"content":{"rendered":"<div class=\"flex_column av_one_full  flex_column_div av-zero-column-padding first  avia-builder-el-0  el_before_av_one_full  avia-builder-el-first  \" style='border-radius:0px; '><div  class='avia-image-container  av-styling-    avia-builder-el-1  avia-builder-el-no-sibling  avia-align-center '  itemprop=\"image\" itemscope=\"itemscope\" itemtype=\"https:\/\/schema.org\/ImageObject\"  ><div class='avia-image-container-inner'><div class='avia-image-overlay-wrap'><img decoding=\"async\" class='wp-image-56632 avia-img-lazy-loading-not-56632 avia_image' src=\"https:\/\/radiorevelacionfm.cl\/wp-content\/uploads\/2025\/07\/Foto-diputados-y-ministro-1-1.jpeg\" alt='' title='Foto diputados y ministro (1) (1)' height=\"600\" width=\"800\"  itemprop=\"thumbnailUrl\" srcset=\"https:\/\/radiorevelacionfm.cl\/wp-content\/uploads\/2025\/07\/Foto-diputados-y-ministro-1-1.jpeg 800w, https:\/\/radiorevelacionfm.cl\/wp-content\/uploads\/2025\/07\/Foto-diputados-y-ministro-1-1-300x225.jpeg 300w, https:\/\/radiorevelacionfm.cl\/wp-content\/uploads\/2025\/07\/Foto-diputados-y-ministro-1-1-768x576.jpeg 768w, https:\/\/radiorevelacionfm.cl\/wp-content\/uploads\/2025\/07\/Foto-diputados-y-ministro-1-1-705x529.jpeg 705w, https:\/\/radiorevelacionfm.cl\/wp-content\/uploads\/2025\/07\/Foto-diputados-y-ministro-1-1-450x338.jpeg 450w, https:\/\/radiorevelacionfm.cl\/wp-content\/uploads\/2025\/07\/Foto-diputados-y-ministro-1-1-600x450.jpeg 600w\" sizes=\"(max-width: 800px) 100vw, 800px\" \/><\/div><\/div><\/div><\/div><div class=\"flex_column av_one_full  flex_column_div av-zero-column-padding first  avia-builder-el-2  el_after_av_one_full  el_before_av_one_full  column-top-margin\" style='border-radius:0px; '><section class=\"av_textblock_section \"  itemscope=\"itemscope\" itemtype=\"https:\/\/schema.org\/BlogPosting\" itemprop=\"blogPost\" ><div class='avia_textblock  '   itemprop=\"text\" ><p style=\"text-align: center;\"><strong><span style=\"font-size: 18pt;\">Diputados de Ays\u00e9n solicitan al ministro de Vivienda agilizar soluci\u00f3n habitacional a comit\u00e9s afectados<\/span><\/strong><\/p>\n<div id=\"gtx-trans\" style=\"position: absolute; left: -50px; top: 4.31534px;\">\n<div class=\"gtx-trans-icon\"><\/div>\n<\/div>\n<\/div><\/section><\/div><div class=\"flex_column av_one_full  flex_column_div av-zero-column-padding first  avia-builder-el-4  el_after_av_one_full  el_before_av_hr  column-top-margin\" style='border-radius:0px; '><section class=\"av_textblock_section \"  itemscope=\"itemscope\" itemtype=\"https:\/\/schema.org\/BlogPosting\" itemprop=\"blogPost\" ><div class='avia_textblock  '   itemprop=\"text\" ><p style=\"text-align: justify;\"><em>Los parlamentarios solicitaron al ministro Carlos Montes acelerar la habilitaci\u00f3n de un nuevo terreno tras la inhabilitaci\u00f3n de la Chacra Weber en Puerto Ays\u00e9n.<\/em><\/p>\n<p style=\"text-align: justify;\">Los diputados de la Regi\u00f3n de Ays\u00e9n, Marcia Raphael, Ren\u00e9 Alinco y Miguel \u00c1ngel Calisto, sostuvieron una reuni\u00f3n con el ministro de Vivienda, Carlos Montes, para abordar la compleja situaci\u00f3n que afecta a m\u00e1s de 230 familias de Puerto Ays\u00e9n, cuyos proyectos habitacionales se vieron estancados tras la calificaci\u00f3n como humedal de los terrenos en la Chacra Weber. Los parlamentarios solicitaron una respuesta r\u00e1pida y una soluci\u00f3n integral para reubicar a los comit\u00e9s habitacionales afectados.<\/p>\n<p style=\"text-align: justify;\">\u201cNos reunimos con el ministro, junto a los dos parlamentarios, para plantear el problema que hoy d\u00eda se ven enfrentados los comit\u00e9s habitacionales de Puerto Ays\u00e9n, que estaban todos instalados en la Chacra Weber. La verdad es que es lamentable, que despu\u00e9s de cinco a\u00f1os, con terreno con estudio de suelo, con carta compromiso de compra por parte del Serviu, un proyecto listo para ser presentado; se les informa que el terreno no es viable por ser humedales. Problema que le planteamos al ministro, pero adem\u00e1s queremos la soluci\u00f3n para aquellos comit\u00e9s que est\u00e1n ah\u00ed, y que hoy d\u00eda el Serviu tiene un terreno listo, con estudios de suelo, apto para construir casas. Nosotros lo que le estamos solicitando es que le d\u00e9 celeridad, para que estos comit\u00e9s puedan ser traspasados a ese terreno. El ministro nos acogi\u00f3 la solicitud pero vamos a ver cu\u00e1l es su respuesta, esperamos que la pr\u00f3xima semana tengamos una respuesta favorable\u201d, afirm\u00f3 la diputada Marcia Raphael.<\/p>\n<p style=\"text-align: justify;\">Por su parte, el diputado Ren\u00e9 Alinco expres\u00f3 su inquietud tras la reuni\u00f3n, donde esperaban mayor claridad. \u201cAcabamos de terminar una reuni\u00f3n con el se\u00f1or ministro de Vivienda don Carlos Montes y su equipo. La verdad es que no nos llevamos ninguna respuesta concreta referente a la Chacra Weber de Puerto Ays\u00e9n. Se le plantearon diferentes propuestas, algunas solicitudes, algunas proposiciones de parte de los parlamentarios y absolutamente no hay tiempo, hora, ni lugar. Entonces nos vamos, yo al menos me voy preocupado porque yo esperaba que nos dieran una respuesta clara, con fecha y hora, soluci\u00f3n para esta gente que est\u00e1 esperando m\u00e1s de cinco a\u00f1os. Esperamos realmente que el se\u00f1or ministro tome cartas en el asunto y soluci\u00f3n y d\u00e9 las instrucciones, porque yo creo que m\u00e1s que ineficacia de \u00e9l, hay una inoperancia de parte de las autoridades de vivienda de la regi\u00f3n de Ays\u00e9n\u201d.<\/p>\n<p style=\"text-align: justify;\">El diputado Miguel \u00c1ngel Calisto, en tanto, recalc\u00f3 la necesidad de una respuesta integral. \u201cSostuvimos una importante reuni\u00f3n con el se\u00f1or ministro de Vivienda para abordar algunos problemas que hay con los varios proyectos habitacionales en la regi\u00f3n de Ays\u00e9n. Uno de ellos tiene que ver con la Chacra Weber en Puerto Ays\u00e9n. Hay dos pa\u00f1os, dos entidades patrocinantes que estuvieron trabajando con familias y que lamentablemente la declaratoria de un terreno como humedal gener\u00f3 que estas familias retrocedan pr\u00e1cticamente y tengan cinco a\u00f1os perdidos. Unas familias son 134 familias que son 4 comit\u00e9s y 97 familias de los comit\u00e9s Paso a Pasito 1, Paso a Pasito 2 y Todos por un Sue\u00f1o sin Discriminaci\u00f3n. Nosotros creemos que hay que buscar una soluci\u00f3n integral para estas familias que han perdido cinco a\u00f1os de historia, cinco a\u00f1os de esfuerzo, y eso le transmitimos al ministro. Hoy d\u00eda existe la disponibilidad de un terreno de 3,5 hect\u00e1reas del Minvu donde quieren seleccionar a las familias. A nosotros nos parece que eso no es justo. Se tiene que buscar una soluci\u00f3n integral para todas las familias, tanto de las dos entidades patrocinantes, que en total son cerca de 234 familias\u201d, concluy\u00f3.<\/p>\n<\/div><\/section><\/div><div  style='height:50px' class='hr hr-invisible   avia-builder-el-6  el_after_av_one_full  el_before_av_social_share '><span class='hr-inner ' ><span class='hr-inner-style'><\/span><\/span><\/div><\/p>\n<div  class='av-social-sharing-box  avia-builder-el-7  el_after_av_hr  el_before_av_hr  '><div class='av-share-box'><h5 class='av-share-link-description av-no-toc '>Compartir esta noticia<\/h5><ul class='av-share-box-list noLightbox'><li class='av-share-link av-social-link-facebook' ><a target=\"_blank\" aria-label=\"Compartir en Facebook\" href='https:\/\/www.facebook.com\/sharer.php?u=https:\/\/radiorevelacionfm.cl\/?p=56631&#038;t=Diputados%20de%20Ays%C3%A9n%20solicitan%20al%20ministro%20de%20Vivienda%20agilizar%20soluci%C3%B3n%20habitacional%20a%20comit%C3%A9s%20afectados' aria-hidden='false' data-av_icon='\ue8f3' data-av_iconfont='entypo-fontello' title='' data-avia-related-tooltip='Compartir en Facebook' rel=\"noopener\"><span class='avia_hidden_link_text'>Compartir en Facebook<\/span><\/a><\/li><li class='av-share-link av-social-link-twitter' ><a target=\"_blank\" aria-label=\"Compartir en Twitter\" href='https:\/\/twitter.com\/share?text=Diputados%20de%20Ays%C3%A9n%20solicitan%20al%20ministro%20de%20Vivienda%20agilizar%20soluci%C3%B3n%20habitacional%20a%20comit%C3%A9s%20afectados&#038;url=https:\/\/radiorevelacionfm.cl\/?p=56631' aria-hidden='false' data-av_icon='\ue8f1' data-av_iconfont='entypo-fontello' title='' data-avia-related-tooltip='Compartir en Twitter' rel=\"noopener\"><span class='avia_hidden_link_text'>Compartir en Twitter<\/span><\/a><\/li><li class='av-share-link av-social-link-whatsapp' ><a target=\"_blank\" aria-label=\"Compartir en Whatsapp\" href='https:\/\/api.whatsapp.com\/send?text=https:\/\/radiorevelacionfm.cl\/?p=56631' aria-hidden='false' data-av_icon='\uf232' data-av_iconfont='entypo-fontello' title='' data-avia-related-tooltip='Compartir en Whatsapp' rel=\"noopener\"><span class='avia_hidden_link_text'>Compartir en Whatsapp<\/span><\/a><\/li><li class='av-share-link av-social-link-linkedin' ><a target=\"_blank\" aria-label=\"Compartir en LinkedIn\" href='https:\/\/linkedin.com\/shareArticle?mini=true&#038;title=Diputados%20de%20Ays%C3%A9n%20solicitan%20al%20ministro%20de%20Vivienda%20agilizar%20soluci%C3%B3n%20habitacional%20a%20comit%C3%A9s%20afectados&#038;url=https:\/\/radiorevelacionfm.cl\/?p=56631' aria-hidden='false' data-av_icon='\ue8fc' data-av_iconfont='entypo-fontello' title='' data-avia-related-tooltip='Compartir en LinkedIn' rel=\"noopener\"><span class='avia_hidden_link_text'>Compartir en LinkedIn<\/span><\/a><\/li><li class='av-share-link av-social-link-mail' ><a  aria-label=\"Compartir por correo\" href='mailto:?subject=Diputados%20de%20Ays%C3%A9n%20solicitan%20al%20ministro%20de%20Vivienda%20agilizar%20soluci%C3%B3n%20habitacional%20a%20comit%C3%A9s%20afectados&#038;body=https:\/\/radiorevelacionfm.cl\/?p=56631' aria-hidden='false' data-av_icon='\ue805' data-av_iconfont='entypo-fontello' title='' data-avia-related-tooltip='Compartir por correo'><span class='avia_hidden_link_text'>Compartir por correo<\/span><\/a><\/li><\/ul><\/div><\/div>\n<div  style='height:50px' class='hr hr-invisible   avia-builder-el-8  el_after_av_social_share  el_before_av_comments_list '><span class='hr-inner ' ><span class='hr-inner-style'><\/span><\/span><\/div>\n<div  class='av-buildercomment  av-blog-meta-html-info-disabled av-blog-meta-tag-disabled  '><\/div>\n","protected":false},"excerpt":{"rendered":"","protected":false},"author":1,"featured_media":56632,"comment_status":"closed","ping_status":"closed","sticky":false,"template":"","format":"standard","meta":{"footnotes":""},"categories":[35],"tags":[],"class_list":["post-56631","post","type-post","status-publish","format-standard","has-post-thumbnail","hentry","category-politica"],"jetpack_featured_media_url":"https:\/\/radiorevelacionfm.cl\/wp-content\/uploads\/2025\/07\/Foto-diputados-y-ministro-1-1.jpeg","_links":{"self":[{"href":"https:\/\/radiorevelacionfm.cl\/index.php?rest_route=\/wp\/v2\/posts\/56631","targetHints":{"allow":["GET"]}}],"collection":[{"href":"https:\/\/radiorevelacionfm.cl\/index.php?rest_route=\/wp\/v2\/posts"}],"about":[{"href":"https:\/\/radiorevelacionfm.cl\/index.php?rest_route=\/wp\/v2\/types\/post"}],"author":[{"embeddable":true,"href":"https:\/\/radiorevelacionfm.cl\/index.php?rest_route=\/wp\/v2\/users\/1"}],"replies":[{"embeddable":true,"href":"https:\/\/radiorevelacionfm.cl\/index.php?rest_route=%2Fwp%2Fv2%2Fcomments&post=56631"}],"version-history":[{"count":2,"href":"https:\/\/radiorevelacionfm.cl\/index.php?rest_route=\/wp\/v2\/posts\/56631\/revisions"}],"predecessor-version":[{"id":56635,"href":"https:\/\/radiorevelacionfm.cl\/index.php?rest_route=\/wp\/v2\/posts\/56631\/revisions\/56635"}],"wp:featuredmedia":[{"embeddable":true,"href":"https:\/\/radiorevelacionfm.cl\/index.php?rest_route=\/wp\/v2\/media\/56632"}],"wp:attachment":[{"href":"https:\/\/radiorevelacionfm.cl\/index.php?rest_route=%2Fwp%2Fv2%2Fmedia&parent=56631"}],"wp:term":[{"taxonomy":"category","embeddable":true,"href":"https:\/\/radiorevelacionfm.cl\/index.php?rest_route=%2Fwp%2Fv2%2Fcategories&post=56631"},{"taxonomy":"post_tag","embeddable":true,"href":"https:\/\/radiorevelacionfm.cl\/index.php?rest_route=%2Fwp%2Fv2%2Ftags&post=56631"}],"curies":[{"name":"wp","href":"https:\/\/api.w.org\/{rel}","templated":true}]}}