{"id":56628,"date":"2025-07-17T17:53:09","date_gmt":"2025-07-17T20:53:09","guid":{"rendered":"https:\/\/radiorevelacionfm.cl\/?p=56628"},"modified":"2025-07-17T17:53:09","modified_gmt":"2025-07-17T20:53:09","slug":"senadora-ordenes-destaca-importancia-de-soluciones-sanitarias-rurales","status":"publish","type":"post","link":"https:\/\/radiorevelacionfm.cl\/?p=56628","title":{"rendered":"Senadora \u00d3rdenes destaca importancia de soluciones sanitarias rurales"},"content":{"rendered":"<div class=\"flex_column av_one_full  flex_column_div av-zero-column-padding first  avia-builder-el-0  el_before_av_one_full  avia-builder-el-first  \" style='border-radius:0px; '><div  class='avia-image-container  av-styling-    avia-builder-el-1  avia-builder-el-no-sibling  avia-align-center '  itemprop=\"image\" itemscope=\"itemscope\" itemtype=\"https:\/\/schema.org\/ImageObject\"  ><div class='avia-image-container-inner'><div class='avia-image-overlay-wrap'><img decoding=\"async\" class='wp-image-56629 avia-img-lazy-loading-not-56629 avia_image' src=\"https:\/\/radiorevelacionfm.cl\/wp-content\/uploads\/2025\/07\/senadora_7iv1610-enhanced-nr-1_optimized-1.jpg\" alt='' title='senadora_7iv1610-enhanced-nr-(1)_optimized (1)' height=\"600\" width=\"900\"  itemprop=\"thumbnailUrl\" srcset=\"https:\/\/radiorevelacionfm.cl\/wp-content\/uploads\/2025\/07\/senadora_7iv1610-enhanced-nr-1_optimized-1.jpg 900w, https:\/\/radiorevelacionfm.cl\/wp-content\/uploads\/2025\/07\/senadora_7iv1610-enhanced-nr-1_optimized-1-300x200.jpg 300w, https:\/\/radiorevelacionfm.cl\/wp-content\/uploads\/2025\/07\/senadora_7iv1610-enhanced-nr-1_optimized-1-768x512.jpg 768w, https:\/\/radiorevelacionfm.cl\/wp-content\/uploads\/2025\/07\/senadora_7iv1610-enhanced-nr-1_optimized-1-705x470.jpg 705w, https:\/\/radiorevelacionfm.cl\/wp-content\/uploads\/2025\/07\/senadora_7iv1610-enhanced-nr-1_optimized-1-450x300.jpg 450w, https:\/\/radiorevelacionfm.cl\/wp-content\/uploads\/2025\/07\/senadora_7iv1610-enhanced-nr-1_optimized-1-600x400.jpg 600w\" sizes=\"(max-width: 900px) 100vw, 900px\" \/><\/div><\/div><\/div><\/div><div class=\"flex_column av_one_full  flex_column_div av-zero-column-padding first  avia-builder-el-2  el_after_av_one_full  el_before_av_one_full  column-top-margin\" style='border-radius:0px; '><section class=\"av_textblock_section \"  itemscope=\"itemscope\" itemtype=\"https:\/\/schema.org\/BlogPosting\" itemprop=\"blogPost\" ><div class='avia_textblock  '   itemprop=\"text\" ><p style=\"text-align: center;\"><strong><span style=\"font-size: 18pt;\">Senadora \u00d3rdenes destaca importancia de soluciones sanitarias rurales<\/span><\/strong><\/p>\n<div id=\"gtx-trans\" style=\"position: absolute; left: -50px; top: 4.31534px;\">\n<div class=\"gtx-trans-icon\"><\/div>\n<\/div>\n<\/div><\/section><\/div><div class=\"flex_column av_one_full  flex_column_div av-zero-column-padding first  avia-builder-el-4  el_after_av_one_full  el_before_av_hr  column-top-margin\" style='border-radius:0px; '><section class=\"av_textblock_section \"  itemscope=\"itemscope\" itemtype=\"https:\/\/schema.org\/BlogPosting\" itemprop=\"blogPost\" ><div class='avia_textblock  '   itemprop=\"text\" ><ul>\n<li style=\"text-align: justify;\"><em>La parlamentaria valor\u00f3 el trabajo de distintas instituciones que han trabajo estrechamente con comunidades organizadas y una pol\u00edtica que considera una mirada regional.\u00a0\u00a0 <\/em><\/li>\n<\/ul>\n<p style=\"text-align: justify;\">Fue en el marco de la aprobaci\u00f3n de recursos por parte del Gobierno Regional de Ays\u00e9n para la concreci\u00f3n del anhelado proyecto \u201cConstrucci\u00f3n del Servicio Sanitario Rural Viviana Norte, Comuna de Ays\u00e9n\u201d que la Senadora Ximena \u00d3rdenes valor\u00f3 esta pol\u00edtica p\u00fablica que no s\u00f3lo viene a dotar de agua potable a m\u00e1s de 77 familias, sino que involucra progreso y desarrollo productivo del sector, opini\u00f3n compartida por Jorge Figueroa, presidente del APR Viviana Norte, quien adem\u00e1s agradeci\u00f3 el apoyo permanente que han tenido por parte de la parlamentaria.<\/p>\n<p style=\"text-align: justify;\">Ximena \u00d3rdenes, Senadora de la Regi\u00f3n de Ays\u00e9n, destac\u00f3 la importancia de este proyecto liderado por la Direcci\u00f3n de Obras Hidr\u00e1ulicas del MOP y que obedece a una pol\u00edtica p\u00fablica que permite generar acceso al agua en sectores rurales y que a pesar de existir hace varias d\u00e9cadas ha tenido un punto de inflexi\u00f3n en los \u00faltimos a\u00f1os. \u201cEste cambio en la metodolog\u00eda ha permitido que varias iniciativas sanitarias rurales est\u00e9n en proyectos o funcionado en la Regi\u00f3n de Ays\u00e9n, donde destacan los proyectos de R\u00edo Los Palos y Viviana Norte. Esta es una pol\u00edtica p\u00fablica que tiene una mirada regional y que debemos seguir trabajando, sin duda un avance importante en una regi\u00f3n que crece\u201d.<\/p>\n<p style=\"text-align: justify;\">Por su parte Jorge Figueroa, presidente del APR Viviana Norte, explic\u00f3 que este proyecto que naci\u00f3 de la conversaci\u00f3n de los mismos vecinos y vecinas del sector que se constituyeron en un comit\u00e9 y que iniciaron las conversaciones con el Ministerio de Obras P\u00fablicas para priorizar esta iniciativa. \u201cLa Ruta X-50 es un polo importante de desarrollo y comunicaci\u00f3n con el sector tur\u00edstico en la regi\u00f3n de Ays\u00e9n, por lo tanto era necesario hacer estas gestiones para que este proyecto lograra materializarse.\u201d<\/p>\n<p style=\"text-align: justify;\">Figueroa destac\u00f3 que esta iniciativa que contempla una inversi\u00f3n superior a los $2.400 millones y que comenzar\u00eda sus operaciones el a\u00f1o 2027, beneficiando a m\u00e1s de 77 familias, cont\u00f3 con el apoyo de diversos actores entre quienes agradeci\u00f3 \u201cpor su excelente disposici\u00f3n y el apoyo que tuvieron de la Senadora Ximena \u00d3rdenes para llegar a la etapa en que est\u00e1 este proyecto\u201d, agregando que \u201cesperan que la materializaci\u00f3n de esta iniciativa signifique una mejora importante en la calidad de vida de cientos de vecinos y vecinas que por a\u00f1os viven en ese sector y que durante todo ese tiempo debieron abastecerse de distintas formas para asegurar su consumo de agua.\u201d<\/p>\n<p style=\"text-align: justify;\">El proyecto recientemente aprobado para su financiamiento por el Gobierno Regional, contempla la construcci\u00f3n de diversas estructuras para almacenar, filtrar, clorar y distribuir el agua a 77 arranques domiciliarios, considerando una inversi\u00f3n total de $2.438 millones y una \u201cmejor calidad de vida para las familias que durante d\u00e9cadas viven en un sector tan importante como Viviana Norte, un anhelo que hoy se vuelve una realidad\u201d finaliz\u00f3 la Senadora por Ays\u00e9n, Ximena \u00d3rdenes.<\/p>\n<\/div><\/section><\/div><div  style='height:50px' class='hr hr-invisible   avia-builder-el-6  el_after_av_one_full  el_before_av_social_share '><span class='hr-inner ' ><span class='hr-inner-style'><\/span><\/span><\/div><\/p>\n<div  class='av-social-sharing-box  avia-builder-el-7  el_after_av_hr  el_before_av_hr  '><div class='av-share-box'><h5 class='av-share-link-description av-no-toc '>Compartir esta noticia<\/h5><ul class='av-share-box-list noLightbox'><li class='av-share-link av-social-link-facebook' ><a target=\"_blank\" aria-label=\"Compartir en Facebook\" href='https:\/\/www.facebook.com\/sharer.php?u=https:\/\/radiorevelacionfm.cl\/?p=56628&#038;t=Senadora%20%C3%93rdenes%20destaca%20importancia%20de%20soluciones%20sanitarias%20rurales' aria-hidden='false' data-av_icon='\ue8f3' data-av_iconfont='entypo-fontello' title='' data-avia-related-tooltip='Compartir en Facebook' rel=\"noopener\"><span class='avia_hidden_link_text'>Compartir en Facebook<\/span><\/a><\/li><li class='av-share-link av-social-link-twitter' ><a target=\"_blank\" aria-label=\"Compartir en Twitter\" href='https:\/\/twitter.com\/share?text=Senadora%20%C3%93rdenes%20destaca%20importancia%20de%20soluciones%20sanitarias%20rurales&#038;url=https:\/\/radiorevelacionfm.cl\/?p=56628' aria-hidden='false' data-av_icon='\ue8f1' data-av_iconfont='entypo-fontello' title='' data-avia-related-tooltip='Compartir en Twitter' rel=\"noopener\"><span class='avia_hidden_link_text'>Compartir en Twitter<\/span><\/a><\/li><li class='av-share-link av-social-link-whatsapp' ><a target=\"_blank\" aria-label=\"Compartir en Whatsapp\" href='https:\/\/api.whatsapp.com\/send?text=https:\/\/radiorevelacionfm.cl\/?p=56628' aria-hidden='false' data-av_icon='\uf232' data-av_iconfont='entypo-fontello' title='' data-avia-related-tooltip='Compartir en Whatsapp' rel=\"noopener\"><span class='avia_hidden_link_text'>Compartir en Whatsapp<\/span><\/a><\/li><li class='av-share-link av-social-link-linkedin' ><a target=\"_blank\" aria-label=\"Compartir en LinkedIn\" href='https:\/\/linkedin.com\/shareArticle?mini=true&#038;title=Senadora%20%C3%93rdenes%20destaca%20importancia%20de%20soluciones%20sanitarias%20rurales&#038;url=https:\/\/radiorevelacionfm.cl\/?p=56628' aria-hidden='false' data-av_icon='\ue8fc' data-av_iconfont='entypo-fontello' title='' data-avia-related-tooltip='Compartir en LinkedIn' rel=\"noopener\"><span class='avia_hidden_link_text'>Compartir en LinkedIn<\/span><\/a><\/li><li class='av-share-link av-social-link-mail' ><a  aria-label=\"Compartir por correo\" href='mailto:?subject=Senadora%20%C3%93rdenes%20destaca%20importancia%20de%20soluciones%20sanitarias%20rurales&#038;body=https:\/\/radiorevelacionfm.cl\/?p=56628' aria-hidden='false' data-av_icon='\ue805' data-av_iconfont='entypo-fontello' title='' data-avia-related-tooltip='Compartir por correo'><span class='avia_hidden_link_text'>Compartir por correo<\/span><\/a><\/li><\/ul><\/div><\/div>\n<div  style='height:50px' class='hr hr-invisible   avia-builder-el-8  el_after_av_social_share  el_before_av_comments_list '><span class='hr-inner ' ><span class='hr-inner-style'><\/span><\/span><\/div>\n<div  class='av-buildercomment  av-blog-meta-html-info-disabled av-blog-meta-tag-disabled  '><\/div>\n","protected":false},"excerpt":{"rendered":"","protected":false},"author":1,"featured_media":56629,"comment_status":"closed","ping_status":"closed","sticky":false,"template":"","format":"standard","meta":{"footnotes":""},"categories":[35],"tags":[],"class_list":["post-56628","post","type-post","status-publish","format-standard","has-post-thumbnail","hentry","category-politica"],"jetpack_featured_media_url":"https:\/\/radiorevelacionfm.cl\/wp-content\/uploads\/2025\/07\/senadora_7iv1610-enhanced-nr-1_optimized-1.jpg","_links":{"self":[{"href":"https:\/\/radiorevelacionfm.cl\/index.php?rest_route=\/wp\/v2\/posts\/56628","targetHints":{"allow":["GET"]}}],"collection":[{"href":"https:\/\/radiorevelacionfm.cl\/index.php?rest_route=\/wp\/v2\/posts"}],"about":[{"href":"https:\/\/radiorevelacionfm.cl\/index.php?rest_route=\/wp\/v2\/types\/post"}],"author":[{"embeddable":true,"href":"https:\/\/radiorevelacionfm.cl\/index.php?rest_route=\/wp\/v2\/users\/1"}],"replies":[{"embeddable":true,"href":"https:\/\/radiorevelacionfm.cl\/index.php?rest_route=%2Fwp%2Fv2%2Fcomments&post=56628"}],"version-history":[{"count":2,"href":"https:\/\/radiorevelacionfm.cl\/index.php?rest_route=\/wp\/v2\/posts\/56628\/revisions"}],"predecessor-version":[{"id":56669,"href":"https:\/\/radiorevelacionfm.cl\/index.php?rest_route=\/wp\/v2\/posts\/56628\/revisions\/56669"}],"wp:featuredmedia":[{"embeddable":true,"href":"https:\/\/radiorevelacionfm.cl\/index.php?rest_route=\/wp\/v2\/media\/56629"}],"wp:attachment":[{"href":"https:\/\/radiorevelacionfm.cl\/index.php?rest_route=%2Fwp%2Fv2%2Fmedia&parent=56628"}],"wp:term":[{"taxonomy":"category","embeddable":true,"href":"https:\/\/radiorevelacionfm.cl\/index.php?rest_route=%2Fwp%2Fv2%2Fcategories&post=56628"},{"taxonomy":"post_tag","embeddable":true,"href":"https:\/\/radiorevelacionfm.cl\/index.php?rest_route=%2Fwp%2Fv2%2Ftags&post=56628"}],"curies":[{"name":"wp","href":"https:\/\/api.w.org\/{rel}","templated":true}]}}