{"id":56625,"date":"2025-07-17T11:08:40","date_gmt":"2025-07-17T14:08:40","guid":{"rendered":"https:\/\/radiorevelacionfm.cl\/?p=56625"},"modified":"2025-07-17T11:08:40","modified_gmt":"2025-07-17T14:08:40","slug":"marcia-raphael-valora-aprobacion-de-proyecto-sobre-sistema-electrico-en-zonas-extremas-permitira-reducir-el-costo-de-la-energia-y-diversificar-nuestra-matriz-energetica-con-energias-renovabl","status":"publish","type":"post","link":"https:\/\/radiorevelacionfm.cl\/?p=56625","title":{"rendered":"Marcia Raphael valora aprobaci\u00f3n de proyecto sobre sistema el\u00e9ctrico en zonas extremas: \u201cPermitir\u00e1 reducir el costo de la energ\u00eda y diversificar nuestra matriz energ\u00e9tica con Energ\u00edas Renovables\u201d"},"content":{"rendered":"<div class=\"flex_column av_one_full  flex_column_div av-zero-column-padding first  avia-builder-el-0  el_before_av_one_full  avia-builder-el-first  \" style='border-radius:0px; '><div  class='avia-image-container  av-styling-    avia-builder-el-1  avia-builder-el-no-sibling  avia-align-center '  itemprop=\"image\" itemscope=\"itemscope\" itemtype=\"https:\/\/schema.org\/ImageObject\"  ><div class='avia-image-container-inner'><div class='avia-image-overlay-wrap'><img decoding=\"async\" class='wp-image-56626 avia-img-lazy-loading-not-56626 avia_image' src=\"https:\/\/radiorevelacionfm.cl\/wp-content\/uploads\/2025\/07\/foto-con-ministro-pardow-1_optimized.jpeg\" alt='' title='foto-con-ministro-pardow-(1)_optimized' height=\"600\" width=\"800\"  itemprop=\"thumbnailUrl\" srcset=\"https:\/\/radiorevelacionfm.cl\/wp-content\/uploads\/2025\/07\/foto-con-ministro-pardow-1_optimized.jpeg 800w, https:\/\/radiorevelacionfm.cl\/wp-content\/uploads\/2025\/07\/foto-con-ministro-pardow-1_optimized-300x225.jpeg 300w, https:\/\/radiorevelacionfm.cl\/wp-content\/uploads\/2025\/07\/foto-con-ministro-pardow-1_optimized-768x576.jpeg 768w, https:\/\/radiorevelacionfm.cl\/wp-content\/uploads\/2025\/07\/foto-con-ministro-pardow-1_optimized-705x529.jpeg 705w, https:\/\/radiorevelacionfm.cl\/wp-content\/uploads\/2025\/07\/foto-con-ministro-pardow-1_optimized-450x338.jpeg 450w, https:\/\/radiorevelacionfm.cl\/wp-content\/uploads\/2025\/07\/foto-con-ministro-pardow-1_optimized-600x450.jpeg 600w\" sizes=\"(max-width: 800px) 100vw, 800px\" \/><\/div><\/div><\/div><\/div><div class=\"flex_column av_one_full  flex_column_div av-zero-column-padding first  avia-builder-el-2  el_after_av_one_full  el_before_av_one_full  column-top-margin\" style='border-radius:0px; '><section class=\"av_textblock_section \"  itemscope=\"itemscope\" itemtype=\"https:\/\/schema.org\/BlogPosting\" itemprop=\"blogPost\" ><div class='avia_textblock  '   itemprop=\"text\" ><p style=\"text-align: center;\"><span style=\"font-size: 18pt;\"><strong>Marcia Raphael valora aprobaci\u00f3n de proyecto sobre sistema el\u00e9ctrico en zonas extremas: \u201cPermitir\u00e1 reducir el costo de la energ\u00eda y diversificar nuestra matriz energ\u00e9tica con Energ\u00edas Renovables\u201d<\/strong><\/span><\/p>\n<div id=\"gtx-trans\" style=\"position: absolute; left: -50px; top: 4.31534px;\">\n<div class=\"gtx-trans-icon\"><\/div>\n<\/div>\n<\/div><\/section><\/div><div class=\"flex_column av_one_full  flex_column_div av-zero-column-padding first  avia-builder-el-4  el_after_av_one_full  el_before_av_hr  column-top-margin\" style='border-radius:0px; '><section class=\"av_textblock_section \"  itemscope=\"itemscope\" itemtype=\"https:\/\/schema.org\/BlogPosting\" itemprop=\"blogPost\" ><div class='avia_textblock  '   itemprop=\"text\" ><p style=\"text-align: justify;\">La C\u00e1mara de Diputados aprob\u00f3 el proyecto de ley de la diputada Marcia Raphael (RN), que tiene como objetivo perfeccionar los sistemas medianos y aislados de la Ley General de Servicios El\u00e9ctricos, llevando este importante texto legal a su segundo tr\u00e1mite.<\/p>\n<p style=\"text-align: justify;\">Esta iniciativa se centra especialmente en las zonas extremas del pa\u00eds, donde se espera una significativa rebaja en las tarifas el\u00e9ctricas para el sector comercial e industrial.<\/p>\n<p style=\"text-align: justify;\">La diputada Marcia Raphael, destac\u00f3 la trascendencia de este avance legislativo: \u201cLo m\u00e1s importante para quienes vivimos en zonas extremas es que finalmente podamos reducir el costo de la energ\u00eda, que actualmente es extremadamente alto. Este proyecto no solo busca mejorar la eficiencia econ\u00f3mica de nuestros hogares y negocios, sino que tambi\u00e9n permitir\u00e1 diversificar nuestra matriz energ\u00e9tica con energ\u00edas renovables. Nuestra regi\u00f3n est\u00e1 dotada de abundantes recursos naturales, pero a\u00fan dependemos en m\u00e1s de un 54% del di\u00e9sel, lo cual es insostenible\u201d, afirm\u00f3.<\/p>\n<p style=\"text-align: justify;\">La votaci\u00f3n favorable de este proyecto representa un paso significativo hacia la adecuada regulaci\u00f3n de los sistemas el\u00e9ctricos en regiones que tradicionalmente han enfrentado desaf\u00edos en este \u00e1mbito. Con ello, se prev\u00e9 que las comunidades locales puedan beneficiarse de mejores precios en sus cuentas de electricidad, algo que no solo impactar\u00e1 positivamente en sus econom\u00edas, sino que tambi\u00e9n contribuir\u00e1 a un entorno m\u00e1s saludable.<\/p>\n<p style=\"text-align: justify;\">El ministro de Energ\u00eda, Diego Pardow, tambi\u00e9n se pronunci\u00f3 sobre la importancia de esta aprobaci\u00f3n, destacando que \u201chemos conseguido avanzar en un cambio estructural que permitir\u00e1 a los sectores urbanos de la regi\u00f3n de Coyhaique, la regi\u00f3n de Magallanes y la provincia de Palena contar con herramientas reguladoras similar a las que existen en el resto del territorio nacional\u201d. El ministro enfatiz\u00f3 que estas mejoras en la regulaci\u00f3n el\u00e9ctrica permitir\u00e1n no solo la reducci\u00f3n de tarifas, sino que tambi\u00e9n se traducir\u00e1n en un aumento en la calidad del servicio, brindando certeza y estabilidad a los usuarios.<\/p>\n<p style=\"text-align: justify;\">La aprobaci\u00f3n de este proyecto marca un hito importante en la b\u00fasqueda de equilibrar el acceso a servicios b\u00e1sicos en regiones extremas y en el camino hacia la sostenibilidad ambiental.<\/p>\n<\/div><\/section><\/div><div  style='height:50px' class='hr hr-invisible   avia-builder-el-6  el_after_av_one_full  el_before_av_social_share '><span class='hr-inner ' ><span class='hr-inner-style'><\/span><\/span><\/div><\/p>\n<div  class='av-social-sharing-box  avia-builder-el-7  el_after_av_hr  el_before_av_hr  '><div class='av-share-box'><h5 class='av-share-link-description av-no-toc '>Compartir esta noticia<\/h5><ul class='av-share-box-list noLightbox'><li class='av-share-link av-social-link-facebook' ><a target=\"_blank\" aria-label=\"Compartir en Facebook\" href='https:\/\/www.facebook.com\/sharer.php?u=https:\/\/radiorevelacionfm.cl\/?p=56625&#038;t=Marcia%20Raphael%20valora%20aprobaci%C3%B3n%20de%20proyecto%20sobre%20sistema%20el%C3%A9ctrico%20en%20zonas%20extremas%3A%20%E2%80%9CPermitir%C3%A1%20reducir%20el%20costo%20de%20la%20energ%C3%ADa%20y%20diversificar%20nuestra%20matriz%20energ%C3%A9tica%20con%20Energ%C3%ADas%20Renovables%E2%80%9D' aria-hidden='false' data-av_icon='\ue8f3' data-av_iconfont='entypo-fontello' title='' data-avia-related-tooltip='Compartir en Facebook' rel=\"noopener\"><span class='avia_hidden_link_text'>Compartir en Facebook<\/span><\/a><\/li><li class='av-share-link av-social-link-twitter' ><a target=\"_blank\" aria-label=\"Compartir en Twitter\" href='https:\/\/twitter.com\/share?text=Marcia%20Raphael%20valora%20aprobaci%C3%B3n%20de%20proyecto%20sobre%20sistema%20el%C3%A9ctrico%20en%20zonas%20extremas%3A%20%E2%80%9CPermitir%C3%A1%20reducir%20el%20costo%20de%20la%20energ%C3%ADa%20y%20diversificar%20nuestra%20matriz%20energ%C3%A9tica%20con%20Energ%C3%ADas%20Renovables%E2%80%9D&#038;url=https:\/\/radiorevelacionfm.cl\/?p=56625' aria-hidden='false' data-av_icon='\ue8f1' data-av_iconfont='entypo-fontello' title='' data-avia-related-tooltip='Compartir en Twitter' rel=\"noopener\"><span class='avia_hidden_link_text'>Compartir en Twitter<\/span><\/a><\/li><li class='av-share-link av-social-link-whatsapp' ><a target=\"_blank\" aria-label=\"Compartir en Whatsapp\" href='https:\/\/api.whatsapp.com\/send?text=https:\/\/radiorevelacionfm.cl\/?p=56625' aria-hidden='false' data-av_icon='\uf232' data-av_iconfont='entypo-fontello' title='' data-avia-related-tooltip='Compartir en Whatsapp' rel=\"noopener\"><span class='avia_hidden_link_text'>Compartir en Whatsapp<\/span><\/a><\/li><li class='av-share-link av-social-link-linkedin' ><a target=\"_blank\" aria-label=\"Compartir en LinkedIn\" href='https:\/\/linkedin.com\/shareArticle?mini=true&#038;title=Marcia%20Raphael%20valora%20aprobaci%C3%B3n%20de%20proyecto%20sobre%20sistema%20el%C3%A9ctrico%20en%20zonas%20extremas%3A%20%E2%80%9CPermitir%C3%A1%20reducir%20el%20costo%20de%20la%20energ%C3%ADa%20y%20diversificar%20nuestra%20matriz%20energ%C3%A9tica%20con%20Energ%C3%ADas%20Renovables%E2%80%9D&#038;url=https:\/\/radiorevelacionfm.cl\/?p=56625' aria-hidden='false' data-av_icon='\ue8fc' data-av_iconfont='entypo-fontello' title='' data-avia-related-tooltip='Compartir en LinkedIn' rel=\"noopener\"><span class='avia_hidden_link_text'>Compartir en LinkedIn<\/span><\/a><\/li><li class='av-share-link av-social-link-mail' ><a  aria-label=\"Compartir por correo\" href='mailto:?subject=Marcia%20Raphael%20valora%20aprobaci%C3%B3n%20de%20proyecto%20sobre%20sistema%20el%C3%A9ctrico%20en%20zonas%20extremas%3A%20%E2%80%9CPermitir%C3%A1%20reducir%20el%20costo%20de%20la%20energ%C3%ADa%20y%20diversificar%20nuestra%20matriz%20energ%C3%A9tica%20con%20Energ%C3%ADas%20Renovables%E2%80%9D&#038;body=https:\/\/radiorevelacionfm.cl\/?p=56625' aria-hidden='false' data-av_icon='\ue805' data-av_iconfont='entypo-fontello' title='' data-avia-related-tooltip='Compartir por correo'><span class='avia_hidden_link_text'>Compartir por correo<\/span><\/a><\/li><\/ul><\/div><\/div>\n<div  style='height:50px' class='hr hr-invisible   avia-builder-el-8  el_after_av_social_share  el_before_av_comments_list '><span class='hr-inner ' ><span class='hr-inner-style'><\/span><\/span><\/div>\n<div  class='av-buildercomment  av-blog-meta-html-info-disabled av-blog-meta-tag-disabled  '><\/div>\n","protected":false},"excerpt":{"rendered":"","protected":false},"author":1,"featured_media":56626,"comment_status":"closed","ping_status":"closed","sticky":false,"template":"","format":"standard","meta":{"footnotes":""},"categories":[35],"tags":[],"class_list":["post-56625","post","type-post","status-publish","format-standard","has-post-thumbnail","hentry","category-politica"],"jetpack_featured_media_url":"https:\/\/radiorevelacionfm.cl\/wp-content\/uploads\/2025\/07\/foto-con-ministro-pardow-1_optimized.jpeg","_links":{"self":[{"href":"https:\/\/radiorevelacionfm.cl\/index.php?rest_route=\/wp\/v2\/posts\/56625","targetHints":{"allow":["GET"]}}],"collection":[{"href":"https:\/\/radiorevelacionfm.cl\/index.php?rest_route=\/wp\/v2\/posts"}],"about":[{"href":"https:\/\/radiorevelacionfm.cl\/index.php?rest_route=\/wp\/v2\/types\/post"}],"author":[{"embeddable":true,"href":"https:\/\/radiorevelacionfm.cl\/index.php?rest_route=\/wp\/v2\/users\/1"}],"replies":[{"embeddable":true,"href":"https:\/\/radiorevelacionfm.cl\/index.php?rest_route=%2Fwp%2Fv2%2Fcomments&post=56625"}],"version-history":[{"count":2,"href":"https:\/\/radiorevelacionfm.cl\/index.php?rest_route=\/wp\/v2\/posts\/56625\/revisions"}],"predecessor-version":[{"id":56636,"href":"https:\/\/radiorevelacionfm.cl\/index.php?rest_route=\/wp\/v2\/posts\/56625\/revisions\/56636"}],"wp:featuredmedia":[{"embeddable":true,"href":"https:\/\/radiorevelacionfm.cl\/index.php?rest_route=\/wp\/v2\/media\/56626"}],"wp:attachment":[{"href":"https:\/\/radiorevelacionfm.cl\/index.php?rest_route=%2Fwp%2Fv2%2Fmedia&parent=56625"}],"wp:term":[{"taxonomy":"category","embeddable":true,"href":"https:\/\/radiorevelacionfm.cl\/index.php?rest_route=%2Fwp%2Fv2%2Fcategories&post=56625"},{"taxonomy":"post_tag","embeddable":true,"href":"https:\/\/radiorevelacionfm.cl\/index.php?rest_route=%2Fwp%2Fv2%2Ftags&post=56625"}],"curies":[{"name":"wp","href":"https:\/\/api.w.org\/{rel}","templated":true}]}}