{"id":56621,"date":"2025-07-16T18:42:27","date_gmt":"2025-07-16T21:42:27","guid":{"rendered":"https:\/\/radiorevelacionfm.cl\/?p=56621"},"modified":"2025-07-16T18:42:27","modified_gmt":"2025-07-16T21:42:27","slug":"mujer-en-carabineros-63-anos-enalteciendo-la-historia-institucional-y-el-pais","status":"publish","type":"post","link":"https:\/\/radiorevelacionfm.cl\/?p=56621","title":{"rendered":"Mujer en Carabineros: 63 a\u00f1os enalteciendo la historia institucional y el pa\u00eds"},"content":{"rendered":"<div class=\"flex_column av_one_full  flex_column_div av-zero-column-padding first  avia-builder-el-0  el_before_av_one_full  avia-builder-el-first  \" style='border-radius:0px; '><div  class='avia-image-container  av-styling-    avia-builder-el-1  avia-builder-el-no-sibling  avia-align-center '  itemprop=\"image\" itemscope=\"itemscope\" itemtype=\"https:\/\/schema.org\/ImageObject\"  ><div class='avia-image-container-inner'><div class='avia-image-overlay-wrap'><img decoding=\"async\" class='wp-image-56622 avia-img-lazy-loading-not-56622 avia_image' src=\"https:\/\/radiorevelacionfm.cl\/wp-content\/uploads\/2025\/07\/GwASlXhXQAApYUK-1-1.jpg\" alt='' title='GwASlXhXQAApYUK (1) (1)' height=\"600\" width=\"800\"  itemprop=\"thumbnailUrl\" srcset=\"https:\/\/radiorevelacionfm.cl\/wp-content\/uploads\/2025\/07\/GwASlXhXQAApYUK-1-1.jpg 800w, https:\/\/radiorevelacionfm.cl\/wp-content\/uploads\/2025\/07\/GwASlXhXQAApYUK-1-1-300x225.jpg 300w, https:\/\/radiorevelacionfm.cl\/wp-content\/uploads\/2025\/07\/GwASlXhXQAApYUK-1-1-768x576.jpg 768w, https:\/\/radiorevelacionfm.cl\/wp-content\/uploads\/2025\/07\/GwASlXhXQAApYUK-1-1-705x529.jpg 705w, https:\/\/radiorevelacionfm.cl\/wp-content\/uploads\/2025\/07\/GwASlXhXQAApYUK-1-1-450x338.jpg 450w, https:\/\/radiorevelacionfm.cl\/wp-content\/uploads\/2025\/07\/GwASlXhXQAApYUK-1-1-600x450.jpg 600w\" sizes=\"(max-width: 800px) 100vw, 800px\" \/><\/div><\/div><\/div><\/div><div class=\"flex_column av_one_full  flex_column_div av-zero-column-padding first  avia-builder-el-2  el_after_av_one_full  el_before_av_one_full  column-top-margin\" style='border-radius:0px; '><section class=\"av_textblock_section \"  itemscope=\"itemscope\" itemtype=\"https:\/\/schema.org\/BlogPosting\" itemprop=\"blogPost\" ><div class='avia_textblock  '   itemprop=\"text\" ><p style=\"text-align: center;\"><strong><span style=\"font-size: 18pt;\">Mujer en Carabineros: 63 a\u00f1os enalteciendo la historia institucional y el pa\u00eds<\/span><\/strong><\/p>\n<div id=\"gtx-trans\" style=\"position: absolute; left: -50px; top: 4.31534px;\">\n<div class=\"gtx-trans-icon\"><\/div>\n<\/div>\n<\/div><\/section><\/div><div class=\"flex_column av_one_full  flex_column_div av-zero-column-padding first  avia-builder-el-4  el_after_av_one_full  el_before_av_hr  column-top-margin\" style='border-radius:0px; '><section class=\"av_textblock_section \"  itemscope=\"itemscope\" itemtype=\"https:\/\/schema.org\/BlogPosting\" itemprop=\"blogPost\" ><div class='avia_textblock  '   itemprop=\"text\" ><p dir=\"ltr\" style=\"text-align: justify;\"><em>El Jefe de Zona Ays\u00e9n, General Eduardo Palma Fuentes relev\u00f3 la importancia de la mujer en las filas de la Instituci\u00f3n, siendo fundamentales en el servicio policial, quienes anualmente inspiran a nuevas generaciones de mujeres y hoy hacen impensable concebir a Carabineros de Chile sin su presencia.<\/em><\/p>\n<p dir=\"ltr\" style=\"text-align: justify;\">El 16 de julio de 1962 marc\u00f3 un hito en la historia de Carabineros de Chile: 104 mujeres pioneras ingresaron al primer curso de la Brigada Femenina, abriendo un camino que transformar\u00eda para siempre la instituci\u00f3n. Hoy, 63 a\u00f1os despu\u00e9s, su legado inspira a miles de mujeres que, con valent\u00eda y profesionalismo, son un pilar esencial en el servicio policial, haciendo impensable imaginar a Carabineros sin su presencia.<\/p>\n<p dir=\"ltr\" style=\"text-align: justify;\">El Jefe de Zona Ays\u00e9n, General Eduardo Palma Fuentes, destac\u00f3 el rol clave de las mujeres en la Instituci\u00f3n, subrayando su contribuci\u00f3n en \u00e1reas preventivas, operativas y de alta especializaci\u00f3n, como el Control de Orden P\u00fablico, Guardia de Palacio, Orfe\u00f3n Nacional, GOPE, Prefectura Aeropolicial, SIAT, SEBV, OS-7, OS-9, Labocar, gu\u00edas caninos y operaciones en monta\u00f1a. Actualmente, siete mujeres integran el Alto Mando como Generales, liderando el mando estrat\u00e9gico institucional.<\/p>\n<p dir=\"ltr\" style=\"text-align: justify;\">En 1962, tras una convocatoria p\u00fablica que atrajo a m\u00e1s de mil postulantes para solo 104 vacantes, las mujeres comenzaron a desempe\u00f1ar roles inicialmente centrados en los menores y la familia. Con el tiempo, su labor se extendi\u00f3 a todas las \u00e1reas del quehacer institucional, demostrando igualdad de responsabilidades con sus pares masculinos.<\/p>\n<p dir=\"ltr\" style=\"text-align: justify;\">Un hito hist\u00f3rico fue el ascenso de Mireya P\u00e9rez Videla al grado de General en 1998, convirti\u00e9ndose en la primera mujer en alcanzar este rango en Latinoam\u00e9rica y consolidando a Carabineros como referente en igualdad de g\u00e9nero.<\/p>\n<p dir=\"ltr\" style=\"text-align: justify;\">Cada 16 de julio, la Instituci\u00f3n rinde homenaje a estas pioneras, cuyo coraje abri\u00f3 oportunidades para nuevas generaciones.<\/p>\n<p dir=\"ltr\" style=\"text-align: justify;\">Durante esta fecha, el General Eduardo Palma salud\u00f3 al personal femenino de la 1ra Comisar\u00eda de Coyhaique,\u00a0el punto fijo de la Delegaci\u00f3n Presidencial Regional y la Central de Comunicaciones (Cenco), extendiendo su reconocimiento v\u00eda radial a todas las unidades y destacamentos a lo largo de la regi\u00f3n.<\/p>\n<p dir=\"ltr\" style=\"text-align: justify;\">\u00abSu esfuerzo, sacrificio y abnegaci\u00f3n, muchas veces compatibilizando su rol de madres, son un aporte invaluable al resguardo y la seguridad de la ciudadan\u00eda\u00bb, afirm\u00f3.<\/p>\n<p dir=\"ltr\" style=\"text-align: justify;\">Las mujeres de Carabineros han fortalecido la imagen institucional y ganado el respeto de la comunidad, contribuyendo significativamente a la seguridad, el orden p\u00fablico y el bienestar de Chile.<\/p>\n<p dir=\"ltr\" style=\"text-align: justify;\">Su trayectoria es un testimonio de compromiso y excelencia, consolidando un legado que contin\u00faa engrandeciendo la historia de la Instituci\u00f3n.<\/p>\n<\/div><\/section><\/div><div  style='height:50px' class='hr hr-invisible   avia-builder-el-6  el_after_av_one_full  el_before_av_social_share '><span class='hr-inner ' ><span class='hr-inner-style'><\/span><\/span><\/div><\/p>\n<div  class='av-social-sharing-box  avia-builder-el-7  el_after_av_hr  el_before_av_hr  '><div class='av-share-box'><h5 class='av-share-link-description av-no-toc '>Compartir esta noticia<\/h5><ul class='av-share-box-list noLightbox'><li class='av-share-link av-social-link-facebook' ><a target=\"_blank\" aria-label=\"Compartir en Facebook\" href='https:\/\/www.facebook.com\/sharer.php?u=https:\/\/radiorevelacionfm.cl\/?p=56621&#038;t=Mujer%20en%20Carabineros%3A%2063%20a%C3%B1os%20enalteciendo%20la%20historia%20institucional%20y%20el%20pa%C3%ADs' aria-hidden='false' data-av_icon='\ue8f3' data-av_iconfont='entypo-fontello' title='' data-avia-related-tooltip='Compartir en Facebook' rel=\"noopener\"><span class='avia_hidden_link_text'>Compartir en Facebook<\/span><\/a><\/li><li class='av-share-link av-social-link-twitter' ><a target=\"_blank\" aria-label=\"Compartir en Twitter\" href='https:\/\/twitter.com\/share?text=Mujer%20en%20Carabineros%3A%2063%20a%C3%B1os%20enalteciendo%20la%20historia%20institucional%20y%20el%20pa%C3%ADs&#038;url=https:\/\/radiorevelacionfm.cl\/?p=56621' aria-hidden='false' data-av_icon='\ue8f1' data-av_iconfont='entypo-fontello' title='' data-avia-related-tooltip='Compartir en Twitter' rel=\"noopener\"><span class='avia_hidden_link_text'>Compartir en Twitter<\/span><\/a><\/li><li class='av-share-link av-social-link-whatsapp' ><a target=\"_blank\" aria-label=\"Compartir en Whatsapp\" href='https:\/\/api.whatsapp.com\/send?text=https:\/\/radiorevelacionfm.cl\/?p=56621' aria-hidden='false' data-av_icon='\uf232' data-av_iconfont='entypo-fontello' title='' data-avia-related-tooltip='Compartir en Whatsapp' rel=\"noopener\"><span class='avia_hidden_link_text'>Compartir en Whatsapp<\/span><\/a><\/li><li class='av-share-link av-social-link-linkedin' ><a target=\"_blank\" aria-label=\"Compartir en LinkedIn\" href='https:\/\/linkedin.com\/shareArticle?mini=true&#038;title=Mujer%20en%20Carabineros%3A%2063%20a%C3%B1os%20enalteciendo%20la%20historia%20institucional%20y%20el%20pa%C3%ADs&#038;url=https:\/\/radiorevelacionfm.cl\/?p=56621' aria-hidden='false' data-av_icon='\ue8fc' data-av_iconfont='entypo-fontello' title='' data-avia-related-tooltip='Compartir en LinkedIn' rel=\"noopener\"><span class='avia_hidden_link_text'>Compartir en LinkedIn<\/span><\/a><\/li><li class='av-share-link av-social-link-mail' ><a  aria-label=\"Compartir por correo\" href='mailto:?subject=Mujer%20en%20Carabineros%3A%2063%20a%C3%B1os%20enalteciendo%20la%20historia%20institucional%20y%20el%20pa%C3%ADs&#038;body=https:\/\/radiorevelacionfm.cl\/?p=56621' aria-hidden='false' data-av_icon='\ue805' data-av_iconfont='entypo-fontello' title='' data-avia-related-tooltip='Compartir por correo'><span class='avia_hidden_link_text'>Compartir por correo<\/span><\/a><\/li><\/ul><\/div><\/div>\n<div  style='height:50px' class='hr hr-invisible   avia-builder-el-8  el_after_av_social_share  el_before_av_comments_list '><span class='hr-inner ' ><span class='hr-inner-style'><\/span><\/span><\/div>\n<div  class='av-buildercomment  av-blog-meta-html-info-disabled av-blog-meta-tag-disabled  '><\/div>\n","protected":false},"excerpt":{"rendered":"","protected":false},"author":1,"featured_media":56622,"comment_status":"closed","ping_status":"closed","sticky":false,"template":"","format":"standard","meta":{"footnotes":""},"categories":[36],"tags":[],"class_list":["post-56621","post","type-post","status-publish","format-standard","has-post-thumbnail","hentry","category-policial"],"jetpack_featured_media_url":"https:\/\/radiorevelacionfm.cl\/wp-content\/uploads\/2025\/07\/GwASlXhXQAApYUK-1-1.jpg","_links":{"self":[{"href":"https:\/\/radiorevelacionfm.cl\/index.php?rest_route=\/wp\/v2\/posts\/56621","targetHints":{"allow":["GET"]}}],"collection":[{"href":"https:\/\/radiorevelacionfm.cl\/index.php?rest_route=\/wp\/v2\/posts"}],"about":[{"href":"https:\/\/radiorevelacionfm.cl\/index.php?rest_route=\/wp\/v2\/types\/post"}],"author":[{"embeddable":true,"href":"https:\/\/radiorevelacionfm.cl\/index.php?rest_route=\/wp\/v2\/users\/1"}],"replies":[{"embeddable":true,"href":"https:\/\/radiorevelacionfm.cl\/index.php?rest_route=%2Fwp%2Fv2%2Fcomments&post=56621"}],"version-history":[{"count":2,"href":"https:\/\/radiorevelacionfm.cl\/index.php?rest_route=\/wp\/v2\/posts\/56621\/revisions"}],"predecessor-version":[{"id":56624,"href":"https:\/\/radiorevelacionfm.cl\/index.php?rest_route=\/wp\/v2\/posts\/56621\/revisions\/56624"}],"wp:featuredmedia":[{"embeddable":true,"href":"https:\/\/radiorevelacionfm.cl\/index.php?rest_route=\/wp\/v2\/media\/56622"}],"wp:attachment":[{"href":"https:\/\/radiorevelacionfm.cl\/index.php?rest_route=%2Fwp%2Fv2%2Fmedia&parent=56621"}],"wp:term":[{"taxonomy":"category","embeddable":true,"href":"https:\/\/radiorevelacionfm.cl\/index.php?rest_route=%2Fwp%2Fv2%2Fcategories&post=56621"},{"taxonomy":"post_tag","embeddable":true,"href":"https:\/\/radiorevelacionfm.cl\/index.php?rest_route=%2Fwp%2Fv2%2Ftags&post=56621"}],"curies":[{"name":"wp","href":"https:\/\/api.w.org\/{rel}","templated":true}]}}