{"id":56614,"date":"2025-07-16T18:18:25","date_gmt":"2025-07-16T21:18:25","guid":{"rendered":"https:\/\/radiorevelacionfm.cl\/?p=56614"},"modified":"2025-07-16T18:18:25","modified_gmt":"2025-07-16T21:18:25","slug":"gobierno-avanza-con-dialogo-en-localidad-de-villa-manihuales","status":"publish","type":"post","link":"https:\/\/radiorevelacionfm.cl\/?p=56614","title":{"rendered":"Gobierno avanza con di\u00e1logo en localidad de Villa Ma\u00f1ihuales"},"content":{"rendered":"<div class=\"flex_column av_one_full  flex_column_div av-zero-column-padding first  avia-builder-el-0  el_before_av_one_full  avia-builder-el-first  \" style='border-radius:0px; '><div  class='avia-image-container  av-styling-    avia-builder-el-1  avia-builder-el-no-sibling  avia-align-center '  itemprop=\"image\" itemscope=\"itemscope\" itemtype=\"https:\/\/schema.org\/ImageObject\"  ><div class='avia-image-container-inner'><div class='avia-image-overlay-wrap'><img decoding=\"async\" class='wp-image-56615 avia-img-lazy-loading-not-56615 avia_image' src=\"https:\/\/radiorevelacionfm.cl\/wp-content\/uploads\/2025\/07\/Foto-1-comunicado-Manihuales-1-1.jpeg\" alt='' title='Foto 1 comunicado Ma\u00f1ihuales (1) (1)' height=\"612\" width=\"801\"  itemprop=\"thumbnailUrl\" srcset=\"https:\/\/radiorevelacionfm.cl\/wp-content\/uploads\/2025\/07\/Foto-1-comunicado-Manihuales-1-1.jpeg 801w, https:\/\/radiorevelacionfm.cl\/wp-content\/uploads\/2025\/07\/Foto-1-comunicado-Manihuales-1-1-300x229.jpeg 300w, https:\/\/radiorevelacionfm.cl\/wp-content\/uploads\/2025\/07\/Foto-1-comunicado-Manihuales-1-1-768x587.jpeg 768w, https:\/\/radiorevelacionfm.cl\/wp-content\/uploads\/2025\/07\/Foto-1-comunicado-Manihuales-1-1-705x539.jpeg 705w, https:\/\/radiorevelacionfm.cl\/wp-content\/uploads\/2025\/07\/Foto-1-comunicado-Manihuales-1-1-450x344.jpeg 450w, https:\/\/radiorevelacionfm.cl\/wp-content\/uploads\/2025\/07\/Foto-1-comunicado-Manihuales-1-1-600x458.jpeg 600w\" sizes=\"(max-width: 801px) 100vw, 801px\" \/><\/div><\/div><\/div><\/div><div class=\"flex_column av_one_full  flex_column_div av-zero-column-padding first  avia-builder-el-2  el_after_av_one_full  el_before_av_one_full  column-top-margin\" style='border-radius:0px; '><section class=\"av_textblock_section \"  itemscope=\"itemscope\" itemtype=\"https:\/\/schema.org\/BlogPosting\" itemprop=\"blogPost\" ><div class='avia_textblock  '   itemprop=\"text\" ><p style=\"text-align: center;\"><strong><span style=\"font-size: 18pt;\">Gobierno avanza con di\u00e1logo en localidad de Villa Ma\u00f1ihuales<\/span><\/strong><\/p>\n<div id=\"gtx-trans\" style=\"position: absolute; left: -50px; top: 4.31534px;\">\n<div class=\"gtx-trans-icon\"><\/div>\n<\/div>\n<\/div><\/section><\/div><div class=\"flex_column av_one_full  flex_column_div av-zero-column-padding first  avia-builder-el-4  el_after_av_one_full  el_before_av_hr  column-top-margin\" style='border-radius:0px; '><section class=\"av_textblock_section \"  itemscope=\"itemscope\" itemtype=\"https:\/\/schema.org\/BlogPosting\" itemprop=\"blogPost\" ><div class='avia_textblock  '   itemprop=\"text\" ><p style=\"text-align: justify;\">En reuni\u00f3n sostenida en Villa Ma\u00f1ihuales, servicios p\u00fablicos dieron cuenta de acciones comprometidas con la comunidad de Alto Ma\u00f1ihuales, dando continuidad al trabajo inicial sostenido con la localidad y organizaciones ambientales el pasado 23 de mayo, respecto a la denuncia de contaminaci\u00f3n ambiental en sectores aleda\u00f1os al tranque de relaves \u201cConfluencia\u201d, propiedad de Minera Pac\u00edfico del Sur.<\/p>\n<p style=\"text-align: justify;\">En dicha oportunidad los servicios presentes realizaron una serie de compromisos para abordar la denuncia, iniciando con la inclusi\u00f3n de la problem\u00e1tica en la Mesa Regional de Miner\u00eda y Geolog\u00eda con convocatoria a la comunidad incumbente. En efecto la sesi\u00f3n del 17 de junio se enfoc\u00f3 en pasivos ambientales y relaves, convocando desde la Seremi de Miner\u00eda a la comunidad de Alto Ma\u00f1ihuales.<\/p>\n<p style=\"text-align: justify;\">\u201cComo Gobierno nos estamos haciendo cargo de una situaci\u00f3n que preocupa a la comunidad de Alto Ma\u00f1ihuales. Desde el primer momento hemos impulsado un trabajo intersectorial, articulado y con enfoque territorial, generando instancias concretas de participaci\u00f3n, vinculaci\u00f3n directa con las y los vecinos, y gesti\u00f3n efectiva de los compromisos\u201d, enfatiz\u00f3 la Seremi de Gobierno \u00darsula Mix.<\/p>\n<p style=\"text-align: justify;\">Por parte de la Seremi de Salud, se inici\u00f3 un muestreo de abastos de agua directamente para consumo humano los d\u00edas 26 de junio y 7 de julio y se espera contar con los resultados en las pr\u00f3ximas semanas. En el caso de Obras P\u00fablicas se comprometi\u00f3 la continuidad de monitoreos peri\u00f3dicos a trav\u00e9s la Direcci\u00f3n General de Aguas, DGA, respecto al muestreo comprometido, con en fecha 7 de julio de 2025, se recibi\u00f3 respuesta favorable para que el laboratorio DGA procese las muestras y pueda comenzar con el env\u00edo de material, ejecutando la campa\u00f1a a fines de julio o durante el mes de agosto.<\/p>\n<p style=\"text-align: justify;\">As\u00ed tambi\u00e9n, el Centro de Investigaci\u00f3n en Ecosistemas de la Patagonia (CIEP) ofreci\u00f3 replicar metodolog\u00eda desarrollada por Brian Reid en estudio sobre datos del per\u00edodo 2006-2015 para la \u00faltima d\u00e9cada de antecedentes.<\/p>\n<p style=\"text-align: justify;\">\u201cComo gobierno nos hicimos presente en la jornada en la Junta de Vecinos de Ma\u00f1ihuales para dar cuenta de los compromisos que hicimos en la primera reuni\u00f3n junto a los vecinos de Alto Ma\u00f1ihuales. Tenemos dos caminos con los que estamos trabajando, uno que busca de alguna manera avanzar en las soluciones definitivas y los organismos competentes, la empresa ha mostrado la disposici\u00f3n para poder avanzar con una soluci\u00f3n estructural con el tranque confluencia, por lo tanto, seguimos trabajando en esa l\u00ednea. Adem\u00e1s, nos pusimos la iniciativa de trabajar en una mesa t\u00e9cnico-cient\u00edfica, que es la Mesa T\u00e9cnico-Cient\u00edfica El Toqui, que agrupa a todos los organismos p\u00fablicos que tienen competencia en la materia y adem\u00e1s se sumar\u00e1n otras autoridades que invitaremos. As\u00ed que estamos trabajando, seguimos de manera propositiva y avanzando en la soluci\u00f3n definitiva a esta problem\u00e1tica socio-ambiental\u201d, se\u00f1al\u00f3 el Seremi de Miner\u00eda (S), Yoal D\u00edaz.<\/p>\n<p style=\"text-align: justify;\">Finalmente, respecto al recurso de protecci\u00f3n presentado por el Instituto de Derechos Humanos respecto de vulneraci\u00f3n de derechos, las autoridades informaron que la corte de apelaciones de Coyhaique declar\u00f3 el recurso inadmisible y as\u00ed tambi\u00e9n se declar\u00f3 inadmisible en su presentaci\u00f3n a la Corte Suprema.<\/p>\n<\/div><\/section><\/div><div  style='height:50px' class='hr hr-invisible   avia-builder-el-6  el_after_av_one_full  el_before_av_social_share '><span class='hr-inner ' ><span class='hr-inner-style'><\/span><\/span><\/div><\/p>\n<div  class='av-social-sharing-box  avia-builder-el-7  el_after_av_hr  el_before_av_hr  '><div class='av-share-box'><h5 class='av-share-link-description av-no-toc '>Compartir esta noticia<\/h5><ul class='av-share-box-list noLightbox'><li class='av-share-link av-social-link-facebook' ><a target=\"_blank\" aria-label=\"Compartir en Facebook\" href='https:\/\/www.facebook.com\/sharer.php?u=https:\/\/radiorevelacionfm.cl\/?p=56614&#038;t=Gobierno%20avanza%20con%20di%C3%A1logo%20en%20localidad%20de%20Villa%20Ma%C3%B1ihuales' aria-hidden='false' data-av_icon='\ue8f3' data-av_iconfont='entypo-fontello' title='' data-avia-related-tooltip='Compartir en Facebook' rel=\"noopener\"><span class='avia_hidden_link_text'>Compartir en Facebook<\/span><\/a><\/li><li class='av-share-link av-social-link-twitter' ><a target=\"_blank\" aria-label=\"Compartir en Twitter\" href='https:\/\/twitter.com\/share?text=Gobierno%20avanza%20con%20di%C3%A1logo%20en%20localidad%20de%20Villa%20Ma%C3%B1ihuales&#038;url=https:\/\/radiorevelacionfm.cl\/?p=56614' aria-hidden='false' data-av_icon='\ue8f1' data-av_iconfont='entypo-fontello' title='' data-avia-related-tooltip='Compartir en Twitter' rel=\"noopener\"><span class='avia_hidden_link_text'>Compartir en Twitter<\/span><\/a><\/li><li class='av-share-link av-social-link-whatsapp' ><a target=\"_blank\" aria-label=\"Compartir en Whatsapp\" href='https:\/\/api.whatsapp.com\/send?text=https:\/\/radiorevelacionfm.cl\/?p=56614' aria-hidden='false' data-av_icon='\uf232' data-av_iconfont='entypo-fontello' title='' data-avia-related-tooltip='Compartir en Whatsapp' rel=\"noopener\"><span class='avia_hidden_link_text'>Compartir en Whatsapp<\/span><\/a><\/li><li class='av-share-link av-social-link-linkedin' ><a target=\"_blank\" aria-label=\"Compartir en LinkedIn\" href='https:\/\/linkedin.com\/shareArticle?mini=true&#038;title=Gobierno%20avanza%20con%20di%C3%A1logo%20en%20localidad%20de%20Villa%20Ma%C3%B1ihuales&#038;url=https:\/\/radiorevelacionfm.cl\/?p=56614' aria-hidden='false' data-av_icon='\ue8fc' data-av_iconfont='entypo-fontello' title='' data-avia-related-tooltip='Compartir en LinkedIn' rel=\"noopener\"><span class='avia_hidden_link_text'>Compartir en LinkedIn<\/span><\/a><\/li><li class='av-share-link av-social-link-mail' ><a  aria-label=\"Compartir por correo\" href='mailto:?subject=Gobierno%20avanza%20con%20di%C3%A1logo%20en%20localidad%20de%20Villa%20Ma%C3%B1ihuales&#038;body=https:\/\/radiorevelacionfm.cl\/?p=56614' aria-hidden='false' data-av_icon='\ue805' data-av_iconfont='entypo-fontello' title='' data-avia-related-tooltip='Compartir por correo'><span class='avia_hidden_link_text'>Compartir por correo<\/span><\/a><\/li><\/ul><\/div><\/div>\n<div  style='height:50px' class='hr hr-invisible   avia-builder-el-8  el_after_av_social_share  el_before_av_comments_list '><span class='hr-inner ' ><span class='hr-inner-style'><\/span><\/span><\/div>\n<div  class='av-buildercomment  av-blog-meta-html-info-disabled av-blog-meta-tag-disabled  '><\/div>\n","protected":false},"excerpt":{"rendered":"","protected":false},"author":1,"featured_media":56615,"comment_status":"closed","ping_status":"closed","sticky":false,"template":"","format":"standard","meta":{"footnotes":""},"categories":[38],"tags":[],"class_list":["post-56614","post","type-post","status-publish","format-standard","has-post-thumbnail","hentry","category-regional"],"jetpack_featured_media_url":"https:\/\/radiorevelacionfm.cl\/wp-content\/uploads\/2025\/07\/Foto-1-comunicado-Manihuales-1-1.jpeg","_links":{"self":[{"href":"https:\/\/radiorevelacionfm.cl\/index.php?rest_route=\/wp\/v2\/posts\/56614","targetHints":{"allow":["GET"]}}],"collection":[{"href":"https:\/\/radiorevelacionfm.cl\/index.php?rest_route=\/wp\/v2\/posts"}],"about":[{"href":"https:\/\/radiorevelacionfm.cl\/index.php?rest_route=\/wp\/v2\/types\/post"}],"author":[{"embeddable":true,"href":"https:\/\/radiorevelacionfm.cl\/index.php?rest_route=\/wp\/v2\/users\/1"}],"replies":[{"embeddable":true,"href":"https:\/\/radiorevelacionfm.cl\/index.php?rest_route=%2Fwp%2Fv2%2Fcomments&post=56614"}],"version-history":[{"count":2,"href":"https:\/\/radiorevelacionfm.cl\/index.php?rest_route=\/wp\/v2\/posts\/56614\/revisions"}],"predecessor-version":[{"id":56620,"href":"https:\/\/radiorevelacionfm.cl\/index.php?rest_route=\/wp\/v2\/posts\/56614\/revisions\/56620"}],"wp:featuredmedia":[{"embeddable":true,"href":"https:\/\/radiorevelacionfm.cl\/index.php?rest_route=\/wp\/v2\/media\/56615"}],"wp:attachment":[{"href":"https:\/\/radiorevelacionfm.cl\/index.php?rest_route=%2Fwp%2Fv2%2Fmedia&parent=56614"}],"wp:term":[{"taxonomy":"category","embeddable":true,"href":"https:\/\/radiorevelacionfm.cl\/index.php?rest_route=%2Fwp%2Fv2%2Fcategories&post=56614"},{"taxonomy":"post_tag","embeddable":true,"href":"https:\/\/radiorevelacionfm.cl\/index.php?rest_route=%2Fwp%2Fv2%2Ftags&post=56614"}],"curies":[{"name":"wp","href":"https:\/\/api.w.org\/{rel}","templated":true}]}}