{"id":56611,"date":"2025-07-16T13:41:07","date_gmt":"2025-07-16T16:41:07","guid":{"rendered":"https:\/\/radiorevelacionfm.cl\/?p=56611"},"modified":"2025-07-16T13:41:07","modified_gmt":"2025-07-16T16:41:07","slug":"emiten-alerta-por-peligro-de-remocion-en-masa-debido-a-nuevo-sistema-frontal-que-afectara-a-la-region-de-aysen","status":"publish","type":"post","link":"https:\/\/radiorevelacionfm.cl\/?p=56611","title":{"rendered":"Emiten alerta por peligro de remoci\u00f3n en masa debido a nuevo sistema frontal que afectar\u00e1 a la regi\u00f3n de Ays\u00e9n"},"content":{"rendered":"<div class=\"flex_column av_one_full  flex_column_div av-zero-column-padding first  avia-builder-el-0  el_before_av_one_full  avia-builder-el-first  \" style='border-radius:0px; '><div  class='avia-image-container  av-styling-    avia-builder-el-1  avia-builder-el-no-sibling  avia-align-center '  itemprop=\"image\" itemscope=\"itemscope\" itemtype=\"https:\/\/schema.org\/ImageObject\"  ><div class='avia-image-container-inner'><div class='avia-image-overlay-wrap'><img decoding=\"async\" class='wp-image-55484 avia-img-lazy-loading-not-55484 avia_image' src=\"https:\/\/radiorevelacionfm.cl\/wp-content\/uploads\/2025\/06\/derrumbe-puyuhuapi-1_optimized-1.jpg\" alt='' title='derrumbe-puyuhuapi-(1)_optimized (1)' height=\"600\" width=\"1299\"  itemprop=\"thumbnailUrl\" srcset=\"https:\/\/radiorevelacionfm.cl\/wp-content\/uploads\/2025\/06\/derrumbe-puyuhuapi-1_optimized-1.jpg 1299w, https:\/\/radiorevelacionfm.cl\/wp-content\/uploads\/2025\/06\/derrumbe-puyuhuapi-1_optimized-1-300x139.jpg 300w, https:\/\/radiorevelacionfm.cl\/wp-content\/uploads\/2025\/06\/derrumbe-puyuhuapi-1_optimized-1-1030x476.jpg 1030w, https:\/\/radiorevelacionfm.cl\/wp-content\/uploads\/2025\/06\/derrumbe-puyuhuapi-1_optimized-1-768x355.jpg 768w, https:\/\/radiorevelacionfm.cl\/wp-content\/uploads\/2025\/06\/derrumbe-puyuhuapi-1_optimized-1-705x326.jpg 705w, https:\/\/radiorevelacionfm.cl\/wp-content\/uploads\/2025\/06\/derrumbe-puyuhuapi-1_optimized-1-450x208.jpg 450w, https:\/\/radiorevelacionfm.cl\/wp-content\/uploads\/2025\/06\/derrumbe-puyuhuapi-1_optimized-1-600x277.jpg 600w\" sizes=\"(max-width: 1299px) 100vw, 1299px\" \/><\/div><\/div><\/div><\/div><div class=\"flex_column av_one_full  flex_column_div av-zero-column-padding first  avia-builder-el-2  el_after_av_one_full  el_before_av_one_full  column-top-margin\" style='border-radius:0px; '><section class=\"av_textblock_section \"  itemscope=\"itemscope\" itemtype=\"https:\/\/schema.org\/BlogPosting\" itemprop=\"blogPost\" ><div class='avia_textblock  '   itemprop=\"text\" ><p style=\"text-align: center;\"><strong><span style=\"font-size: 18pt;\">Emiten alerta por peligro de remoci\u00f3n en masa debido a nuevo sistema frontal que afectar\u00e1 a la regi\u00f3n de Ays\u00e9n<\/span><\/strong><\/p>\n<div id=\"gtx-trans\" style=\"position: absolute; left: -50px; top: 4.31534px;\">\n<div class=\"gtx-trans-icon\"><\/div>\n<\/div>\n<\/div><\/section><\/div><div class=\"flex_column av_one_full  flex_column_div av-zero-column-padding first  avia-builder-el-4  el_after_av_one_full  el_before_av_hr  column-top-margin\" style='border-radius:0px; '><section class=\"av_textblock_section \"  itemscope=\"itemscope\" itemtype=\"https:\/\/schema.org\/BlogPosting\" itemprop=\"blogPost\" ><div class='avia_textblock  '   itemprop=\"text\" ><p style=\"text-align: justify;\">La Direcci\u00f3n Meteorol\u00f3gica de Chile (DMC) ha emitido el Informe de Amenaza Meteorol\u00f3gica para la regi\u00f3n de Ays\u00e9n con fecha 16 de julio a las 06:30 am que se\u00f1ala \u201cIngreso gradual de un sistema frontal\u201d Adem\u00e1s, emiti\u00f3 una Actualizaci\u00f3n de Aviso (A267-2\/2025) a las 13:49 hrs y una Alerta Meteorol\u00f3gica (AA61\/2025) a las 13:50 hrs por \u2018Precipitaciones Moderadas a Fuertes\u2019 para los d\u00edas 17 y 18 de julio. Sobre la base de estos antecedentes, SERNAGEOMIN considera que la posibilidad de ocurrencia de remociones en masa, tales como flujos de detritos (aluviones), deslizamientos y\/o ca\u00eddas de rocas (derrumbes), de acuerdo a lo informado en Tabla 1 para la regi\u00f3n de Ays\u00e9n.<\/p>\n<p style=\"text-align: justify;\">Tabla 1. Pron\u00f3stico de precipitaciones (mm) emitido por la DMC (Informe de Amenaza Meteorol\u00f3gica, 16 de julio 2025, *Aviso A267-2 y **Alerta AA61\/2025).<\/p>\n<table>\n<tbody>\n<tr>\n<td rowspan=\"2\" width=\"65\"><strong>Regi\u00f3n<\/strong><\/td>\n<td rowspan=\"2\" width=\"133\"><strong>Zona<\/strong><\/td>\n<td width=\"85\"><strong>16 julio 12Z<\/strong><\/td>\n<td width=\"95\"><strong>17 julio12Z<\/strong><\/td>\n<td width=\"85\"><strong>18 julio 12Z<\/strong><\/td>\n<td rowspan=\"2\" width=\"123\"><strong>Posibilidad de ocurrencia de remociones en<\/strong><\/p>\n<p><strong>masa<\/strong><\/td>\n<\/tr>\n<tr>\n<td width=\"85\"><strong>17 julio 12Z<\/strong><\/td>\n<td width=\"95\"><strong>18 julio 12Z<\/strong><\/td>\n<td width=\"85\"><strong>19 julio 12Z<\/strong><\/td>\n<\/tr>\n<tr>\n<td rowspan=\"8\" width=\"65\">Ays\u00e9n<\/td>\n<td width=\"133\"><strong>INSULAR NORTE<\/strong><\/td>\n<td width=\"85\">20-45<\/td>\n<td width=\"95\">55-85<\/td>\n<td width=\"85\">5-15<\/td>\n<td width=\"123\"><strong>Alta<\/strong><\/td>\n<\/tr>\n<tr>\n<td width=\"133\"><strong>LITORAL INTERIOR NORTE<\/strong><\/td>\n<td width=\"85\">40-60<\/td>\n<td width=\"95\">80-100<\/td>\n<td width=\"85\">15-25<\/td>\n<td width=\"123\"><strong>Alta<\/strong><\/td>\n<\/tr>\n<tr>\n<td width=\"133\"><strong>CORDILLERA AUSTRAL NORTE<\/strong><\/td>\n<td width=\"85\">40-65mm\/30-<\/p>\n<p>60cm<\/td>\n<td width=\"95\">60-95mm\/\u226415cm<\/td>\n<td width=\"85\">5-15mm\/10- 25cm<\/td>\n<td width=\"123\"><strong>Alta<\/strong><\/td>\n<\/tr>\n<tr>\n<td width=\"133\"><strong>PATAGONIA<\/strong><strong> SUBANDINA NORTE<\/strong><\/td>\n<td width=\"85\">20-35<\/td>\n<td width=\"95\">40-55<\/td>\n<td width=\"85\">5-15<\/td>\n<td width=\"123\"><strong>Moderada<\/strong><\/td>\n<\/tr>\n<tr>\n<td width=\"133\"><strong>INSULAR SUR<\/strong><\/td>\n<td width=\"85\">50-80<\/td>\n<td width=\"95\">40-60<\/td>\n<td width=\"85\">10-20<\/td>\n<td width=\"123\"><strong>Moderada<\/strong><\/td>\n<\/tr>\n<tr>\n<td width=\"133\"><strong>CORDILLERA AUSTRAL SUR<\/strong><\/td>\n<td width=\"85\">20-40mm\/30-<\/p>\n<p>60cm<\/td>\n<td width=\"95\">35-75cm<\/td>\n<td width=\"85\">20-45cm<\/td>\n<td width=\"123\"><strong>Baja<\/strong><\/td>\n<\/tr>\n<tr>\n<td width=\"133\"><strong>PATAGONIA<\/strong><strong> SUBANDINA SUR<\/strong><\/td>\n<td width=\"85\">40-65<\/td>\n<td width=\"95\">25-45<\/td>\n<td width=\"85\">5-15mm\/\u22645cm<\/td>\n<td width=\"123\"><strong>Moderada<\/strong><\/td>\n<\/tr>\n<tr>\n<td width=\"133\"><strong>Isoterma 0\u00b0C (m)<\/strong><\/td>\n<td width=\"85\">600-1500<\/td>\n<td width=\"95\">1500-2000<\/td>\n<td width=\"85\">2000-800<\/td>\n<td width=\"123\"><\/td>\n<\/tr>\n<\/tbody>\n<\/table>\n<p style=\"text-align: justify;\">A continuaci\u00f3n se se\u00f1alan localidades y sectores donde han ocurrido eventos de remoci\u00f3n en masa y\/o presentan condiciones propicias de generaci\u00f3n, adem\u00e1s de recomendaciones generales.<\/p>\n<p style=\"text-align: justify;\"><span style=\"font-size: 14pt;\"><strong>Provincia Ays\u00e9n<\/strong><\/span><\/p>\n<ul>\n<li style=\"text-align: justify;\"><strong>Cisnes<\/strong>: <strong>Paso Las Pulgas<\/strong>, Cerro Barros Arana Quinto Valle, <strong>Quebrada Cuatro Vientos en La Junta<\/strong>, <strong>sector Lago Risopatr\u00f3n <\/strong>(ruta 7), salida norte de Puyuhuapi, Termas Ventisquero (ruta 7), Bosque Encantado, <strong>Queulat<\/strong>, puente Chucao, piedra El Gato, ruta antigua hacia Puerto Cisnes (Cementerio).<\/li>\n<\/ul>\n<h1><span style=\"font-size: 14pt;\">Provincia Coyhaique<\/span><\/h1>\n<ul>\n<li><strong>Lago Verde<\/strong>: Sector Lago Las Torres, sector La<\/li>\n<\/ul>\n<h1><span style=\"font-size: 14pt;\">Provincia General Carrera<\/span><\/h1>\n<ul>\n<li style=\"text-align: justify;\"><strong>Chile Chico<\/strong>: Fachinal, <strong>paso Las Llaves<\/strong>, Cuesta el Mait\u00e9n (Puerto Guadal).<\/li>\n<li style=\"text-align: justify;\">R\u00edo Ib\u00e1\u00f1ez: Valle Exploradores (ruta X-728), Bah\u00eda Murta (ruta 7 antes de llegar a ruta X-731), sector La Candonga, Puerto R\u00edo Tranquilo (r\u00edo Chirifo).<\/li>\n<\/ul>\n<h1><span style=\"font-size: 14pt;\"><strong>Provincia Capit\u00e1n Prat<\/strong><\/span><\/h1>\n<p>&#8211;\u00a0 Villa O&#8217;Higgins: Valle r\u00edo Mosco al sur de Villa O\u2019Higgins<\/p>\n<p>&#8211;\u00a0 Sector el Vagabundo.<\/p>\n<h1 style=\"text-align: justify;\"><span style=\"font-size: 12pt;\">RECOMENDACIONES GENERALES<\/span><\/h1>\n<ol style=\"text-align: justify;\">\n<li><strong>Identificaci\u00f3n de zonas cr\u00edticas<\/strong>\n<ul>\n<li>Se recomienda considerar como zonas cr\u00edticas todos aquellos sectores con remociones en masa activas, as\u00ed como aquellos que hayan sido previamente afectados por remociones en masa e inundaciones.<\/li>\n<\/ul>\n<\/li>\n<\/ol>\n<h1 style=\"text-align: justify;\"><span style=\"font-size: 12pt;\">2.\u00a0 Monitoreo hidroMeteorol\u00f3gica<\/span><\/h1>\n<ul style=\"text-align: justify;\">\n<li>Realizar monitoreo permanente del caudal de las quebradas, con especial atenci\u00f3n a:\n<ul>\n<li>Aumentos s\u00fabitos de escorrent\u00eda, que pueden ser indicadores de posibles flujos de detritos.<\/li>\n<li>Disminuciones abruptas del caudal, lo cual podr\u00eda se\u00f1alar un represamiento del cauce aguas arriba del punto de observaci\u00f3n.<\/li>\n<\/ul>\n<\/li>\n<\/ul>\n<h1 style=\"text-align: justify;\"><span style=\"font-size: 12pt;\">3.\u00a0 Comunicaci\u00f3n del riesgo<\/span><\/h1>\n<ul>\n<li style=\"text-align: justify;\">Emitir Alertas a la comunidad para que:\n<ul>\n<li>Conduzcan con precauci\u00f3n o restrinjan la circulaci\u00f3n vehicular en rutas expuestas, especialmente en zonas precordilleranas y cordilleranas.<\/li>\n<li>Se preste especial atenci\u00f3n a la ruta debido a la recurrencia de eventos en este sector.<\/li>\n<\/ul>\n<\/li>\n<li>Alertar a los pobladores para que:\n<ul>\n<li style=\"text-align: justify;\">Tomen las precauciones correspondientes y est\u00e9n atentos a los caudales de quebradas, as\u00ed como a escurrimientos en laderas y taludes cercanos a sus viviendas.<\/li>\n<\/ul>\n<\/li>\n<\/ul>\n<\/div><\/section><\/div><div  style='height:50px' class='hr hr-invisible   avia-builder-el-6  el_after_av_one_full  el_before_av_social_share '><span class='hr-inner ' ><span class='hr-inner-style'><\/span><\/span><\/div><\/p>\n<div  class='av-social-sharing-box  avia-builder-el-7  el_after_av_hr  el_before_av_hr  '><div class='av-share-box'><h5 class='av-share-link-description av-no-toc '>Compartir esta noticia<\/h5><ul class='av-share-box-list noLightbox'><li class='av-share-link av-social-link-facebook' ><a target=\"_blank\" aria-label=\"Compartir en Facebook\" href='https:\/\/www.facebook.com\/sharer.php?u=https:\/\/radiorevelacionfm.cl\/?p=56611&#038;t=Emiten%20alerta%20por%20peligro%20de%20remoci%C3%B3n%20en%20masa%20debido%20a%20nuevo%20sistema%20frontal%20que%20afectar%C3%A1%20a%20la%20regi%C3%B3n%20de%20Ays%C3%A9n' aria-hidden='false' data-av_icon='\ue8f3' data-av_iconfont='entypo-fontello' title='' data-avia-related-tooltip='Compartir en Facebook' rel=\"noopener\"><span class='avia_hidden_link_text'>Compartir en Facebook<\/span><\/a><\/li><li class='av-share-link av-social-link-twitter' ><a target=\"_blank\" aria-label=\"Compartir en Twitter\" href='https:\/\/twitter.com\/share?text=Emiten%20alerta%20por%20peligro%20de%20remoci%C3%B3n%20en%20masa%20debido%20a%20nuevo%20sistema%20frontal%20que%20afectar%C3%A1%20a%20la%20regi%C3%B3n%20de%20Ays%C3%A9n&#038;url=https:\/\/radiorevelacionfm.cl\/?p=56611' aria-hidden='false' data-av_icon='\ue8f1' data-av_iconfont='entypo-fontello' title='' data-avia-related-tooltip='Compartir en Twitter' rel=\"noopener\"><span class='avia_hidden_link_text'>Compartir en Twitter<\/span><\/a><\/li><li class='av-share-link av-social-link-whatsapp' ><a target=\"_blank\" aria-label=\"Compartir en Whatsapp\" href='https:\/\/api.whatsapp.com\/send?text=https:\/\/radiorevelacionfm.cl\/?p=56611' aria-hidden='false' data-av_icon='\uf232' data-av_iconfont='entypo-fontello' title='' data-avia-related-tooltip='Compartir en Whatsapp' rel=\"noopener\"><span class='avia_hidden_link_text'>Compartir en Whatsapp<\/span><\/a><\/li><li class='av-share-link av-social-link-linkedin' ><a target=\"_blank\" aria-label=\"Compartir en LinkedIn\" href='https:\/\/linkedin.com\/shareArticle?mini=true&#038;title=Emiten%20alerta%20por%20peligro%20de%20remoci%C3%B3n%20en%20masa%20debido%20a%20nuevo%20sistema%20frontal%20que%20afectar%C3%A1%20a%20la%20regi%C3%B3n%20de%20Ays%C3%A9n&#038;url=https:\/\/radiorevelacionfm.cl\/?p=56611' aria-hidden='false' data-av_icon='\ue8fc' data-av_iconfont='entypo-fontello' title='' data-avia-related-tooltip='Compartir en LinkedIn' rel=\"noopener\"><span class='avia_hidden_link_text'>Compartir en LinkedIn<\/span><\/a><\/li><li class='av-share-link av-social-link-mail' ><a  aria-label=\"Compartir por correo\" href='mailto:?subject=Emiten%20alerta%20por%20peligro%20de%20remoci%C3%B3n%20en%20masa%20debido%20a%20nuevo%20sistema%20frontal%20que%20afectar%C3%A1%20a%20la%20regi%C3%B3n%20de%20Ays%C3%A9n&#038;body=https:\/\/radiorevelacionfm.cl\/?p=56611' aria-hidden='false' data-av_icon='\ue805' data-av_iconfont='entypo-fontello' title='' data-avia-related-tooltip='Compartir por correo'><span class='avia_hidden_link_text'>Compartir por correo<\/span><\/a><\/li><\/ul><\/div><\/div>\n<div  style='height:50px' class='hr hr-invisible   avia-builder-el-8  el_after_av_social_share  el_before_av_comments_list '><span class='hr-inner ' ><span class='hr-inner-style'><\/span><\/span><\/div>\n<div  class='av-buildercomment  av-blog-meta-html-info-disabled av-blog-meta-tag-disabled  '><\/div>\n","protected":false},"excerpt":{"rendered":"","protected":false},"author":1,"featured_media":55484,"comment_status":"closed","ping_status":"closed","sticky":false,"template":"","format":"standard","meta":{"footnotes":""},"categories":[38],"tags":[],"class_list":["post-56611","post","type-post","status-publish","format-standard","has-post-thumbnail","hentry","category-regional"],"jetpack_featured_media_url":"https:\/\/radiorevelacionfm.cl\/wp-content\/uploads\/2025\/06\/derrumbe-puyuhuapi-1_optimized-1.jpg","_links":{"self":[{"href":"https:\/\/radiorevelacionfm.cl\/index.php?rest_route=\/wp\/v2\/posts\/56611","targetHints":{"allow":["GET"]}}],"collection":[{"href":"https:\/\/radiorevelacionfm.cl\/index.php?rest_route=\/wp\/v2\/posts"}],"about":[{"href":"https:\/\/radiorevelacionfm.cl\/index.php?rest_route=\/wp\/v2\/types\/post"}],"author":[{"embeddable":true,"href":"https:\/\/radiorevelacionfm.cl\/index.php?rest_route=\/wp\/v2\/users\/1"}],"replies":[{"embeddable":true,"href":"https:\/\/radiorevelacionfm.cl\/index.php?rest_route=%2Fwp%2Fv2%2Fcomments&post=56611"}],"version-history":[{"count":2,"href":"https:\/\/radiorevelacionfm.cl\/index.php?rest_route=\/wp\/v2\/posts\/56611\/revisions"}],"predecessor-version":[{"id":56613,"href":"https:\/\/radiorevelacionfm.cl\/index.php?rest_route=\/wp\/v2\/posts\/56611\/revisions\/56613"}],"wp:featuredmedia":[{"embeddable":true,"href":"https:\/\/radiorevelacionfm.cl\/index.php?rest_route=\/wp\/v2\/media\/55484"}],"wp:attachment":[{"href":"https:\/\/radiorevelacionfm.cl\/index.php?rest_route=%2Fwp%2Fv2%2Fmedia&parent=56611"}],"wp:term":[{"taxonomy":"category","embeddable":true,"href":"https:\/\/radiorevelacionfm.cl\/index.php?rest_route=%2Fwp%2Fv2%2Fcategories&post=56611"},{"taxonomy":"post_tag","embeddable":true,"href":"https:\/\/radiorevelacionfm.cl\/index.php?rest_route=%2Fwp%2Fv2%2Ftags&post=56611"}],"curies":[{"name":"wp","href":"https:\/\/api.w.org\/{rel}","templated":true}]}}