{"id":56606,"date":"2025-07-16T16:20:10","date_gmt":"2025-07-16T19:20:10","guid":{"rendered":"https:\/\/radiorevelacionfm.cl\/?p=56606"},"modified":"2025-07-16T16:20:10","modified_gmt":"2025-07-16T19:20:10","slug":"corporacion-de-desarrollo-de-aysen-y-los-habitantes-los-trabajadores-y-la-naturaleza-donde-estan","status":"publish","type":"post","link":"https:\/\/radiorevelacionfm.cl\/?p=56606","title":{"rendered":"Corporaci\u00f3n de Desarrollo de Ays\u00e9n&#8230; \u00bfy los habitantes, los trabajadores y la naturaleza d\u00f3nde est\u00e1n?"},"content":{"rendered":"<div class=\"flex_column av_one_full  flex_column_div av-zero-column-padding first  avia-builder-el-0  el_before_av_one_full  avia-builder-el-first  \" style='border-radius:0px; '><div  class='avia-image-container  av-styling-    avia-builder-el-1  avia-builder-el-no-sibling  avia-align-center '  itemprop=\"image\" itemscope=\"itemscope\" itemtype=\"https:\/\/schema.org\/ImageObject\"  ><div class='avia-image-container-inner'><div class='avia-image-overlay-wrap'><img decoding=\"async\" class='wp-image-45513 avia-img-lazy-loading-not-45513 avia_image' src=\"https:\/\/radiorevelacionfm.cl\/wp-content\/uploads\/2024\/08\/puerto-aguirre-islas-huichas-1_optimized-1.jpeg\" alt='' title='puerto-aguirre-islas-huichas-(1)_optimized (1)' height=\"600\" width=\"1067\"  itemprop=\"thumbnailUrl\" srcset=\"https:\/\/radiorevelacionfm.cl\/wp-content\/uploads\/2024\/08\/puerto-aguirre-islas-huichas-1_optimized-1.jpeg 1067w, https:\/\/radiorevelacionfm.cl\/wp-content\/uploads\/2024\/08\/puerto-aguirre-islas-huichas-1_optimized-1-300x169.jpeg 300w, https:\/\/radiorevelacionfm.cl\/wp-content\/uploads\/2024\/08\/puerto-aguirre-islas-huichas-1_optimized-1-1030x579.jpeg 1030w, https:\/\/radiorevelacionfm.cl\/wp-content\/uploads\/2024\/08\/puerto-aguirre-islas-huichas-1_optimized-1-768x432.jpeg 768w, https:\/\/radiorevelacionfm.cl\/wp-content\/uploads\/2024\/08\/puerto-aguirre-islas-huichas-1_optimized-1-705x396.jpeg 705w, https:\/\/radiorevelacionfm.cl\/wp-content\/uploads\/2024\/08\/puerto-aguirre-islas-huichas-1_optimized-1-450x253.jpeg 450w, https:\/\/radiorevelacionfm.cl\/wp-content\/uploads\/2024\/08\/puerto-aguirre-islas-huichas-1_optimized-1-600x337.jpeg 600w\" sizes=\"(max-width: 1067px) 100vw, 1067px\" \/><\/div><\/div><\/div><\/div><div class=\"flex_column av_one_full  flex_column_div av-zero-column-padding first  avia-builder-el-2  el_after_av_one_full  el_before_av_one_full  column-top-margin\" style='border-radius:0px; '><section class=\"av_textblock_section \"  itemscope=\"itemscope\" itemtype=\"https:\/\/schema.org\/BlogPosting\" itemprop=\"blogPost\" ><div class='avia_textblock  '   itemprop=\"text\" ><p style=\"text-align: center;\"><span style=\"font-size: 18pt;\"><b><span lang=\"ES-TRAD\">Corporaci\u00f3n de Desarrollo de Ays\u00e9n&#8230; \u00bfy los habitantes, los trabajadores y la naturaleza d\u00f3nde est\u00e1n?<\/span><\/b><\/span><\/p>\n<div id=\"gtx-trans\" style=\"position: absolute; left: -50px; top: 4.31534px;\">\n<div class=\"gtx-trans-icon\"><\/div>\n<\/div>\n<\/div><\/section><\/div><div class=\"flex_column av_one_full  flex_column_div av-zero-column-padding first  avia-builder-el-4  el_after_av_one_full  el_before_av_hr  column-top-margin\" style='border-radius:0px; '><section class=\"av_textblock_section \"  itemscope=\"itemscope\" itemtype=\"https:\/\/schema.org\/BlogPosting\" itemprop=\"blogPost\" ><div class='avia_textblock  '   itemprop=\"text\" ><p class=\"v1MsoNormal\" style=\"text-align: justify;\"><span lang=\"ES-TRAD\">El 9 de julio el Consejo Regional de Ays\u00e9n (CORE)\u00a0<\/span><a href=\"https:\/\/www.diarioregionalaysen.cl\/noticia\/actualidad\/2025\/07\/aprueban-creacion-de-corporacion-de-desarrollo-regional\" target=\"_blank\" rel=\"noopener noreferrer\"><span lang=\"ES-TRAD\">aprob\u00f3 la propuesta<\/span><\/a><span lang=\"ES-TRAD\"> del gobernador Marcelo Santana para crear una Corporaci\u00f3n de Desarrollo Regional. Era \u00e9ste un anhelo de larga data, desde hace quince a\u00f1os al menos se ven\u00eda planteando la posibilidad.\u00a0\u00a0<\/span><\/p>\n<p class=\"v1MsoNormal\" style=\"text-align: justify;\"><span lang=\"ES-TRAD\">Los \u00faltimos esfuerzos fueron realizados por la ex gobernadora Andrea Mac\u00edas, quien\u00a0<\/span><a href=\"https:\/\/radio45sur.cl\/2023\/03\/17\/se-rechaza-la-formacion-de-la-corporacion-de-desarrollo-regional-y-gobernador-macias-acusa-ribetes-politicos-en-la-decision-aqui-es-aysen-quien-pierde\/\" target=\"_blank\" rel=\"noopener noreferrer\"><span lang=\"ES-TRAD\">infructuosamente<\/span><\/a><span lang=\"ES-TRAD\">\u00a0intent\u00f3 sacar adelante la iniciativa, sin embargo el rechazo de la oposici\u00f3n de la \u00e9poca (hoy en la conducci\u00f3n del Gobierno Regional) no permiti\u00f3 su materializaci\u00f3n.<\/span><\/p>\n<p class=\"v1MsoNormal\" style=\"text-align: justify;\"><span lang=\"ES-TRAD\">Avanzar en una idea de este tipo requer\u00eda articulaci\u00f3n pol\u00edtica: el art\u00edculo 101 de la Ley sobre Gobierno y Administraci\u00f3n Regional estipula que \u00ab<i>la formaci\u00f3n de estas corporaciones o fundaciones, o su incorporaci\u00f3n a ellas, previa proposici\u00f3n del gobernador regional, requerir\u00e1 el acuerdo de los dos tercios del consejo regional<\/i>\u00ab. De haber contado con esos esquivos votos de la oposici\u00f3n, es posible que hoy la corporaci\u00f3n ya estar\u00eda en gestiones.<\/span><\/p>\n<p class=\"v1MsoNormal\" style=\"text-align: justify;\"><span lang=\"ES-TRAD\">La de Ays\u00e9n era una de las \u00faltimas (junto a la de Los Lagos) que restaba por constituirse. Lo ocurrido el 9 de julio fue un primer paso, importante, dado que el acuerdo permite la creaci\u00f3n del organismo junto a org\u00e1nicas habilitantes como son un Comit\u00e9 de Coordinaci\u00f3n y Seguimiento, un Consejo de Vinculaci\u00f3n Territorial, adem\u00e1s de establecer los mecanismos para constituir la asamblea, el ingreso de socios y el directorio.<\/span><\/p>\n<p class=\"v1MsoNormal\" style=\"text-align: justify;\"><span lang=\"ES-TRAD\">Claramente, es este\u00a0<\/span><a href=\"https:\/\/acuerdoscore.goreaysen.cl\/writable\/acuerdos\/5143.pdf\" target=\"_blank\" rel=\"noopener noreferrer\"><span lang=\"ES-TRAD\">hito<\/span><\/a>\u00a0<span lang=\"ES-TRAD\">un logro del actual gobernador. En l\u00ednea con su objetivo de hacer \u00ab<i>que la regi\u00f3n vuelva a crecer<\/i>\u00ab. Y es el momento en que entra en juego la discusi\u00f3n sobre los conceptos. Porque, m\u00e1s all\u00e1 de las ideolog\u00edas, en el mundo y en Chile est\u00e1 meridianamente zanjado que crecimiento no es lo mismo que desarrollo. El primero asociado a producci\u00f3n, el segundo a c\u00f3mo \u00e9ste impacta en la vida de las personas.<\/span><\/p>\n<p class=\"v1MsoNormal\" style=\"text-align: justify;\"><span lang=\"ES-TRAD\">Es algo que dice la propia norma. La Ley 19.175 se\u00f1ala que con estas corporaciones se busca un \u00ab<i>desarrollo regional en los \u00e1mbitos social, econ\u00f3mico y cultural de la regi\u00f3n<\/i>\u00ab. Y avanza un poco m\u00e1s, incluso, pudiendo el ente realizar \u00ab<i>estudios orientados a identificar \u00e1reas o sectores con potencial de crecimiento, estimular la ejecuci\u00f3n de proyectos de inversi\u00f3n, fortalecer la capacidad asociativa de peque\u00f1os y medianos productores, promover la innovaci\u00f3n tecnol\u00f3gica, incentivar las actividades art\u00edsticas y deportivas, estimular el turismo intrarregional, mejorar la eficiencia de la gesti\u00f3n empresarial y efectuar actividades de capacitaci\u00f3n<\/i>\u00ab.<\/span><\/p>\n<p class=\"v1MsoNormal\" style=\"text-align: justify;\"><span lang=\"ES-TRAD\">El acuerdo del CORE valida esta noci\u00f3n, al se\u00f1alar que ser\u00e1 su \u00ab<i>misi\u00f3n contribuir al crecimiento y desarrollo de la Regi\u00f3n de Ays\u00e9n, en los \u00e1mbitos econ\u00f3mico, social y cultural, desde la articulaci\u00f3n p\u00fablico-privado, fomentando el desarrollo desde una perspectiva estrat\u00e9gica, innovadora y sostenible en el tiempo<\/i>\u00ab.<\/span><\/p>\n<p class=\"v1MsoNormal\" style=\"text-align: justify;\"><span lang=\"ES-TRAD\">Es ac\u00e1 donde entra uno de los elementos esenciales para definir el futuro de la organizaci\u00f3n: qui\u00e9nes podr\u00e1n ser sus asociados. O, dicho en simple, la asamblea que definir\u00e1 su conducci\u00f3n futura.<\/span><\/p>\n<p class=\"v1MsoNormal\" style=\"text-align: justify;\"><span lang=\"ES-TRAD\">Seg\u00fan lo propuesto, estar\u00e1 compuesta por gremios productivos, empresas con sede regional (es posible que las grandes que no est\u00e1n asociadas con otras como Edelays\u00e9n y las mineras), la Asociaci\u00f3n Regional de Municipalidades, y universidades, institutos y centros de formaci\u00f3n t\u00e9cnica.<\/span><\/p>\n<p class=\"v1MsoNormal\" style=\"text-align: justify;\"><span lang=\"ES-TRAD\">En el fondo, un marcado \u00e9nfasis de representaci\u00f3n empresarial. Los habitantes de los territorios, la cultura, lo ambiental, est\u00e1n ausentes de esta invitaci\u00f3n, a trav\u00e9s de sus propias organizaciones representativas. Tampoco est\u00e1n los trabajadores, fundamentales incluso cuando se habla de una organizaci\u00f3n s\u00f3lo dirigida hacia lo productivo. Todos ellos claramente algo tienen que decir sobre desarrollo.<\/span><\/p>\n<p class=\"v1MsoNormal\" style=\"text-align: justify;\"><span lang=\"ES-TRAD\">Uno de los argumentos para excluirlos de dicho espacio ha sido protegerles de que al \u00ab<i>estar incorporado a la asamblea de socios puede ser una limitante para recurrir a los recursos de la corporaci\u00f3n<\/i>\u00bb (dicho en la sesi\u00f3n por los impulsores). Lo claro es que esta premisa no s\u00f3lo ser\u00eda aplicable a las organizaciones sociales, sino que a todos quienes sean parte de la asamblea y representen intereses de sectores empresariales, academia e incluso municipios, ya que tambi\u00e9n pueden concurrir conflictos de inter\u00e9s. Otro argumento ser\u00eda la dificultad de encontrar representaciones legitimadas, figura que igualmente aplica a otros sectores. Por ejemplo, la industria del salm\u00f3n cuenta con dos gremios: Consejo del Salm\u00f3n y Salmon Chile.<\/span><\/p>\n<p class=\"v1MsoNormal\" style=\"text-align: justify;\"><span lang=\"ES-TRAD\">Para zanjar aquello, la propuesta plantea que en el Comit\u00e9 de Vinculaci\u00f3n Territorial se pueda incorporar otro tipo de actores, con una participaci\u00f3n no vinculante sino s\u00f3lo\u00a0<\/span><a href=\"https:\/\/corporacionlosrios.cl\/socios\/\" target=\"_blank\" rel=\"noopener noreferrer\"><span lang=\"ES-TRAD\">consultiva<\/span><\/a><span lang=\"ES-TRAD\">.\u00a0\u00a0<\/span><\/p>\n<p class=\"v1MsoNormal\" style=\"text-align: justify;\"><span lang=\"ES-TRAD\">En la\u00a0<\/span><a href=\"https:\/\/www.corporacionayp.cl\/socios\/\" target=\"_blank\" rel=\"noopener noreferrer\"><span lang=\"ES-TRAD\">Regi\u00f3n de Arica y Parinacota<\/span><\/a><span lang=\"ES-TRAD\">, por ejemplo, en la asamblea de socios participa la Central Unitaria de Trabajadores, en\u00a0<\/span><a href=\"https:\/\/corporacionlosrios.cl\/socios\/\" target=\"_blank\" rel=\"noopener noreferrer\"><span lang=\"ES-TRAD\">Los R\u00edos<\/span><\/a><span lang=\"ES-TRAD\">\u00a0se abre a las cooperativas y emprendimientos con impacto local, mientras que en\u00a0<\/span><a href=\"https:\/\/corporacionmagallanes.cl\/quienes-somos#:~:text=La%20Corporaci%C3%B3n%20de%20Desarrollo%20de,y%20deportivo%20de%20la%20regi%C3%B3n.\" target=\"_blank\" rel=\"noopener noreferrer\"><span lang=\"ES-TRAD\">Magallanes<\/span><\/a>\u00a0<span lang=\"ES-TRAD\">est\u00e1 la\u00a0<\/span><a href=\"https:\/\/www.fundacionesperanza.cl\/\" target=\"_blank\" rel=\"noopener noreferrer\"><span lang=\"ES-TRAD\">Fundaci\u00f3n Esperanza<\/span><\/a><span lang=\"ES-TRAD\">\u00a0enfocada en la \u00ab<i>promoci\u00f3n y respeto de los derechos fundamentales de los ni\u00f1os, ni\u00f1as y adolescentes<\/i>\u00ab.<\/span><\/p>\n<p class=\"v1MsoNormal\" style=\"text-align: justify;\"><span lang=\"ES-TRAD\">Hablar de desarrollo no se zanjar\u00e1 con una corporaci\u00f3n. Y est\u00e1 bien, considerando que es un concepto din\u00e1mico. Hace cuarenta a\u00f1os, la conectividad digital no era parte de \u00e9ste.\u00a0\u00a0Hoy ser\u00eda dif\u00edcil no contemplarlo.<\/span><\/p>\n<p class=\"v1MsoNormal\" style=\"text-align: justify;\"><span lang=\"ES-TRAD\">No vaya a ocurrir lo que hace pocos d\u00edas se conoci\u00f3.\u00a0\u00a0Las juntas de vecinos de Islas Huichas (Estero Copa, Caleta Andrade y Puerto Aguirre)\u00a0<\/span><a href=\"https:\/\/www.facebook.com\/gloriacarmen.levienperez\/posts\/pfbid0GJbmEhxRb9YHNcuKfrTQrNpyTYbNcX69q6D5PNhwHJA1oiE4WUmens6CJDw2T23Nl\" target=\"_blank\" rel=\"noopener noreferrer\"><span lang=\"ES-TRAD\">claman por el apoyo del municipio de Ays\u00e9n y el Gobierno Regional<\/span><\/a>\u00a0<span lang=\"ES-TRAD\">producto de \u00ab<i>la grave falta de empleo que enfrentan nuestras comunidades<\/i>\u00ab. Parad\u00f3jico, considerando que la isla est\u00e1 rodeada de concesiones salmoneras, y donde empresas como Aqua Chile, Blumar, Camanchaca, Invermar, Mowi, Cermaq, Australis Mar, MultiX tienen cientos de centros en la reserva nacional Las Guaitecas y el parque nacional Isla Magdalena, maritorio hoy altamente contaminado por la industria y directamente relacionado con Islas Huichas.<\/span><\/p>\n<p class=\"v1MsoNormal\" style=\"text-align: justify;\"><span lang=\"ES-TRAD\">Claramente, \u00e9se no es el \u00ab<i>desarrollo<\/i>\u00bb al que muchos hacen alusi\u00f3n.<\/span><\/p>\n<\/div><\/section><\/div><div  style='height:50px' class='hr hr-invisible   avia-builder-el-6  el_after_av_one_full  el_before_av_social_share '><span class='hr-inner ' ><span class='hr-inner-style'><\/span><\/span><\/div><\/p>\n<div  class='av-social-sharing-box  avia-builder-el-7  el_after_av_hr  el_before_av_hr  '><div class='av-share-box'><h5 class='av-share-link-description av-no-toc '>Compartir esta noticia<\/h5><ul class='av-share-box-list noLightbox'><li class='av-share-link av-social-link-facebook' ><a target=\"_blank\" aria-label=\"Compartir en Facebook\" href='https:\/\/www.facebook.com\/sharer.php?u=https:\/\/radiorevelacionfm.cl\/?p=56606&#038;t=Corporaci%C3%B3n%20de%20Desarrollo%20de%20Ays%C3%A9n%E2%80%A6%20%C2%BFy%20los%20habitantes%2C%20los%20trabajadores%20y%20la%20naturaleza%20d%C3%B3nde%20est%C3%A1n%3F' aria-hidden='false' data-av_icon='\ue8f3' data-av_iconfont='entypo-fontello' title='' data-avia-related-tooltip='Compartir en Facebook' rel=\"noopener\"><span class='avia_hidden_link_text'>Compartir en Facebook<\/span><\/a><\/li><li class='av-share-link av-social-link-twitter' ><a target=\"_blank\" aria-label=\"Compartir en Twitter\" href='https:\/\/twitter.com\/share?text=Corporaci%C3%B3n%20de%20Desarrollo%20de%20Ays%C3%A9n%E2%80%A6%20%C2%BFy%20los%20habitantes%2C%20los%20trabajadores%20y%20la%20naturaleza%20d%C3%B3nde%20est%C3%A1n%3F&#038;url=https:\/\/radiorevelacionfm.cl\/?p=56606' aria-hidden='false' data-av_icon='\ue8f1' data-av_iconfont='entypo-fontello' title='' data-avia-related-tooltip='Compartir en Twitter' rel=\"noopener\"><span class='avia_hidden_link_text'>Compartir en Twitter<\/span><\/a><\/li><li class='av-share-link av-social-link-whatsapp' ><a target=\"_blank\" aria-label=\"Compartir en Whatsapp\" href='https:\/\/api.whatsapp.com\/send?text=https:\/\/radiorevelacionfm.cl\/?p=56606' aria-hidden='false' data-av_icon='\uf232' data-av_iconfont='entypo-fontello' title='' data-avia-related-tooltip='Compartir en Whatsapp' rel=\"noopener\"><span class='avia_hidden_link_text'>Compartir en Whatsapp<\/span><\/a><\/li><li class='av-share-link av-social-link-linkedin' ><a target=\"_blank\" aria-label=\"Compartir en LinkedIn\" href='https:\/\/linkedin.com\/shareArticle?mini=true&#038;title=Corporaci%C3%B3n%20de%20Desarrollo%20de%20Ays%C3%A9n%E2%80%A6%20%C2%BFy%20los%20habitantes%2C%20los%20trabajadores%20y%20la%20naturaleza%20d%C3%B3nde%20est%C3%A1n%3F&#038;url=https:\/\/radiorevelacionfm.cl\/?p=56606' aria-hidden='false' data-av_icon='\ue8fc' data-av_iconfont='entypo-fontello' title='' data-avia-related-tooltip='Compartir en LinkedIn' rel=\"noopener\"><span class='avia_hidden_link_text'>Compartir en LinkedIn<\/span><\/a><\/li><li class='av-share-link av-social-link-mail' ><a  aria-label=\"Compartir por correo\" href='mailto:?subject=Corporaci%C3%B3n%20de%20Desarrollo%20de%20Ays%C3%A9n%E2%80%A6%20%C2%BFy%20los%20habitantes%2C%20los%20trabajadores%20y%20la%20naturaleza%20d%C3%B3nde%20est%C3%A1n%3F&#038;body=https:\/\/radiorevelacionfm.cl\/?p=56606' aria-hidden='false' data-av_icon='\ue805' data-av_iconfont='entypo-fontello' title='' data-avia-related-tooltip='Compartir por correo'><span class='avia_hidden_link_text'>Compartir por correo<\/span><\/a><\/li><\/ul><\/div><\/div>\n<div  style='height:50px' class='hr hr-invisible   avia-builder-el-8  el_after_av_social_share  el_before_av_comments_list '><span class='hr-inner ' ><span class='hr-inner-style'><\/span><\/span><\/div>\n<div  class='av-buildercomment  av-blog-meta-html-info-disabled av-blog-meta-tag-disabled  '><\/div>\n","protected":false},"excerpt":{"rendered":"","protected":false},"author":1,"featured_media":45513,"comment_status":"closed","ping_status":"closed","sticky":false,"template":"","format":"standard","meta":{"footnotes":""},"categories":[50],"tags":[],"class_list":["post-56606","post","type-post","status-publish","format-standard","has-post-thumbnail","hentry","category-cartas-y-opinion"],"jetpack_featured_media_url":"https:\/\/radiorevelacionfm.cl\/wp-content\/uploads\/2024\/08\/puerto-aguirre-islas-huichas-1_optimized-1.jpeg","_links":{"self":[{"href":"https:\/\/radiorevelacionfm.cl\/index.php?rest_route=\/wp\/v2\/posts\/56606","targetHints":{"allow":["GET"]}}],"collection":[{"href":"https:\/\/radiorevelacionfm.cl\/index.php?rest_route=\/wp\/v2\/posts"}],"about":[{"href":"https:\/\/radiorevelacionfm.cl\/index.php?rest_route=\/wp\/v2\/types\/post"}],"author":[{"embeddable":true,"href":"https:\/\/radiorevelacionfm.cl\/index.php?rest_route=\/wp\/v2\/users\/1"}],"replies":[{"embeddable":true,"href":"https:\/\/radiorevelacionfm.cl\/index.php?rest_route=%2Fwp%2Fv2%2Fcomments&post=56606"}],"version-history":[{"count":2,"href":"https:\/\/radiorevelacionfm.cl\/index.php?rest_route=\/wp\/v2\/posts\/56606\/revisions"}],"predecessor-version":[{"id":56619,"href":"https:\/\/radiorevelacionfm.cl\/index.php?rest_route=\/wp\/v2\/posts\/56606\/revisions\/56619"}],"wp:featuredmedia":[{"embeddable":true,"href":"https:\/\/radiorevelacionfm.cl\/index.php?rest_route=\/wp\/v2\/media\/45513"}],"wp:attachment":[{"href":"https:\/\/radiorevelacionfm.cl\/index.php?rest_route=%2Fwp%2Fv2%2Fmedia&parent=56606"}],"wp:term":[{"taxonomy":"category","embeddable":true,"href":"https:\/\/radiorevelacionfm.cl\/index.php?rest_route=%2Fwp%2Fv2%2Fcategories&post=56606"},{"taxonomy":"post_tag","embeddable":true,"href":"https:\/\/radiorevelacionfm.cl\/index.php?rest_route=%2Fwp%2Fv2%2Ftags&post=56606"}],"curies":[{"name":"wp","href":"https:\/\/api.w.org\/{rel}","templated":true}]}}