{"id":56602,"date":"2025-07-15T20:04:39","date_gmt":"2025-07-15T23:04:39","guid":{"rendered":"https:\/\/radiorevelacionfm.cl\/?p=56602"},"modified":"2025-07-15T20:04:39","modified_gmt":"2025-07-15T23:04:39","slug":"direccion-de-obras-portuarias-asegura-que-barcaza-la-tehuelche-se-mantiene-en-condiciones-aptas-de-navegacion","status":"publish","type":"post","link":"https:\/\/radiorevelacionfm.cl\/?p=56602","title":{"rendered":"Direcci\u00f3n de Obras Portuarias asegura que barcaza La Tehuelche se mantiene en condiciones aptas de navegaci\u00f3n"},"content":{"rendered":"<div class=\"flex_column av_one_full  flex_column_div av-zero-column-padding first  avia-builder-el-0  el_before_av_one_full  avia-builder-el-first  \" style='border-radius:0px; '><div  class='avia-image-container  av-styling-    avia-builder-el-1  avia-builder-el-no-sibling  avia-align-center '  itemprop=\"image\" itemscope=\"itemscope\" itemtype=\"https:\/\/schema.org\/ImageObject\"  ><div class='avia-image-container-inner'><div class='avia-image-overlay-wrap'><img decoding=\"async\" class='wp-image-24961 avia-img-lazy-loading-not-24961 avia_image' src=\"https:\/\/radiorevelacionfm.cl\/wp-content\/uploads\/2022\/12\/Barcaza-La-Tehuelche-1-1.jpg\" alt='' title='Barcaza La Tehuelche (1) (1)' height=\"600\" width=\"801\"  itemprop=\"thumbnailUrl\" srcset=\"https:\/\/radiorevelacionfm.cl\/wp-content\/uploads\/2022\/12\/Barcaza-La-Tehuelche-1-1.jpg 801w, https:\/\/radiorevelacionfm.cl\/wp-content\/uploads\/2022\/12\/Barcaza-La-Tehuelche-1-1-300x225.jpg 300w, https:\/\/radiorevelacionfm.cl\/wp-content\/uploads\/2022\/12\/Barcaza-La-Tehuelche-1-1-768x575.jpg 768w, https:\/\/radiorevelacionfm.cl\/wp-content\/uploads\/2022\/12\/Barcaza-La-Tehuelche-1-1-705x528.jpg 705w, https:\/\/radiorevelacionfm.cl\/wp-content\/uploads\/2022\/12\/Barcaza-La-Tehuelche-1-1-600x449.jpg 600w\" sizes=\"(max-width: 801px) 100vw, 801px\" \/><\/div><\/div><\/div><\/div><div class=\"flex_column av_one_full  flex_column_div av-zero-column-padding first  avia-builder-el-2  el_after_av_one_full  el_before_av_one_full  column-top-margin\" style='border-radius:0px; '><section class=\"av_textblock_section \"  itemscope=\"itemscope\" itemtype=\"https:\/\/schema.org\/BlogPosting\" itemprop=\"blogPost\" ><div class='avia_textblock  '   itemprop=\"text\" ><p style=\"text-align: center;\"><strong><span style=\"font-size: 18pt;\">Direcci\u00f3n de Obras Portuarias asegura que barcaza La Tehuelche se mantiene en condiciones aptas de navegaci\u00f3n <\/span><\/strong><\/p>\n<div id=\"gtx-trans\" style=\"position: absolute; left: -50px; top: 4.31534px;\">\n<div class=\"gtx-trans-icon\"><\/div>\n<\/div>\n<\/div><\/section><\/div><div class=\"flex_column av_one_full  flex_column_div av-zero-column-padding first  avia-builder-el-4  el_after_av_one_full  el_before_av_hr  column-top-margin\" style='border-radius:0px; '><section class=\"av_textblock_section \"  itemscope=\"itemscope\" itemtype=\"https:\/\/schema.org\/BlogPosting\" itemprop=\"blogPost\" ><div class='avia_textblock  '   itemprop=\"text\" ><ul>\n<li style=\"text-align: justify;\"><em>La embarcaci\u00f3n presenta condiciones de seguridad aptas para navegar y cuenta para ello con permiso de zarpe de la Gobernaci\u00f3n Mar\u00edtima de Chile Chico. <\/em><\/li>\n<\/ul>\n<p style=\"text-align: justify;\">La Barcaza La Tehuelche se mantiene operativa y realizando viajes desde y hacia Chile Chico e Ib\u00e1\u00f1ez, y lo hace en condiciones de seguridad aptas para trasladar tanto a personas como a veh\u00edculos, aseguraron desde la Direcci\u00f3n Regional de Obras Portuarias del Ministerio de Obras P\u00fablicas (MOP).<\/p>\n<p style=\"text-align: justify;\">De acuerdo a la informaci\u00f3n recabada desde la Direcci\u00f3n Regional de Obras Portuarias (DOP) del MOP cada zarpe efectuado por la nave La Tehuelche cuenta con la respectiva autorizaci\u00f3n emitida por la Autoridad Mar\u00edtima de Chile Chico, que tiene la responsabilidad de evaluar las condiciones de seguridad de la nave antes de otorgar el permiso correspondiente. En este sentido, si existiera alg\u00fan riesgo que comprometiera la seguridad de la navegaci\u00f3n, dicha autorizaci\u00f3n simplemente no ser\u00eda concedida. A la fecha, no se ha registrado ninguna situaci\u00f3n que impida su operaci\u00f3n, lo que refuerza la informaci\u00f3n entregada previamente respecto a que la nave se encuentra en condiciones \u00f3ptimas para cumplir su funci\u00f3n de transporte de manera segura.<\/p>\n<p style=\"text-align: justify;\">As\u00ed fue tambi\u00e9n corroborado por el SEREMI \u00a0de Transportes y Telecomunicaciones, Hans Zimmermann, ya que el MTT es parte del contrato tripartito entre la empresa ejecutante, y ambos ministerios. \u201cComo Ministerio de Transporte y Telecomunicaciones de la regi\u00f3n de Ays\u00e9n, podemos se\u00f1alar que la embarcaci\u00f3n actualmente se encuentra con sus certificados de navegabilidad vigentes al d\u00eda hasta el mes de diciembre, habiendo aprobado una revista de cargo por parte de la autoridad mar\u00edtima, lo cual permite tener la certeza y la seguridad de que la nave est\u00e1 en \u00f3ptimas condiciones para su operaci\u00f3n, por lo tanto no habr\u00eda ning\u00fan riesgo para los pasajeros ni para los usuarios de esta embarcaci\u00f3n. Sin perjuicio de ello, evidentemente, as\u00ed como nos ha manifestado la autoridad mar\u00edtima, existen algunas observaciones, algunos aspectos t\u00e9cnicos de la embarcaci\u00f3n que deben ser subsanados, tanto por el armador de la embarcaci\u00f3n, que es el Ministerio de Obras P\u00fablicas a trav\u00e9s de la Direcci\u00f3n de Obras Portuarias, como por el operador saliente del contrato, que es la naviera Transal. Estas observaciones y mantenciones ya han sido calendarizadas, van a ser realizadas durante el transcurso del a\u00f1o 2025, y en lo que respecta al rol del Ministerio de Transporte podemos garantizar que se est\u00e1n tomando todos los recaudos necesarios para asegurar la continuidad del servicio y poder brindar un servicio adecuado a la poblaci\u00f3n\u201d.<\/p>\n<p style=\"text-align: justify;\">La Seremi (S) del MOP Ays\u00e9n, Melisa Rojas, se\u00f1al\u00f3 que \u201cdesde la DOP se nos asegura que los motores, sistemas de propulsores y azimutales est\u00e1n operativos, siendo estos elementos fundamentales para la operaci\u00f3n de la Barcaza. Las principales preocupaciones que se han manifestado residen en el sistema de alarma, que si bien requiere una actualizaci\u00f3n, hoy est\u00e1 operativo y ser\u00e1 optimizado en una pr\u00f3xima carena a la nave. Por otra parte, el sistema de telecomunicaciones, si bien no alcanza a cubrir largas distancias, cumple con la cobertura entre R\u00edo Ib\u00e1\u00f1ez y Chile Chico\u201d.<\/p>\n<p style=\"text-align: justify;\">Desde 2022 a la fecha se han realizado tres procesos de mantenci\u00f3n y se est\u00e1 trabajando para realizar dos m\u00e1s durante este a\u00f1o, los que si bien significar\u00e1n una interrupci\u00f3n extensa en el servicio de la nave, es necesaria para el funcionamiento \u00f3ptimo de la barcaza. Adem\u00e1s, aseguraron que del total de las observaciones apuntadas en el oficio de la Autoridad Mar\u00edtima, algunas menores se resolver\u00e1n entre el contrato de conservaci\u00f3n y la carena que se efectuar\u00e1 este a\u00f1o, y la mayor cantidad de observaciones ya est\u00e1n siendo gestionadas por la Empresa TRANSAL y ninguna implica que la nave deje de operar.<\/p>\n<\/div><\/section><\/div><div  style='height:50px' class='hr hr-invisible   avia-builder-el-6  el_after_av_one_full  el_before_av_social_share '><span class='hr-inner ' ><span class='hr-inner-style'><\/span><\/span><\/div><\/p>\n<div  class='av-social-sharing-box  avia-builder-el-7  el_after_av_hr  el_before_av_hr  '><div class='av-share-box'><h5 class='av-share-link-description av-no-toc '>Compartir esta noticia<\/h5><ul class='av-share-box-list noLightbox'><li class='av-share-link av-social-link-facebook' ><a target=\"_blank\" aria-label=\"Compartir en Facebook\" href='https:\/\/www.facebook.com\/sharer.php?u=https:\/\/radiorevelacionfm.cl\/?p=56602&#038;t=Direcci%C3%B3n%20de%20Obras%20Portuarias%20asegura%20que%20barcaza%20La%20Tehuelche%20se%20mantiene%20en%20condiciones%20aptas%20de%20navegaci%C3%B3n' aria-hidden='false' data-av_icon='\ue8f3' data-av_iconfont='entypo-fontello' title='' data-avia-related-tooltip='Compartir en Facebook' rel=\"noopener\"><span class='avia_hidden_link_text'>Compartir en Facebook<\/span><\/a><\/li><li class='av-share-link av-social-link-twitter' ><a target=\"_blank\" aria-label=\"Compartir en Twitter\" href='https:\/\/twitter.com\/share?text=Direcci%C3%B3n%20de%20Obras%20Portuarias%20asegura%20que%20barcaza%20La%20Tehuelche%20se%20mantiene%20en%20condiciones%20aptas%20de%20navegaci%C3%B3n&#038;url=https:\/\/radiorevelacionfm.cl\/?p=56602' aria-hidden='false' data-av_icon='\ue8f1' data-av_iconfont='entypo-fontello' title='' data-avia-related-tooltip='Compartir en Twitter' rel=\"noopener\"><span class='avia_hidden_link_text'>Compartir en Twitter<\/span><\/a><\/li><li class='av-share-link av-social-link-whatsapp' ><a target=\"_blank\" aria-label=\"Compartir en Whatsapp\" href='https:\/\/api.whatsapp.com\/send?text=https:\/\/radiorevelacionfm.cl\/?p=56602' aria-hidden='false' data-av_icon='\uf232' data-av_iconfont='entypo-fontello' title='' data-avia-related-tooltip='Compartir en Whatsapp' rel=\"noopener\"><span class='avia_hidden_link_text'>Compartir en Whatsapp<\/span><\/a><\/li><li class='av-share-link av-social-link-linkedin' ><a target=\"_blank\" aria-label=\"Compartir en LinkedIn\" href='https:\/\/linkedin.com\/shareArticle?mini=true&#038;title=Direcci%C3%B3n%20de%20Obras%20Portuarias%20asegura%20que%20barcaza%20La%20Tehuelche%20se%20mantiene%20en%20condiciones%20aptas%20de%20navegaci%C3%B3n&#038;url=https:\/\/radiorevelacionfm.cl\/?p=56602' aria-hidden='false' data-av_icon='\ue8fc' data-av_iconfont='entypo-fontello' title='' data-avia-related-tooltip='Compartir en LinkedIn' rel=\"noopener\"><span class='avia_hidden_link_text'>Compartir en LinkedIn<\/span><\/a><\/li><li class='av-share-link av-social-link-mail' ><a  aria-label=\"Compartir por correo\" href='mailto:?subject=Direcci%C3%B3n%20de%20Obras%20Portuarias%20asegura%20que%20barcaza%20La%20Tehuelche%20se%20mantiene%20en%20condiciones%20aptas%20de%20navegaci%C3%B3n&#038;body=https:\/\/radiorevelacionfm.cl\/?p=56602' aria-hidden='false' data-av_icon='\ue805' data-av_iconfont='entypo-fontello' title='' data-avia-related-tooltip='Compartir por correo'><span class='avia_hidden_link_text'>Compartir por correo<\/span><\/a><\/li><\/ul><\/div><\/div>\n<div  style='height:50px' class='hr hr-invisible   avia-builder-el-8  el_after_av_social_share  el_before_av_comments_list '><span class='hr-inner ' ><span class='hr-inner-style'><\/span><\/span><\/div>\n<div  class='av-buildercomment  av-blog-meta-html-info-disabled av-blog-meta-tag-disabled  '><\/div>\n","protected":false},"excerpt":{"rendered":"","protected":false},"author":1,"featured_media":24961,"comment_status":"closed","ping_status":"closed","sticky":false,"template":"","format":"standard","meta":{"footnotes":""},"categories":[38],"tags":[],"class_list":["post-56602","post","type-post","status-publish","format-standard","has-post-thumbnail","hentry","category-regional"],"jetpack_featured_media_url":"https:\/\/radiorevelacionfm.cl\/wp-content\/uploads\/2022\/12\/Barcaza-La-Tehuelche-1-1.jpg","_links":{"self":[{"href":"https:\/\/radiorevelacionfm.cl\/index.php?rest_route=\/wp\/v2\/posts\/56602","targetHints":{"allow":["GET"]}}],"collection":[{"href":"https:\/\/radiorevelacionfm.cl\/index.php?rest_route=\/wp\/v2\/posts"}],"about":[{"href":"https:\/\/radiorevelacionfm.cl\/index.php?rest_route=\/wp\/v2\/types\/post"}],"author":[{"embeddable":true,"href":"https:\/\/radiorevelacionfm.cl\/index.php?rest_route=\/wp\/v2\/users\/1"}],"replies":[{"embeddable":true,"href":"https:\/\/radiorevelacionfm.cl\/index.php?rest_route=%2Fwp%2Fv2%2Fcomments&post=56602"}],"version-history":[{"count":2,"href":"https:\/\/radiorevelacionfm.cl\/index.php?rest_route=\/wp\/v2\/posts\/56602\/revisions"}],"predecessor-version":[{"id":56604,"href":"https:\/\/radiorevelacionfm.cl\/index.php?rest_route=\/wp\/v2\/posts\/56602\/revisions\/56604"}],"wp:featuredmedia":[{"embeddable":true,"href":"https:\/\/radiorevelacionfm.cl\/index.php?rest_route=\/wp\/v2\/media\/24961"}],"wp:attachment":[{"href":"https:\/\/radiorevelacionfm.cl\/index.php?rest_route=%2Fwp%2Fv2%2Fmedia&parent=56602"}],"wp:term":[{"taxonomy":"category","embeddable":true,"href":"https:\/\/radiorevelacionfm.cl\/index.php?rest_route=%2Fwp%2Fv2%2Fcategories&post=56602"},{"taxonomy":"post_tag","embeddable":true,"href":"https:\/\/radiorevelacionfm.cl\/index.php?rest_route=%2Fwp%2Fv2%2Ftags&post=56602"}],"curies":[{"name":"wp","href":"https:\/\/api.w.org\/{rel}","templated":true}]}}