{"id":5660,"date":"2021-06-25T19:48:58","date_gmt":"2021-06-25T22:48:58","guid":{"rendered":"https:\/\/radiorevelacionfm.cl\/?p=5660"},"modified":"2021-06-25T20:05:50","modified_gmt":"2021-06-25T23:05:50","slug":"avanza-proyecto-que-termina-con-las-centrales-termoelectricas-a-carbon-en-2025","status":"publish","type":"post","link":"https:\/\/radiorevelacionfm.cl\/?p=5660","title":{"rendered":"Avanza proyecto que termina con las centrales termoel\u00e9ctricas a carb\u00f3n en 2025"},"content":{"rendered":"<div class=\"flex_column av_one_full  flex_column_div av-zero-column-padding first  avia-builder-el-0  el_before_av_one_full  avia-builder-el-first  \" style='border-radius:0px; '><div  class='avia-image-container  av-styling-    avia-builder-el-1  avia-builder-el-no-sibling  avia-align-center '  itemprop=\"image\" itemscope=\"itemscope\" itemtype=\"https:\/\/schema.org\/ImageObject\"  ><div class='avia-image-container-inner'><div class='avia-image-overlay-wrap'><img decoding=\"async\" class='wp-image-0 avia-img-lazy-loading-not-0 avia_image' src=\"https:\/\/radiorevelacionfm.cl\/wp-content\/uploads\/2021\/01\/CALISTO-FOTO-ARCHIVO-1.jpg\" alt='' title=''   itemprop=\"thumbnailUrl\"  \/><\/div><\/div><\/div><\/div><div class=\"flex_column av_one_full  flex_column_div av-zero-column-padding first  avia-builder-el-2  el_after_av_one_full  el_before_av_one_full  column-top-margin\" style='border-radius:0px; '><section class=\"av_textblock_section \"  itemscope=\"itemscope\" itemtype=\"https:\/\/schema.org\/BlogPosting\" itemprop=\"blogPost\" ><div class='avia_textblock  '   itemprop=\"text\" ><p style=\"text-align: center;\"><span style=\"font-size: 18pt;\"><b><span lang=\"ES\">Avanza proyecto que termina con las centrales termoel\u00e9ctricas a carb\u00f3n en 2025<\/span><\/b><\/span><\/p>\n<div id=\"gtx-trans\" style=\"position: absolute; left: -50px; top: 4.31534px;\">\n<div class=\"gtx-trans-icon\"><\/div>\n<\/div>\n<\/div><\/section><\/div><div class=\"flex_column av_one_full  flex_column_div av-zero-column-padding first  avia-builder-el-4  el_after_av_one_full  el_before_av_hr  column-top-margin\" style='border-radius:0px; '><section class=\"av_textblock_section \"  itemscope=\"itemscope\" itemtype=\"https:\/\/schema.org\/BlogPosting\" itemprop=\"blogPost\" ><div class='avia_textblock  '   itemprop=\"text\" ><p style=\"font-weight: 400; text-align: justify;\">Consciente de la necesidad de avanzar en una pol\u00edtica medioambiental basada en la generaci\u00f3n de energ\u00edas limpias, el diputado Miguel \u00c1ngel Calisto valor\u00f3 el avance en\u00a0 el Congreso del proyecto de ley que acelera el cierre de las centrales termoel\u00e9ctricas a carb\u00f3n en el pa\u00eds, iniciativa que ahora deber\u00e1 ser discutida en el Senado.<\/p>\n<p style=\"font-weight: 400; text-align: justify;\">Seg\u00fan el legislador, \u201ceste proyecto es un tremendo avance en materia medioambiental. Nuestra gran lucha como humanidad es en contra del cambio clim\u00e1tico y el calentamiento global, en este sentido, es contraproducente que sigamos manteniendo este tipo de tecnolog\u00edas que son sumamente contaminantes y que van en la direcci\u00f3n contraria a la preservaci\u00f3n del planeta\u201d.<\/p>\n<p style=\"font-weight: 400; text-align: justify;\">Calisto agreg\u00f3 que \u201cel proyecto establece que las termoel\u00e9ctricas que tienen m\u00e1s de 30 a\u00f1os deber\u00e1n cerrar inmediatamente cuando el Congreso apruebe la iniciativa. Las que son m\u00e1s nuevas, que tengo entendido que son 14, deber\u00e1n cerrar el a\u00f1o 2025. Actualmente exist\u00eda un compromiso para que cerraran el a\u00f1o 2040, pero eso puede ser demasiado tarde en la lucha contra el calentamiento global\u201d.\u00a0<strong>\u00a0\u00a0<\/strong><\/p>\n<p style=\"font-weight: 400; text-align: justify;\">El legislador sostuvo que \u201cen nuestro pa\u00eds tenemos un potencial tremendo para la generaci\u00f3n de energ\u00edas renovables, como son la e\u00f3lica y la solar, las que ya se est\u00e1n explotando y est\u00e1n perfilando a nuestro pa\u00eds como una potencia energ\u00e9tica mundial en este tipo de energ\u00edas.\u00a0 Con mayor raz\u00f3n, las centrales termoel\u00e9ctricas son una tecnolog\u00eda obsoleta frente a la posibilidad que tenemos de expandirnos en energ\u00edas limpias y renovables\u201d.<\/p>\n<p style=\"text-align: justify;\"><span style=\"font-weight: 400;\">Finalmente, el diputado asegur\u00f3 que \u201cen Ays\u00e9n tenemos un gran potencial con la energ\u00eda e\u00f3lica, la que ya se utiliza en un peque\u00f1o porcentaje. Tenemos tambi\u00e9n que seguir los estudios de la energ\u00eda geot\u00e9rmica y analizar tambi\u00e9n las centrales de paso para aprovechar el recurso h\u00eddrico que tambi\u00e9n es muy abundante en nuestra regi\u00f3n, siempre con un enfoque sustentable y cuidando el medio ambiente\u201d.\u00a0 \u00a0\u00a0<\/span><\/p>\n<\/div><\/section><\/div><div  style='height:50px' class='hr hr-invisible   avia-builder-el-6  el_after_av_one_full  el_before_av_social_share '><span class='hr-inner ' ><span class='hr-inner-style'><\/span><\/span><\/div><\/p>\n<div  class='av-social-sharing-box  avia-builder-el-7  el_after_av_hr  el_before_av_hr  '><div class='av-share-box'><h5 class='av-share-link-description av-no-toc '>Compartir esta noticia<\/h5><ul class='av-share-box-list noLightbox'><li class='av-share-link av-social-link-facebook' ><a target=\"_blank\" aria-label=\"Compartir en Facebook\" href='https:\/\/www.facebook.com\/sharer.php?u=https:\/\/radiorevelacionfm.cl\/?p=5660&#038;t=Avanza%20proyecto%20que%20termina%20con%20las%20centrales%20termoel%C3%A9ctricas%20a%20carb%C3%B3n%20en%202025' aria-hidden='false' data-av_icon='\ue8f3' data-av_iconfont='entypo-fontello' title='' data-avia-related-tooltip='Compartir en Facebook' rel=\"noopener\"><span class='avia_hidden_link_text'>Compartir en Facebook<\/span><\/a><\/li><li class='av-share-link av-social-link-twitter' ><a target=\"_blank\" aria-label=\"Compartir en Twitter\" href='https:\/\/twitter.com\/share?text=Avanza%20proyecto%20que%20termina%20con%20las%20centrales%20termoel%C3%A9ctricas%20a%20carb%C3%B3n%20en%202025&#038;url=https:\/\/radiorevelacionfm.cl\/?p=5660' aria-hidden='false' data-av_icon='\ue8f1' data-av_iconfont='entypo-fontello' title='' data-avia-related-tooltip='Compartir en Twitter' rel=\"noopener\"><span class='avia_hidden_link_text'>Compartir en Twitter<\/span><\/a><\/li><li class='av-share-link av-social-link-whatsapp' ><a target=\"_blank\" aria-label=\"Compartir en Whatsapp\" href='https:\/\/api.whatsapp.com\/send?text=https:\/\/radiorevelacionfm.cl\/?p=5660' aria-hidden='false' data-av_icon='\uf232' data-av_iconfont='entypo-fontello' title='' data-avia-related-tooltip='Compartir en Whatsapp' rel=\"noopener\"><span class='avia_hidden_link_text'>Compartir en Whatsapp<\/span><\/a><\/li><li class='av-share-link av-social-link-linkedin' ><a target=\"_blank\" aria-label=\"Compartir en LinkedIn\" href='https:\/\/linkedin.com\/shareArticle?mini=true&#038;title=Avanza%20proyecto%20que%20termina%20con%20las%20centrales%20termoel%C3%A9ctricas%20a%20carb%C3%B3n%20en%202025&#038;url=https:\/\/radiorevelacionfm.cl\/?p=5660' aria-hidden='false' data-av_icon='\ue8fc' data-av_iconfont='entypo-fontello' title='' data-avia-related-tooltip='Compartir en LinkedIn' rel=\"noopener\"><span class='avia_hidden_link_text'>Compartir en LinkedIn<\/span><\/a><\/li><li class='av-share-link av-social-link-mail' ><a  aria-label=\"Compartir por correo\" href='mailto:?subject=Avanza%20proyecto%20que%20termina%20con%20las%20centrales%20termoel%C3%A9ctricas%20a%20carb%C3%B3n%20en%202025&#038;body=https:\/\/radiorevelacionfm.cl\/?p=5660' aria-hidden='false' data-av_icon='\ue805' data-av_iconfont='entypo-fontello' title='' data-avia-related-tooltip='Compartir por correo'><span class='avia_hidden_link_text'>Compartir por correo<\/span><\/a><\/li><\/ul><\/div><\/div>\n<div  style='height:50px' class='hr hr-invisible   avia-builder-el-8  el_after_av_social_share  el_before_av_comments_list '><span class='hr-inner ' ><span class='hr-inner-style'><\/span><\/span><\/div>\n<div  class='av-buildercomment  av-blog-meta-html-info-disabled av-blog-meta-tag-disabled  '><\/div>\n","protected":false},"excerpt":{"rendered":"","protected":false},"author":1,"featured_media":5665,"comment_status":"open","ping_status":"open","sticky":false,"template":"","format":"standard","meta":{"footnotes":""},"categories":[35],"tags":[],"class_list":["post-5660","post","type-post","status-publish","format-standard","has-post-thumbnail","hentry","category-politica"],"jetpack_featured_media_url":"https:\/\/radiorevelacionfm.cl\/wp-content\/uploads\/2021\/06\/CALISTO-FOTO-ARCHIVO-2-1.jpg","_links":{"self":[{"href":"https:\/\/radiorevelacionfm.cl\/index.php?rest_route=\/wp\/v2\/posts\/5660","targetHints":{"allow":["GET"]}}],"collection":[{"href":"https:\/\/radiorevelacionfm.cl\/index.php?rest_route=\/wp\/v2\/posts"}],"about":[{"href":"https:\/\/radiorevelacionfm.cl\/index.php?rest_route=\/wp\/v2\/types\/post"}],"author":[{"embeddable":true,"href":"https:\/\/radiorevelacionfm.cl\/index.php?rest_route=\/wp\/v2\/users\/1"}],"replies":[{"embeddable":true,"href":"https:\/\/radiorevelacionfm.cl\/index.php?rest_route=%2Fwp%2Fv2%2Fcomments&post=5660"}],"version-history":[{"count":1,"href":"https:\/\/radiorevelacionfm.cl\/index.php?rest_route=\/wp\/v2\/posts\/5660\/revisions"}],"predecessor-version":[{"id":5661,"href":"https:\/\/radiorevelacionfm.cl\/index.php?rest_route=\/wp\/v2\/posts\/5660\/revisions\/5661"}],"wp:featuredmedia":[{"embeddable":true,"href":"https:\/\/radiorevelacionfm.cl\/index.php?rest_route=\/wp\/v2\/media\/5665"}],"wp:attachment":[{"href":"https:\/\/radiorevelacionfm.cl\/index.php?rest_route=%2Fwp%2Fv2%2Fmedia&parent=5660"}],"wp:term":[{"taxonomy":"category","embeddable":true,"href":"https:\/\/radiorevelacionfm.cl\/index.php?rest_route=%2Fwp%2Fv2%2Fcategories&post=5660"},{"taxonomy":"post_tag","embeddable":true,"href":"https:\/\/radiorevelacionfm.cl\/index.php?rest_route=%2Fwp%2Fv2%2Ftags&post=5660"}],"curies":[{"name":"wp","href":"https:\/\/api.w.org\/{rel}","templated":true}]}}