{"id":56599,"date":"2025-07-15T20:55:29","date_gmt":"2025-07-15T23:55:29","guid":{"rendered":"https:\/\/radiorevelacionfm.cl\/?p=56599"},"modified":"2025-07-15T20:55:29","modified_gmt":"2025-07-15T23:55:29","slug":"20-anos-de-presidio-fiscalia-obtiene-condena-para-imputado-por-abuso-sexual-reiterado-y-violacion-de-una-nina","status":"publish","type":"post","link":"https:\/\/radiorevelacionfm.cl\/?p=56599","title":{"rendered":"20 a\u00f1os de presidio: Fiscal\u00eda obtiene condena para imputado por abuso sexual reiterado y violaci\u00f3n de una ni\u00f1a"},"content":{"rendered":"<div class=\"flex_column av_one_full  flex_column_div av-zero-column-padding first  avia-builder-el-0  el_before_av_one_full  avia-builder-el-first  \" style='border-radius:0px; '><div  class='avia-image-container  av-styling-    avia-builder-el-1  avia-builder-el-no-sibling  avia-align-center '  itemprop=\"image\" itemscope=\"itemscope\" itemtype=\"https:\/\/schema.org\/ImageObject\"  ><div class='avia-image-container-inner'><div class='avia-image-overlay-wrap'><img decoding=\"async\" class='wp-image-50142 avia-img-lazy-loading-not-50142 avia_image' src=\"https:\/\/radiorevelacionfm.cl\/wp-content\/uploads\/2025\/01\/Imputado-1-1-1.jpg\" alt='' title='Imputado 1 (1) (1)' height=\"600\" width=\"938\"  itemprop=\"thumbnailUrl\" srcset=\"https:\/\/radiorevelacionfm.cl\/wp-content\/uploads\/2025\/01\/Imputado-1-1-1.jpg 938w, https:\/\/radiorevelacionfm.cl\/wp-content\/uploads\/2025\/01\/Imputado-1-1-1-300x192.jpg 300w, https:\/\/radiorevelacionfm.cl\/wp-content\/uploads\/2025\/01\/Imputado-1-1-1-768x491.jpg 768w, https:\/\/radiorevelacionfm.cl\/wp-content\/uploads\/2025\/01\/Imputado-1-1-1-705x451.jpg 705w, https:\/\/radiorevelacionfm.cl\/wp-content\/uploads\/2025\/01\/Imputado-1-1-1-450x288.jpg 450w, https:\/\/radiorevelacionfm.cl\/wp-content\/uploads\/2025\/01\/Imputado-1-1-1-600x384.jpg 600w\" sizes=\"(max-width: 938px) 100vw, 938px\" \/><\/div><\/div><\/div><\/div><div class=\"flex_column av_one_full  flex_column_div av-zero-column-padding first  avia-builder-el-2  el_after_av_one_full  el_before_av_one_full  column-top-margin\" style='border-radius:0px; '><section class=\"av_textblock_section \"  itemscope=\"itemscope\" itemtype=\"https:\/\/schema.org\/BlogPosting\" itemprop=\"blogPost\" ><div class='avia_textblock  '   itemprop=\"text\" ><p style=\"font-weight: 400; text-align: center;\"><strong><span style=\"font-size: 18pt;\">20 a\u00f1os de presidio:\u00a0Fiscal\u00eda obtiene condena para imputado por abuso sexual reiterado y violaci\u00f3n de una ni\u00f1a<\/span><\/strong><\/p>\n<div id=\"gtx-trans\" style=\"position: absolute; left: -50px; top: 4.31534px;\">\n<div class=\"gtx-trans-icon\"><\/div>\n<\/div>\n<\/div><\/section><\/div><div class=\"flex_column av_one_full  flex_column_div av-zero-column-padding first  avia-builder-el-4  el_after_av_one_full  el_before_av_hr  column-top-margin\" style='border-radius:0px; '><section class=\"av_textblock_section \"  itemscope=\"itemscope\" itemtype=\"https:\/\/schema.org\/BlogPosting\" itemprop=\"blogPost\" ><div class='avia_textblock  '   itemprop=\"text\" ><p style=\"font-weight: 400; text-align: justify;\"><em>El acusado era, en la \u00e9poca de ocurrencia de los hechos, el conviviente de la madre de la v\u00edctima.<\/em><\/p>\n<p style=\"font-weight: 400; text-align: justify;\">Luego de un juicio efectuado ante el Tribunal de Juicio Oral en Lo Penal, la Fiscal\u00eda Local de Coyhaique obtuvo una condena de 20 a\u00f1os de presidio mayor en su grado m\u00e1ximo en contra de un imputado de 45 a\u00f1os por los delitos de violaci\u00f3n y abuso sexual infantil reiterado de una ni\u00f1a.<\/p>\n<p style=\"font-weight: 400; text-align: justify;\">De acuerdo a la acusaci\u00f3n del Ministerio P\u00fablico, efectuada a trav\u00e9s del Fiscal Jefe (s) de Coyhaique, Luis Contreras, entre los a\u00f1os 2023 a 2024, la v\u00edctima de hoy 13 a\u00f1os, vivi\u00f3 junto al imputado y su grupo familiar en dos domicilios ubicados en la capital regional, debido a que el acusado era en aquella \u00e9poca el conviviente de la madre de la menor.<\/p>\n<p style=\"font-weight: 400; text-align: justify;\">En tales circunstancias, el imputado efectu\u00f3 una serie de acciones de relevancia y significaci\u00f3n sexual en contra de la ni\u00f1a.<\/p>\n<p style=\"font-weight: 400; text-align: justify;\">\u201cSe desarroll\u00f3 en el Tribunal de Juicio Oral en lo Penal de Coyhaique un juicio oral respecto de un imputado por la comisi\u00f3n de diversos delitos de abuso sexual y violaci\u00f3n en perjuicio de una v\u00edctima que ten\u00eda entre 11 y 12 a\u00f1os de edad en la \u00e9poca de ocurrencia de los hechos. La v\u00edctima era hija de la conviviente del imputado y los hechos se desarrollaron en el interior del domicilio familiar\u201d, explic\u00f3 el fiscal Luis Contreras.<\/p>\n<p style=\"font-weight: 400; text-align: justify;\">En este caso y en el marco de la ley 21.057, la Fiscal\u00eda efectu\u00f3 una Entrevista Videograbada a la ni\u00f1a, adem\u00e1s de solicitar diligencias a la Brigada Investigadora de Delitos Sexuales de la PDI y el apoyo pericial del Centro de V\u00edctimas de Delitos Violentos de la Corporaci\u00f3n de Asistencia Judicial de la Regi\u00f3n de Ays\u00e9n, quienes tambi\u00e9n participaron como querellantes.<\/p>\n<p style=\"font-weight: 400; text-align: justify;\">Adem\u00e1s, desde el comienzo del proceso, la Unidad de Atenci\u00f3n a V\u00edctimas y Testigos de la Fiscal\u00eda apoy\u00f3 en este caso mediante la entrega de informaci\u00f3n y orientaci\u00f3n a la menor y sus familiares, sumado a su participaci\u00f3n en el desarrollo del juicio oral.<\/p>\n<p style=\"font-weight: 400; text-align: justify;\">La sentencia fue dictada por los jueces Gisela Coloma Pulgar, Patricio Z\u00fa\u00f1iga Valenzuela y Rosal\u00eda Mansilla Quiroz.<\/p>\n<\/div><\/section><\/div><div  style='height:50px' class='hr hr-invisible   avia-builder-el-6  el_after_av_one_full  el_before_av_social_share '><span class='hr-inner ' ><span class='hr-inner-style'><\/span><\/span><\/div><\/p>\n<div  class='av-social-sharing-box  avia-builder-el-7  el_after_av_hr  el_before_av_hr  '><div class='av-share-box'><h5 class='av-share-link-description av-no-toc '>Compartir esta noticia<\/h5><ul class='av-share-box-list noLightbox'><li class='av-share-link av-social-link-facebook' ><a target=\"_blank\" aria-label=\"Compartir en Facebook\" href='https:\/\/www.facebook.com\/sharer.php?u=https:\/\/radiorevelacionfm.cl\/?p=56599&#038;t=20%20a%C3%B1os%20de%20presidio%3A%20Fiscal%C3%ADa%20obtiene%20condena%20para%20imputado%20por%20abuso%20sexual%20reiterado%20y%20violaci%C3%B3n%20de%20una%20ni%C3%B1a' aria-hidden='false' data-av_icon='\ue8f3' data-av_iconfont='entypo-fontello' title='' data-avia-related-tooltip='Compartir en Facebook' rel=\"noopener\"><span class='avia_hidden_link_text'>Compartir en Facebook<\/span><\/a><\/li><li class='av-share-link av-social-link-twitter' ><a target=\"_blank\" aria-label=\"Compartir en Twitter\" href='https:\/\/twitter.com\/share?text=20%20a%C3%B1os%20de%20presidio%3A%20Fiscal%C3%ADa%20obtiene%20condena%20para%20imputado%20por%20abuso%20sexual%20reiterado%20y%20violaci%C3%B3n%20de%20una%20ni%C3%B1a&#038;url=https:\/\/radiorevelacionfm.cl\/?p=56599' aria-hidden='false' data-av_icon='\ue8f1' data-av_iconfont='entypo-fontello' title='' data-avia-related-tooltip='Compartir en Twitter' rel=\"noopener\"><span class='avia_hidden_link_text'>Compartir en Twitter<\/span><\/a><\/li><li class='av-share-link av-social-link-whatsapp' ><a target=\"_blank\" aria-label=\"Compartir en Whatsapp\" href='https:\/\/api.whatsapp.com\/send?text=https:\/\/radiorevelacionfm.cl\/?p=56599' aria-hidden='false' data-av_icon='\uf232' data-av_iconfont='entypo-fontello' title='' data-avia-related-tooltip='Compartir en Whatsapp' rel=\"noopener\"><span class='avia_hidden_link_text'>Compartir en Whatsapp<\/span><\/a><\/li><li class='av-share-link av-social-link-linkedin' ><a target=\"_blank\" aria-label=\"Compartir en LinkedIn\" href='https:\/\/linkedin.com\/shareArticle?mini=true&#038;title=20%20a%C3%B1os%20de%20presidio%3A%20Fiscal%C3%ADa%20obtiene%20condena%20para%20imputado%20por%20abuso%20sexual%20reiterado%20y%20violaci%C3%B3n%20de%20una%20ni%C3%B1a&#038;url=https:\/\/radiorevelacionfm.cl\/?p=56599' aria-hidden='false' data-av_icon='\ue8fc' data-av_iconfont='entypo-fontello' title='' data-avia-related-tooltip='Compartir en LinkedIn' rel=\"noopener\"><span class='avia_hidden_link_text'>Compartir en LinkedIn<\/span><\/a><\/li><li class='av-share-link av-social-link-mail' ><a  aria-label=\"Compartir por correo\" href='mailto:?subject=20%20a%C3%B1os%20de%20presidio%3A%20Fiscal%C3%ADa%20obtiene%20condena%20para%20imputado%20por%20abuso%20sexual%20reiterado%20y%20violaci%C3%B3n%20de%20una%20ni%C3%B1a&#038;body=https:\/\/radiorevelacionfm.cl\/?p=56599' aria-hidden='false' data-av_icon='\ue805' data-av_iconfont='entypo-fontello' title='' data-avia-related-tooltip='Compartir por correo'><span class='avia_hidden_link_text'>Compartir por correo<\/span><\/a><\/li><\/ul><\/div><\/div>\n<div  style='height:50px' class='hr hr-invisible   avia-builder-el-8  el_after_av_social_share  el_before_av_comments_list '><span class='hr-inner ' ><span class='hr-inner-style'><\/span><\/span><\/div>\n<div  class='av-buildercomment  av-blog-meta-html-info-disabled av-blog-meta-tag-disabled  '><\/div>\n","protected":false},"excerpt":{"rendered":"","protected":false},"author":1,"featured_media":50142,"comment_status":"closed","ping_status":"closed","sticky":false,"template":"","format":"standard","meta":{"footnotes":""},"categories":[55],"tags":[],"class_list":["post-56599","post","type-post","status-publish","format-standard","has-post-thumbnail","hentry","category-justicia"],"jetpack_featured_media_url":"https:\/\/radiorevelacionfm.cl\/wp-content\/uploads\/2025\/01\/Imputado-1-1-1.jpg","_links":{"self":[{"href":"https:\/\/radiorevelacionfm.cl\/index.php?rest_route=\/wp\/v2\/posts\/56599","targetHints":{"allow":["GET"]}}],"collection":[{"href":"https:\/\/radiorevelacionfm.cl\/index.php?rest_route=\/wp\/v2\/posts"}],"about":[{"href":"https:\/\/radiorevelacionfm.cl\/index.php?rest_route=\/wp\/v2\/types\/post"}],"author":[{"embeddable":true,"href":"https:\/\/radiorevelacionfm.cl\/index.php?rest_route=\/wp\/v2\/users\/1"}],"replies":[{"embeddable":true,"href":"https:\/\/radiorevelacionfm.cl\/index.php?rest_route=%2Fwp%2Fv2%2Fcomments&post=56599"}],"version-history":[{"count":2,"href":"https:\/\/radiorevelacionfm.cl\/index.php?rest_route=\/wp\/v2\/posts\/56599\/revisions"}],"predecessor-version":[{"id":56605,"href":"https:\/\/radiorevelacionfm.cl\/index.php?rest_route=\/wp\/v2\/posts\/56599\/revisions\/56605"}],"wp:featuredmedia":[{"embeddable":true,"href":"https:\/\/radiorevelacionfm.cl\/index.php?rest_route=\/wp\/v2\/media\/50142"}],"wp:attachment":[{"href":"https:\/\/radiorevelacionfm.cl\/index.php?rest_route=%2Fwp%2Fv2%2Fmedia&parent=56599"}],"wp:term":[{"taxonomy":"category","embeddable":true,"href":"https:\/\/radiorevelacionfm.cl\/index.php?rest_route=%2Fwp%2Fv2%2Fcategories&post=56599"},{"taxonomy":"post_tag","embeddable":true,"href":"https:\/\/radiorevelacionfm.cl\/index.php?rest_route=%2Fwp%2Fv2%2Ftags&post=56599"}],"curies":[{"name":"wp","href":"https:\/\/api.w.org\/{rel}","templated":true}]}}