{"id":56595,"date":"2025-07-16T14:53:40","date_gmt":"2025-07-16T17:53:40","guid":{"rendered":"https:\/\/radiorevelacionfm.cl\/?p=56595"},"modified":"2025-07-16T14:54:50","modified_gmt":"2025-07-16T17:54:50","slug":"aprueban-proyecto-de-ley-que-perfecciona-los-sistemas-medianos-y-seguira-su-tramitacion-en-el-senado","status":"publish","type":"post","link":"https:\/\/radiorevelacionfm.cl\/?p=56595","title":{"rendered":"Aprueban proyecto de ley que perfecciona los sistemas medianos y seguir\u00e1 su tramitaci\u00f3n en el Senado"},"content":{"rendered":"<div class=\"flex_column av_one_full  flex_column_div av-zero-column-padding first  avia-builder-el-0  el_before_av_one_full  avia-builder-el-first  \" style='border-radius:0px; '><div  class='avia-image-container  av-styling-    avia-builder-el-1  avia-builder-el-no-sibling  avia-align-center '  itemprop=\"image\" itemscope=\"itemscope\" itemtype=\"https:\/\/schema.org\/ImageObject\"  ><div class='avia-image-container-inner'><div class='avia-image-overlay-wrap'><img decoding=\"async\" class='wp-image-18475 avia-img-lazy-loading-not-18475 avia_image' src=\"https:\/\/radiorevelacionfm.cl\/wp-content\/uploads\/2022\/06\/Corte-Energia4-1-2.jpg\" alt='' title='Corte Energia4 (1) (2)' height=\"600\" width=\"1068\"  itemprop=\"thumbnailUrl\" srcset=\"https:\/\/radiorevelacionfm.cl\/wp-content\/uploads\/2022\/06\/Corte-Energia4-1-2.jpg 1068w, https:\/\/radiorevelacionfm.cl\/wp-content\/uploads\/2022\/06\/Corte-Energia4-1-2-300x169.jpg 300w, https:\/\/radiorevelacionfm.cl\/wp-content\/uploads\/2022\/06\/Corte-Energia4-1-2-1030x579.jpg 1030w, https:\/\/radiorevelacionfm.cl\/wp-content\/uploads\/2022\/06\/Corte-Energia4-1-2-768x431.jpg 768w, https:\/\/radiorevelacionfm.cl\/wp-content\/uploads\/2022\/06\/Corte-Energia4-1-2-705x396.jpg 705w, https:\/\/radiorevelacionfm.cl\/wp-content\/uploads\/2022\/06\/Corte-Energia4-1-2-600x337.jpg 600w\" sizes=\"(max-width: 1068px) 100vw, 1068px\" \/><\/div><\/div><\/div><\/div><div class=\"flex_column av_one_full  flex_column_div av-zero-column-padding first  avia-builder-el-2  el_after_av_one_full  el_before_av_one_full  column-top-margin\" style='border-radius:0px; '><section class=\"av_textblock_section \"  itemscope=\"itemscope\" itemtype=\"https:\/\/schema.org\/BlogPosting\" itemprop=\"blogPost\" ><div class='avia_textblock  '   itemprop=\"text\" ><p style=\"text-align: center;\"><strong><span style=\"font-size: 18pt;\">Aprueban proyecto de ley que perfecciona los sistemas medianos y seguir\u00e1 su tramitaci\u00f3n en el Senado<\/span><\/strong><\/p>\n<div id=\"gtx-trans\" style=\"position: absolute; left: -50px; top: 4.31534px;\">\n<div class=\"gtx-trans-icon\"><\/div>\n<\/div>\n<\/div><\/section><\/div><\/p>\n<div class=\"flex_column av_one_full  flex_column_div av-zero-column-padding first  avia-builder-el-4  el_after_av_one_full  el_before_av_hr  column-top-margin\" style='border-radius:0px; '><section class=\"av_textblock_section \"  itemscope=\"itemscope\" itemtype=\"https:\/\/schema.org\/BlogPosting\" itemprop=\"blogPost\" ><div class='avia_textblock  '   itemprop=\"text\" ><p style=\"text-align: justify;\"><em>La<\/em> <em>iniciativa<\/em> <em>busca<\/em> <em>reducir<\/em> <em>las<\/em> <em>brechas<\/em> <em>en<\/em> <em>el<\/em> <em>acceso<\/em> <em>y<\/em> <em>calidad<\/em> <em>del<\/em> <em>suministro<\/em> <em>el\u00e9ctrico en<\/em> <em>zonas<\/em> <em>alejadas,<\/em> <em>y<\/em> <em>propone<\/em> <em>que<\/em> <em>los<\/em> <em>sistemas<\/em> <em>medianos<\/em> <em>de<\/em> <em>las<\/em> <em>regiones<\/em> <em>de<\/em> <em>Los<\/em> <em>Lagos, <\/em><em>Ays\u00e9n y Magallanes se sumen a la transici\u00f3n energ\u00e9tica.<\/em><\/p>\n<p style=\"text-align: justify;\">Con 106 votos a favor, la Sala de la C\u00e1mara de Diputados y Diputadas aprob\u00f3 el proyecto de ley que moderniza la Ley General de Servicios El\u00e9ctricos y regula los sistemas medianos, impulsado por el Ejecutivo.<\/p>\n<p style=\"text-align: justify;\">En la sesi\u00f3n, en la que estuvo presente el ministro de Energ\u00eda, Diego Pardow, se enfatiz\u00f3 en la importancia de esta propuesta que busca, por un lado, perfeccionar los sistemas medianos, permitirles sumarse al proceso de transici\u00f3n energ\u00e9tica y una mayor promoci\u00f3n de las energ\u00edas renovables no convencionales; y, por otro lado, mejorar el acceso a servicios el\u00e9ctricos con tarifas equitativas, especialmente para aquellas personas que viven en las zonas m\u00e1s aisladas del pa\u00eds.<\/p>\n<p style=\"text-align: justify;\">Por su parte, el subsecretario de Energ\u00eda, Luis Felipe Ramos, destac\u00f3 que \u201ceste proyecto contempla una serie de cambios regulatorios para resolver los problemas que enfrentan los clientes el\u00e9ctricos en las regiones de Los Lagos, Ays\u00e9n y Magallanes. Pero tambi\u00e9n aborda la vulnerabilidad de los 109 sistemas aislados que existen en Chile. Este proyecto de ley se hace cargo de la precariedad, los altos costos y la escasa regulaci\u00f3n que complejizan la situaci\u00f3n energ\u00e9tica de las m\u00e1s de 10 mil familias que obtienen energ\u00eda a trav\u00e9s de esos sistemas\u201d.<\/p>\n<p style=\"text-align: justify;\">La autoridad agreg\u00f3 que \u201choy estamos cumpliendo con un compromiso entre el Ejecutivo y el Congreso de incorporar el anhelo de contar con una modernizaci\u00f3n de la regulaci\u00f3n de los sistemas medianos y aislados. De esta manera, buscamos que las familias e industrias tengan un mejor acceso a la energ\u00eda y con mayor equidad tarifaria, permitiendo transformar a la electricidad en un motor para el desarrollo de estos territorios que mejore la calidad de vida de sus habitantes\u201d.<\/p>\n<p style=\"text-align: justify;\"><span style=\"font-size: 12pt;\">CONTENIDOS DEL PROYECTO<\/span><\/p>\n<p style=\"text-align: justify;\">El proyecto de ley que modifica la actual regulaci\u00f3n de los Sistemas Medianos tiene por objetivo modernizar y ajustar la regulaci\u00f3n introducida en el a\u00f1o 2004 por la ley N\u00b0 19.940 (Ley Corta I), realizando los cambios necesarios, para que, sin dejar de reconocer las caracter\u00edsticas propias y especificidades de estos sistemas, su nueva regulaci\u00f3n les permita sumarse eficazmente a la transici\u00f3n energ\u00e9tica y a la mayor promoci\u00f3n de las energ\u00edas renovables no convencionales en el contexto actual.<\/p>\n<p style=\"text-align: justify;\">De esta manera, la iniciativa se fundamenta en cuatro (4) ejes. En primer lugar, est\u00e1 el eje de definici\u00f3n y categorizaci\u00f3n de los sistemas medianos y aislados, que deja de lado el criterio \u00fanico de capacidad instalada de generaci\u00f3n, que no refleja adecuadamente la diversidad y especificidades de las \u00e1reas donde operan estos sistemas.<\/p>\n<p style=\"text-align: justify;\">En segundo lugar, el eje de actualizaci\u00f3n del procedimiento de planificaci\u00f3n, que busca propender al desarrollo de las inversiones, considerando -adem\u00e1s de las variables de eficiencia y seguridad actuales- la incorporaci\u00f3n de energ\u00edas renovables y almacenamiento. Luego, se encuentra el eje de ajustes en la tarificaci\u00f3n de los sistemas medianos, que persigue extender los mecanismos de equidad existentes, permitiendo el desarrollo econ\u00f3mico de las regiones involucradas.<\/p>\n<p style=\"text-align: justify;\">Por \u00faltimo, el eje de participaci\u00f3n ciudadana. El proyecto de ley incentiva la incorporaci\u00f3n de proyectos renovables en los Sistemas Medianos, mediante la especificaci\u00f3n del principio de acceso abierto, para que las empresas transmisoras y distribuidoras permitan este acceso a nuevos proyectos que se conecten por l\u00edneas propias o de terceros. Igualmente, se fomentan aquellas obras de planes de expansi\u00f3n que incorporan generaci\u00f3n renovable en las siguientes fijaciones tarifarias.<\/p>\n<p style=\"text-align: justify;\">Por otro lado, la iniciativa de ley genera las condiciones para que los 109 sistemas aislados existentes en el pa\u00eds puedan transitar a convertirse en un sistema mediano, permiti\u00e9ndoles reducir sus cuentas de la luz y acceder a las tarifas reguladas que actualmente existen entre Arica y Chilo\u00e9. Lo anterior, significar\u00e1 que las m\u00e1s de 10 mil familias que reciben suministro el\u00e9ctrico a trav\u00e9s de estos sistemas aislados puedan experimentar una mejor calidad de servicio, y una mejor calidad de vida.<\/p>\n<p style=\"text-align: justify;\">Con la aprobaci\u00f3n en la Sala de la C\u00e1mara Baja, se espera que el proyecto de ley contin\u00fae su segundo tr\u00e1mite constitucional en el Senado.<\/p>\n<\/div><\/section><\/div>\n<div  style='height:50px' class='hr hr-invisible   avia-builder-el-6  el_after_av_one_full  el_before_av_social_share '><span class='hr-inner ' ><span class='hr-inner-style'><\/span><\/span><\/div>\n<div  class='av-social-sharing-box  avia-builder-el-7  el_after_av_hr  el_before_av_hr  '><div class='av-share-box'><h5 class='av-share-link-description av-no-toc '>Compartir esta noticia<\/h5><ul class='av-share-box-list noLightbox'><li class='av-share-link av-social-link-facebook' ><a target=\"_blank\" aria-label=\"Compartir en Facebook\" href='https:\/\/www.facebook.com\/sharer.php?u=https:\/\/radiorevelacionfm.cl\/?p=56595&#038;t=Aprueban%20proyecto%20de%20ley%20que%20perfecciona%20los%20sistemas%20medianos%20y%20seguir%C3%A1%20su%20tramitaci%C3%B3n%20en%20el%20Senado' aria-hidden='false' data-av_icon='\ue8f3' data-av_iconfont='entypo-fontello' title='' data-avia-related-tooltip='Compartir en Facebook' rel=\"noopener\"><span class='avia_hidden_link_text'>Compartir en Facebook<\/span><\/a><\/li><li class='av-share-link av-social-link-twitter' ><a target=\"_blank\" aria-label=\"Compartir en Twitter\" href='https:\/\/twitter.com\/share?text=Aprueban%20proyecto%20de%20ley%20que%20perfecciona%20los%20sistemas%20medianos%20y%20seguir%C3%A1%20su%20tramitaci%C3%B3n%20en%20el%20Senado&#038;url=https:\/\/radiorevelacionfm.cl\/?p=56595' aria-hidden='false' data-av_icon='\ue8f1' data-av_iconfont='entypo-fontello' title='' data-avia-related-tooltip='Compartir en Twitter' rel=\"noopener\"><span class='avia_hidden_link_text'>Compartir en Twitter<\/span><\/a><\/li><li class='av-share-link av-social-link-whatsapp' ><a target=\"_blank\" aria-label=\"Compartir en Whatsapp\" href='https:\/\/api.whatsapp.com\/send?text=https:\/\/radiorevelacionfm.cl\/?p=56595' aria-hidden='false' data-av_icon='\uf232' data-av_iconfont='entypo-fontello' title='' data-avia-related-tooltip='Compartir en Whatsapp' rel=\"noopener\"><span class='avia_hidden_link_text'>Compartir en Whatsapp<\/span><\/a><\/li><li class='av-share-link av-social-link-linkedin' ><a target=\"_blank\" aria-label=\"Compartir en LinkedIn\" href='https:\/\/linkedin.com\/shareArticle?mini=true&#038;title=Aprueban%20proyecto%20de%20ley%20que%20perfecciona%20los%20sistemas%20medianos%20y%20seguir%C3%A1%20su%20tramitaci%C3%B3n%20en%20el%20Senado&#038;url=https:\/\/radiorevelacionfm.cl\/?p=56595' aria-hidden='false' data-av_icon='\ue8fc' data-av_iconfont='entypo-fontello' title='' data-avia-related-tooltip='Compartir en LinkedIn' rel=\"noopener\"><span class='avia_hidden_link_text'>Compartir en LinkedIn<\/span><\/a><\/li><li class='av-share-link av-social-link-mail' ><a  aria-label=\"Compartir por correo\" href='mailto:?subject=Aprueban%20proyecto%20de%20ley%20que%20perfecciona%20los%20sistemas%20medianos%20y%20seguir%C3%A1%20su%20tramitaci%C3%B3n%20en%20el%20Senado&#038;body=https:\/\/radiorevelacionfm.cl\/?p=56595' aria-hidden='false' data-av_icon='\ue805' data-av_iconfont='entypo-fontello' title='' data-avia-related-tooltip='Compartir por correo'><span class='avia_hidden_link_text'>Compartir por correo<\/span><\/a><\/li><\/ul><\/div><\/div>\n<div  style='height:50px' class='hr hr-invisible   avia-builder-el-8  el_after_av_social_share  el_before_av_comments_list '><span class='hr-inner ' ><span class='hr-inner-style'><\/span><\/span><\/div>\n<div  class='av-buildercomment  av-blog-meta-html-info-disabled av-blog-meta-tag-disabled  '><\/div>\n","protected":false},"excerpt":{"rendered":"","protected":false},"author":1,"featured_media":18475,"comment_status":"closed","ping_status":"closed","sticky":false,"template":"","format":"standard","meta":{"footnotes":""},"categories":[38],"tags":[],"class_list":["post-56595","post","type-post","status-publish","format-standard","has-post-thumbnail","hentry","category-regional"],"jetpack_featured_media_url":"https:\/\/radiorevelacionfm.cl\/wp-content\/uploads\/2022\/06\/Corte-Energia4-1-2.jpg","_links":{"self":[{"href":"https:\/\/radiorevelacionfm.cl\/index.php?rest_route=\/wp\/v2\/posts\/56595","targetHints":{"allow":["GET"]}}],"collection":[{"href":"https:\/\/radiorevelacionfm.cl\/index.php?rest_route=\/wp\/v2\/posts"}],"about":[{"href":"https:\/\/radiorevelacionfm.cl\/index.php?rest_route=\/wp\/v2\/types\/post"}],"author":[{"embeddable":true,"href":"https:\/\/radiorevelacionfm.cl\/index.php?rest_route=\/wp\/v2\/users\/1"}],"replies":[{"embeddable":true,"href":"https:\/\/radiorevelacionfm.cl\/index.php?rest_route=%2Fwp%2Fv2%2Fcomments&post=56595"}],"version-history":[{"count":3,"href":"https:\/\/radiorevelacionfm.cl\/index.php?rest_route=\/wp\/v2\/posts\/56595\/revisions"}],"predecessor-version":[{"id":56618,"href":"https:\/\/radiorevelacionfm.cl\/index.php?rest_route=\/wp\/v2\/posts\/56595\/revisions\/56618"}],"wp:featuredmedia":[{"embeddable":true,"href":"https:\/\/radiorevelacionfm.cl\/index.php?rest_route=\/wp\/v2\/media\/18475"}],"wp:attachment":[{"href":"https:\/\/radiorevelacionfm.cl\/index.php?rest_route=%2Fwp%2Fv2%2Fmedia&parent=56595"}],"wp:term":[{"taxonomy":"category","embeddable":true,"href":"https:\/\/radiorevelacionfm.cl\/index.php?rest_route=%2Fwp%2Fv2%2Fcategories&post=56595"},{"taxonomy":"post_tag","embeddable":true,"href":"https:\/\/radiorevelacionfm.cl\/index.php?rest_route=%2Fwp%2Fv2%2Ftags&post=56595"}],"curies":[{"name":"wp","href":"https:\/\/api.w.org\/{rel}","templated":true}]}}