{"id":56589,"date":"2025-07-16T12:56:05","date_gmt":"2025-07-16T15:56:05","guid":{"rendered":"https:\/\/radiorevelacionfm.cl\/?p=56589"},"modified":"2025-07-16T12:56:05","modified_gmt":"2025-07-16T15:56:05","slug":"rio-ibanez-avanza-en-la-elaboracion-de-pladetur-con-apoyo-de-sernatur","status":"publish","type":"post","link":"https:\/\/radiorevelacionfm.cl\/?p=56589","title":{"rendered":"R\u00edo Iba\u00f1ez avanza en la elaboraci\u00f3n de Pladetur con apoyo de Sernatur"},"content":{"rendered":"<div class=\"flex_column av_one_full  flex_column_div av-zero-column-padding first  avia-builder-el-0  el_before_av_one_full  avia-builder-el-first  \" style='border-radius:0px; '><div  class='avia-image-container  av-styling-    avia-builder-el-1  avia-builder-el-no-sibling  avia-align-center '  itemprop=\"image\" itemscope=\"itemscope\" itemtype=\"https:\/\/schema.org\/ImageObject\"  ><div class='avia-image-container-inner'><div class='avia-image-overlay-wrap'><img decoding=\"async\" class='wp-image-56590 avia-img-lazy-loading-not-56590 avia_image' src=\"https:\/\/radiorevelacionfm.cl\/wp-content\/uploads\/2025\/07\/01-23-1_optimized-1.jpg\" alt='' title='01-(23)-(1)_optimized (1)' height=\"600\" width=\"900\"  itemprop=\"thumbnailUrl\" srcset=\"https:\/\/radiorevelacionfm.cl\/wp-content\/uploads\/2025\/07\/01-23-1_optimized-1.jpg 900w, https:\/\/radiorevelacionfm.cl\/wp-content\/uploads\/2025\/07\/01-23-1_optimized-1-300x200.jpg 300w, https:\/\/radiorevelacionfm.cl\/wp-content\/uploads\/2025\/07\/01-23-1_optimized-1-768x512.jpg 768w, https:\/\/radiorevelacionfm.cl\/wp-content\/uploads\/2025\/07\/01-23-1_optimized-1-705x470.jpg 705w, https:\/\/radiorevelacionfm.cl\/wp-content\/uploads\/2025\/07\/01-23-1_optimized-1-450x300.jpg 450w, https:\/\/radiorevelacionfm.cl\/wp-content\/uploads\/2025\/07\/01-23-1_optimized-1-600x400.jpg 600w\" sizes=\"(max-width: 900px) 100vw, 900px\" \/><\/div><\/div><\/div><\/div><div class=\"flex_column av_one_full  flex_column_div av-zero-column-padding first  avia-builder-el-2  el_after_av_one_full  el_before_av_one_full  column-top-margin\" style='border-radius:0px; '><section class=\"av_textblock_section \"  itemscope=\"itemscope\" itemtype=\"https:\/\/schema.org\/BlogPosting\" itemprop=\"blogPost\" ><div class='avia_textblock  '   itemprop=\"text\" ><p style=\"text-align: center;\"><strong><span style=\"font-size: 18pt;\">R\u00edo Iba\u00f1ez avanza en la elaboraci\u00f3n de Pladetur con apoyo de Sernatur<\/span><\/strong><\/p>\n<div id=\"gtx-trans\" style=\"position: absolute; left: -50px; top: 4.31534px;\">\n<div class=\"gtx-trans-icon\"><\/div>\n<\/div>\n<\/div><\/section><\/div><div class=\"flex_column av_one_full  flex_column_div av-zero-column-padding first  avia-builder-el-4  el_after_av_one_full  el_before_av_hr  column-top-margin\" style='border-radius:0px; '><section class=\"av_textblock_section \"  itemscope=\"itemscope\" itemtype=\"https:\/\/schema.org\/BlogPosting\" itemprop=\"blogPost\" ><div class='avia_textblock  '   itemprop=\"text\" ><ul>\n<li style=\"text-align: justify;\"><em>Este instrumento de planificaci\u00f3n tur\u00edstica es de vital importancia para la comuna, considerada uno de los principales destinos de la Regi\u00f3n de Ays\u00e9n. <\/em><\/li>\n<\/ul>\n<p style=\"text-align: justify;\">R\u00edo Ib\u00e1\u00f1ez se ha consolidado como uno de los principales destinos tur\u00edsticos de la Regi\u00f3n de Ays\u00e9n, gracias a atractivos como el Parque Nacional Cerro Castillo y el Santuario de la Naturaleza Capilla de M\u00e1rmol, en Puerto R\u00edo Tranquilo. En este contexto, contar con un instrumento que permita fortalecer el turismo desde una mirada estrat\u00e9gica y sustentable es fundamental, considerando el sostenido aumento de visitantes cada a\u00f1o.<\/p>\n<p style=\"text-align: justify;\">En respuesta a esta necesidad, el director de Sernatur Ays\u00e9n, Claudio Montecinos Angulo, anunci\u00f3 la priorizaci\u00f3n del financiamiento para la elaboraci\u00f3n del Plan de Desarrollo Tur\u00edstico (Pladetur) de la comuna. Este compromiso surge tras las gestiones y solicitudes realizadas por el alcalde de R\u00edo Ib\u00e1\u00f1ez, Marcelo J\u00e9lvez C\u00e1rdenas, y el consejero regional por la Provincia General Carrera, Arcadio Soto Ser\u00f3n.<\/p>\n<p style=\"text-align: justify;\">\u201cEste ha sido un anhelo compartido por nuestros prestadores de servicios, emprendedores tur\u00edsticos y sobre todo por el municipio. Necesitamos este instrumento para seguir creciendo tur\u00edsticamente. Y desde nuestra administraci\u00f3n haremos todos los esfuerzos por continuar apostando por el turismo como eje de desarrollo econ\u00f3mico local, y con un fuerte enfoque en la asociatividad de nuestros prestadores de servicios tur\u00edsticos\u201d, se\u00f1al\u00f3 el alcalde J\u00e9lvez.<\/p>\n<p style=\"text-align: justify;\">Por su parte, el director de Sernatur explic\u00f3 que \u201calgo que nos interesa mucho como servicio es avanzar en los distintos instrumentos de planificaci\u00f3n, tanto regionales como comunales. En ese sentido, hemos transmitido al alcalde nuestro inter\u00e9s de priorizar a R\u00edo Ib\u00e1\u00f1ez para financiar la elaboraci\u00f3n de su Pladetur\u201d.<\/p>\n<p style=\"text-align: justify;\">Finalmente, el consejero regional destac\u00f3 que \u201cesta es una herramienta de planificaci\u00f3n fundamental para orientar los esfuerzos en materia de turismo y permitir un desarrollo sustentable, participativo y ordenado de la actividad. Enfoc\u00e1ndose en que el turismo tenga un impacto positivo en las comunidades\u201d.<\/p>\n<p style=\"text-align: justify;\"><strong>\u00a0<\/strong><\/p>\n<\/div><\/section><\/div><div  style='height:50px' class='hr hr-invisible   avia-builder-el-6  el_after_av_one_full  el_before_av_social_share '><span class='hr-inner ' ><span class='hr-inner-style'><\/span><\/span><\/div><\/p>\n<div  class='av-social-sharing-box  avia-builder-el-7  el_after_av_hr  el_before_av_hr  '><div class='av-share-box'><h5 class='av-share-link-description av-no-toc '>Compartir esta noticia<\/h5><ul class='av-share-box-list noLightbox'><li class='av-share-link av-social-link-facebook' ><a target=\"_blank\" aria-label=\"Compartir en Facebook\" href='https:\/\/www.facebook.com\/sharer.php?u=https:\/\/radiorevelacionfm.cl\/?p=56589&#038;t=R%C3%ADo%20Iba%C3%B1ez%20avanza%20en%20la%20elaboraci%C3%B3n%20de%20Pladetur%20con%20apoyo%20de%20Sernatur' aria-hidden='false' data-av_icon='\ue8f3' data-av_iconfont='entypo-fontello' title='' data-avia-related-tooltip='Compartir en Facebook' rel=\"noopener\"><span class='avia_hidden_link_text'>Compartir en Facebook<\/span><\/a><\/li><li class='av-share-link av-social-link-twitter' ><a target=\"_blank\" aria-label=\"Compartir en Twitter\" href='https:\/\/twitter.com\/share?text=R%C3%ADo%20Iba%C3%B1ez%20avanza%20en%20la%20elaboraci%C3%B3n%20de%20Pladetur%20con%20apoyo%20de%20Sernatur&#038;url=https:\/\/radiorevelacionfm.cl\/?p=56589' aria-hidden='false' data-av_icon='\ue8f1' data-av_iconfont='entypo-fontello' title='' data-avia-related-tooltip='Compartir en Twitter' rel=\"noopener\"><span class='avia_hidden_link_text'>Compartir en Twitter<\/span><\/a><\/li><li class='av-share-link av-social-link-whatsapp' ><a target=\"_blank\" aria-label=\"Compartir en Whatsapp\" href='https:\/\/api.whatsapp.com\/send?text=https:\/\/radiorevelacionfm.cl\/?p=56589' aria-hidden='false' data-av_icon='\uf232' data-av_iconfont='entypo-fontello' title='' data-avia-related-tooltip='Compartir en Whatsapp' rel=\"noopener\"><span class='avia_hidden_link_text'>Compartir en Whatsapp<\/span><\/a><\/li><li class='av-share-link av-social-link-linkedin' ><a target=\"_blank\" aria-label=\"Compartir en LinkedIn\" href='https:\/\/linkedin.com\/shareArticle?mini=true&#038;title=R%C3%ADo%20Iba%C3%B1ez%20avanza%20en%20la%20elaboraci%C3%B3n%20de%20Pladetur%20con%20apoyo%20de%20Sernatur&#038;url=https:\/\/radiorevelacionfm.cl\/?p=56589' aria-hidden='false' data-av_icon='\ue8fc' data-av_iconfont='entypo-fontello' title='' data-avia-related-tooltip='Compartir en LinkedIn' rel=\"noopener\"><span class='avia_hidden_link_text'>Compartir en LinkedIn<\/span><\/a><\/li><li class='av-share-link av-social-link-mail' ><a  aria-label=\"Compartir por correo\" href='mailto:?subject=R%C3%ADo%20Iba%C3%B1ez%20avanza%20en%20la%20elaboraci%C3%B3n%20de%20Pladetur%20con%20apoyo%20de%20Sernatur&#038;body=https:\/\/radiorevelacionfm.cl\/?p=56589' aria-hidden='false' data-av_icon='\ue805' data-av_iconfont='entypo-fontello' title='' data-avia-related-tooltip='Compartir por correo'><span class='avia_hidden_link_text'>Compartir por correo<\/span><\/a><\/li><\/ul><\/div><\/div>\n<div  style='height:50px' class='hr hr-invisible   avia-builder-el-8  el_after_av_social_share  el_before_av_comments_list '><span class='hr-inner ' ><span class='hr-inner-style'><\/span><\/span><\/div>\n<div  class='av-buildercomment  av-blog-meta-html-info-disabled av-blog-meta-tag-disabled  '><\/div>\n","protected":false},"excerpt":{"rendered":"","protected":false},"author":1,"featured_media":56590,"comment_status":"closed","ping_status":"closed","sticky":false,"template":"","format":"standard","meta":{"footnotes":""},"categories":[54],"tags":[],"class_list":["post-56589","post","type-post","status-publish","format-standard","has-post-thumbnail","hentry","category-turismo"],"jetpack_featured_media_url":"https:\/\/radiorevelacionfm.cl\/wp-content\/uploads\/2025\/07\/01-23-1_optimized-1.jpg","_links":{"self":[{"href":"https:\/\/radiorevelacionfm.cl\/index.php?rest_route=\/wp\/v2\/posts\/56589","targetHints":{"allow":["GET"]}}],"collection":[{"href":"https:\/\/radiorevelacionfm.cl\/index.php?rest_route=\/wp\/v2\/posts"}],"about":[{"href":"https:\/\/radiorevelacionfm.cl\/index.php?rest_route=\/wp\/v2\/types\/post"}],"author":[{"embeddable":true,"href":"https:\/\/radiorevelacionfm.cl\/index.php?rest_route=\/wp\/v2\/users\/1"}],"replies":[{"embeddable":true,"href":"https:\/\/radiorevelacionfm.cl\/index.php?rest_route=%2Fwp%2Fv2%2Fcomments&post=56589"}],"version-history":[{"count":2,"href":"https:\/\/radiorevelacionfm.cl\/index.php?rest_route=\/wp\/v2\/posts\/56589\/revisions"}],"predecessor-version":[{"id":56609,"href":"https:\/\/radiorevelacionfm.cl\/index.php?rest_route=\/wp\/v2\/posts\/56589\/revisions\/56609"}],"wp:featuredmedia":[{"embeddable":true,"href":"https:\/\/radiorevelacionfm.cl\/index.php?rest_route=\/wp\/v2\/media\/56590"}],"wp:attachment":[{"href":"https:\/\/radiorevelacionfm.cl\/index.php?rest_route=%2Fwp%2Fv2%2Fmedia&parent=56589"}],"wp:term":[{"taxonomy":"category","embeddable":true,"href":"https:\/\/radiorevelacionfm.cl\/index.php?rest_route=%2Fwp%2Fv2%2Fcategories&post=56589"},{"taxonomy":"post_tag","embeddable":true,"href":"https:\/\/radiorevelacionfm.cl\/index.php?rest_route=%2Fwp%2Fv2%2Ftags&post=56589"}],"curies":[{"name":"wp","href":"https:\/\/api.w.org\/{rel}","templated":true}]}}