{"id":56585,"date":"2025-07-16T13:01:55","date_gmt":"2025-07-16T16:01:55","guid":{"rendered":"https:\/\/radiorevelacionfm.cl\/?p=56585"},"modified":"2025-07-16T13:01:55","modified_gmt":"2025-07-16T16:01:55","slug":"prochile-aysen-destaca-participacion-de-tres-empresas-de-destilados-regionales-en-la-expo-osaka","status":"publish","type":"post","link":"https:\/\/radiorevelacionfm.cl\/?p=56585","title":{"rendered":"ProChile Ays\u00e9n destaca participaci\u00f3n de tres empresas de destilados regionales en la Expo Osaka"},"content":{"rendered":"<div class=\"flex_column av_one_full  flex_column_div av-zero-column-padding first  avia-builder-el-0  el_before_av_one_full  avia-builder-el-first  \" style='border-radius:0px; '><div  class='avia-image-container  av-styling-    avia-builder-el-1  avia-builder-el-no-sibling  avia-align-center '  itemprop=\"image\" itemscope=\"itemscope\" itemtype=\"https:\/\/schema.org\/ImageObject\"  ><div class='avia-image-container-inner'><div class='avia-image-overlay-wrap'><img decoding=\"async\" class='wp-image-56586 avia-img-lazy-loading-not-56586 avia_image' src=\"https:\/\/radiorevelacionfm.cl\/wp-content\/uploads\/2025\/07\/unnamed-53-1_optimized.jpg\" alt='' title='unnamed-(53)-(1)_optimized' height=\"600\" width=\"968\"  itemprop=\"thumbnailUrl\" srcset=\"https:\/\/radiorevelacionfm.cl\/wp-content\/uploads\/2025\/07\/unnamed-53-1_optimized.jpg 968w, https:\/\/radiorevelacionfm.cl\/wp-content\/uploads\/2025\/07\/unnamed-53-1_optimized-300x186.jpg 300w, https:\/\/radiorevelacionfm.cl\/wp-content\/uploads\/2025\/07\/unnamed-53-1_optimized-768x476.jpg 768w, https:\/\/radiorevelacionfm.cl\/wp-content\/uploads\/2025\/07\/unnamed-53-1_optimized-705x437.jpg 705w, https:\/\/radiorevelacionfm.cl\/wp-content\/uploads\/2025\/07\/unnamed-53-1_optimized-450x279.jpg 450w, https:\/\/radiorevelacionfm.cl\/wp-content\/uploads\/2025\/07\/unnamed-53-1_optimized-600x372.jpg 600w\" sizes=\"(max-width: 968px) 100vw, 968px\" \/><\/div><\/div><\/div><\/div><div class=\"flex_column av_one_full  flex_column_div av-zero-column-padding first  avia-builder-el-2  el_after_av_one_full  el_before_av_one_full  column-top-margin\" style='border-radius:0px; '><section class=\"av_textblock_section \"  itemscope=\"itemscope\" itemtype=\"https:\/\/schema.org\/BlogPosting\" itemprop=\"blogPost\" ><div class='avia_textblock  '   itemprop=\"text\" ><p style=\"text-align: center;\"><strong><span style=\"font-size: 18pt;\">ProChile Ays\u00e9n destaca participaci\u00f3n de tres empresas de destilados regionales en la Expo Osaka\u00a0<\/span><\/strong><\/p>\n<div id=\"gtx-trans\" style=\"position: absolute; left: -50px; top: 4.31534px;\">\n<div class=\"gtx-trans-icon\"><\/div>\n<\/div>\n<\/div><\/section><\/div><div class=\"flex_column av_one_full  flex_column_div av-zero-column-padding first  avia-builder-el-4  el_after_av_one_full  el_before_av_hr  column-top-margin\" style='border-radius:0px; '><section class=\"av_textblock_section \"  itemscope=\"itemscope\" itemtype=\"https:\/\/schema.org\/BlogPosting\" itemprop=\"blogPost\" ><div class='avia_textblock  '   itemprop=\"text\" ><p style=\"text-align: justify;\"><em>Bitter Onok, Gin Tepaluma y Vodka Kawesqar presentaron sus productos en el Pabell\u00f3n de Chile, que ha superado el mill\u00f3n de visitantes.<\/em><\/p>\n<p style=\"text-align: justify;\">\u00abLa Regi\u00f3n de Ays\u00e9n se hizo presente en la Expo Osaka 2025 con la participaci\u00f3n de tres empresas locales de destilados que pudieron mostrar sus productos a los miles de visitantes del Pabell\u00f3n de Chile en Jap\u00f3n\u00bb, destac\u00f3 el director regional de ProChile, Jaime Poblete.<\/p>\n<p style=\"text-align: justify;\">Asimismo, el director regional de ProChile valor\u00f3 la oportunidad que tuvieron estas empresas regionales de proyectar sus productos en el mercado japon\u00e9s, donde el pabell\u00f3n chileno ha marcado un hito al superar el mill\u00f3n de visitantes desde su apertura el 13 de abril.<\/p>\n<p style=\"text-align: justify;\">Para Cristi\u00e1n Pailamilla, representante de Bitter Onok, participar en la Expo Osaka signific\u00f3 una experiencia transformadora. \u00abPor primera vez tuvimos la oportunidad de presentar nuestro producto fuera de Chile, lo que nos permiti\u00f3 proyectar nuevos desaf\u00edos comerciales, tanto a nivel nacional como internacional\u00bb, se\u00f1al\u00f3.<\/p>\n<p style=\"text-align: justify;\">Bitter Onok es un licor elaborado en la Patagonia chilena a partir de frutos end\u00e9micos recolectados a mano, embotellado en envases de vino reciclados y desarrollado bajo principios de sostenibilidad social, econ\u00f3mica y ambiental. Actualmente, la empresa se enfoca en posicionar su producto en la Macrozona Austral, especialmente en la Regi\u00f3n de Ays\u00e9n, aunque la experiencia japonesa les abri\u00f3 nuevas perspectivas para expandir su alcance.<\/p>\n<p style=\"text-align: justify;\">\u00abEsperamos que estos atributos sean una invitaci\u00f3n para que m\u00e1s personas se animen a disfrutar del car\u00e1cter \u00fanico de Bitter Onok\u00bb, agreg\u00f3 Pailamilla, quien ve en esta participaci\u00f3n una oportunidad para llevar el sabor de la Patagonia a otras latitudes.<\/p>\n<p style=\"text-align: justify;\">Andrea Zavala, gerenta de Gin Tepaluma, expres\u00f3 su gratitud hacia ProChile por la oportunidad de participar en este importante evento. \u00abA\u00fan no llegamos al mercado de Jap\u00f3n y es un mercado important\u00edsimo al cual queremos llegar\u00bb, explic\u00f3.<\/p>\n<p style=\"text-align: justify;\">Zavala destac\u00f3 que la participaci\u00f3n en Osaka representa un reconocimiento al trabajo realizado en la Patagonia de Ays\u00e9n, donde destilan y embotellan productos de alta calidad en condiciones extremas. \u00abLo que pudieron degustar en Osaka fue un aut\u00e9ntico trocito de la Patagonia en una botella\u00bb, afirm\u00f3 la ejecutiva, quien espera poder anunciar una llegada al mercado japon\u00e9s en el futuro.<\/p>\n<p style=\"text-align: justify;\">Por su parte, Yuliyan Popov, gerente de Vodka Kawesqar, tambi\u00e9n valor\u00f3 la experiencia lograda en el pabell\u00f3n de Chile, porque \u00abse trata de un mercado grande y de mucho poder econ\u00f3mico, y la presentaci\u00f3n de nuestro producto en Osaka es un paso importante para que el consumidor nip\u00f3n conozca nuestro producto y, ojal\u00e1, aparezca un comprador interesado que se comunique con nosotros. Si eso no pasa, vamos a seguir m\u00e1s adelante buscando opciones de c\u00f3mo entrar en ese mercado, porque encontramos que es uno de los m\u00e1s interesantes del mundo\u00bb.<\/p>\n<p style=\"text-align: justify;\">Adem\u00e1s, el Seremi de Econom\u00eda en Ays\u00e9n, Felipe Rojas Pizarro, se\u00f1al\u00f3 que \u00abnuestra regi\u00f3n posee un alto potencial no solo para la producci\u00f3n, sino tambi\u00e9n para la exportaci\u00f3n de destilados con denominaci\u00f3n de origen Patagonia. La creciente demanda de productos premium a nivel global, sin duda, abre mercados para los destilados regionales que han demostrado en diversos contextos ser de alta calidad\u00bb.<\/p>\n<p style=\"text-align: justify;\">A\u00f1adi\u00f3 que \u00abesto \u00faltimo se relaciona directamente con lo que ha estado desarrollando nuestro Gobierno en relaci\u00f3n con la apertura de nuevos mercados y canales de distribuci\u00f3n para diversos productos creados desde nuestro territorio\u00bb.<\/p>\n<p style=\"text-align: justify;\">Tambi\u00e9n el jefe de Divisi\u00f3n de Fomento e Industria del GORE Ays\u00e9n, Fernando Guzm\u00e1n Espinoza, plante\u00f3 que \u201cla internacionalizaci\u00f3n de productos como destilados son una oportunidad estrat\u00e9gica para fortalecer la econom\u00eda local y posicionar a la regi\u00f3n como un referente en la producci\u00f3n de alta gama\u201d. Agreg\u00f3 que estos productos, adem\u00e1s, fomentan el emprendimiento y la creaci\u00f3n de empleo en \u00e1reas rurales\u201d.<\/p>\n<p style=\"text-align: justify;\">El Pabell\u00f3n de Chile en la Expo Osaka 2025 se ha convertido en un espacio de encuentro entre ambos pa\u00edses, donde miles de personas han podido conocer la diversidad territorial, cultural y productiva de Chile. La instalaci\u00f3n ha sido reconocida por su propuesta \u00abMak\u00fcn: El Manto de Chile\u00bb, compuesto por un telar de lana de oveja tejido por 200 artesanas mapuches, as\u00ed como por sus semanas tem\u00e1ticas y experiencias inmersivas.<\/p>\n<p style=\"text-align: justify;\">\u00abLa participaci\u00f3n de estas tres empresas de destilados ayseninas en la Expo Osaka representa no solo una oportunidad comercial, sino tambi\u00e9n una vitrina para mostrar la calidad y autenticidad de los productos elaborados en la Patagonia chilena, proyectando el potencial de la regi\u00f3n en mercados internacionales exigentes como el japon\u00e9s\u00bb, concluy\u00f3 el director regional de ProChile.<\/p>\n<\/div><\/section><\/div><div  style='height:50px' class='hr hr-invisible   avia-builder-el-6  el_after_av_one_full  el_before_av_social_share '><span class='hr-inner ' ><span class='hr-inner-style'><\/span><\/span><\/div><\/p>\n<div  class='av-social-sharing-box  avia-builder-el-7  el_after_av_hr  el_before_av_hr  '><div class='av-share-box'><h5 class='av-share-link-description av-no-toc '>Compartir esta noticia<\/h5><ul class='av-share-box-list noLightbox'><li class='av-share-link av-social-link-facebook' ><a target=\"_blank\" aria-label=\"Compartir en Facebook\" href='https:\/\/www.facebook.com\/sharer.php?u=https:\/\/radiorevelacionfm.cl\/?p=56585&#038;t=ProChile%20Ays%C3%A9n%20destaca%20participaci%C3%B3n%20de%20tres%20empresas%20de%20destilados%20regionales%20en%20la%20Expo%20Osaka' aria-hidden='false' data-av_icon='\ue8f3' data-av_iconfont='entypo-fontello' title='' data-avia-related-tooltip='Compartir en Facebook' rel=\"noopener\"><span class='avia_hidden_link_text'>Compartir en Facebook<\/span><\/a><\/li><li class='av-share-link av-social-link-twitter' ><a target=\"_blank\" aria-label=\"Compartir en Twitter\" href='https:\/\/twitter.com\/share?text=ProChile%20Ays%C3%A9n%20destaca%20participaci%C3%B3n%20de%20tres%20empresas%20de%20destilados%20regionales%20en%20la%20Expo%20Osaka&#038;url=https:\/\/radiorevelacionfm.cl\/?p=56585' aria-hidden='false' data-av_icon='\ue8f1' data-av_iconfont='entypo-fontello' title='' data-avia-related-tooltip='Compartir en Twitter' rel=\"noopener\"><span class='avia_hidden_link_text'>Compartir en Twitter<\/span><\/a><\/li><li class='av-share-link av-social-link-whatsapp' ><a target=\"_blank\" aria-label=\"Compartir en Whatsapp\" href='https:\/\/api.whatsapp.com\/send?text=https:\/\/radiorevelacionfm.cl\/?p=56585' aria-hidden='false' data-av_icon='\uf232' data-av_iconfont='entypo-fontello' title='' data-avia-related-tooltip='Compartir en Whatsapp' rel=\"noopener\"><span class='avia_hidden_link_text'>Compartir en Whatsapp<\/span><\/a><\/li><li class='av-share-link av-social-link-linkedin' ><a target=\"_blank\" aria-label=\"Compartir en LinkedIn\" href='https:\/\/linkedin.com\/shareArticle?mini=true&#038;title=ProChile%20Ays%C3%A9n%20destaca%20participaci%C3%B3n%20de%20tres%20empresas%20de%20destilados%20regionales%20en%20la%20Expo%20Osaka&#038;url=https:\/\/radiorevelacionfm.cl\/?p=56585' aria-hidden='false' data-av_icon='\ue8fc' data-av_iconfont='entypo-fontello' title='' data-avia-related-tooltip='Compartir en LinkedIn' rel=\"noopener\"><span class='avia_hidden_link_text'>Compartir en LinkedIn<\/span><\/a><\/li><li class='av-share-link av-social-link-mail' ><a  aria-label=\"Compartir por correo\" href='mailto:?subject=ProChile%20Ays%C3%A9n%20destaca%20participaci%C3%B3n%20de%20tres%20empresas%20de%20destilados%20regionales%20en%20la%20Expo%20Osaka&#038;body=https:\/\/radiorevelacionfm.cl\/?p=56585' aria-hidden='false' data-av_icon='\ue805' data-av_iconfont='entypo-fontello' title='' data-avia-related-tooltip='Compartir por correo'><span class='avia_hidden_link_text'>Compartir por correo<\/span><\/a><\/li><\/ul><\/div><\/div>\n<div  style='height:50px' class='hr hr-invisible   avia-builder-el-8  el_after_av_social_share  el_before_av_comments_list '><span class='hr-inner ' ><span class='hr-inner-style'><\/span><\/span><\/div>\n<div  class='av-buildercomment  av-blog-meta-html-info-disabled av-blog-meta-tag-disabled  '><\/div>\n","protected":false},"excerpt":{"rendered":"","protected":false},"author":1,"featured_media":56586,"comment_status":"closed","ping_status":"closed","sticky":false,"template":"","format":"standard","meta":{"footnotes":""},"categories":[38],"tags":[],"class_list":["post-56585","post","type-post","status-publish","format-standard","has-post-thumbnail","hentry","category-regional"],"jetpack_featured_media_url":"https:\/\/radiorevelacionfm.cl\/wp-content\/uploads\/2025\/07\/unnamed-53-1_optimized.jpg","_links":{"self":[{"href":"https:\/\/radiorevelacionfm.cl\/index.php?rest_route=\/wp\/v2\/posts\/56585","targetHints":{"allow":["GET"]}}],"collection":[{"href":"https:\/\/radiorevelacionfm.cl\/index.php?rest_route=\/wp\/v2\/posts"}],"about":[{"href":"https:\/\/radiorevelacionfm.cl\/index.php?rest_route=\/wp\/v2\/types\/post"}],"author":[{"embeddable":true,"href":"https:\/\/radiorevelacionfm.cl\/index.php?rest_route=\/wp\/v2\/users\/1"}],"replies":[{"embeddable":true,"href":"https:\/\/radiorevelacionfm.cl\/index.php?rest_route=%2Fwp%2Fv2%2Fcomments&post=56585"}],"version-history":[{"count":2,"href":"https:\/\/radiorevelacionfm.cl\/index.php?rest_route=\/wp\/v2\/posts\/56585\/revisions"}],"predecessor-version":[{"id":56610,"href":"https:\/\/radiorevelacionfm.cl\/index.php?rest_route=\/wp\/v2\/posts\/56585\/revisions\/56610"}],"wp:featuredmedia":[{"embeddable":true,"href":"https:\/\/radiorevelacionfm.cl\/index.php?rest_route=\/wp\/v2\/media\/56586"}],"wp:attachment":[{"href":"https:\/\/radiorevelacionfm.cl\/index.php?rest_route=%2Fwp%2Fv2%2Fmedia&parent=56585"}],"wp:term":[{"taxonomy":"category","embeddable":true,"href":"https:\/\/radiorevelacionfm.cl\/index.php?rest_route=%2Fwp%2Fv2%2Fcategories&post=56585"},{"taxonomy":"post_tag","embeddable":true,"href":"https:\/\/radiorevelacionfm.cl\/index.php?rest_route=%2Fwp%2Fv2%2Ftags&post=56585"}],"curies":[{"name":"wp","href":"https:\/\/api.w.org\/{rel}","templated":true}]}}