{"id":56582,"date":"2025-07-15T21:33:38","date_gmt":"2025-07-16T00:33:38","guid":{"rendered":"https:\/\/radiorevelacionfm.cl\/?p=56582"},"modified":"2025-07-15T21:33:38","modified_gmt":"2025-07-16T00:33:38","slug":"sence-aysen-invita-a-postular-al-llamado-de-fondos-concursables-de-becas-laborales-2025","status":"publish","type":"post","link":"https:\/\/radiorevelacionfm.cl\/?p=56582","title":{"rendered":"SENCE Ays\u00e9n invita a postular al llamado de Fondos Concursables de Becas Laborales 2025"},"content":{"rendered":"<div class=\"flex_column av_one_full  flex_column_div av-zero-column-padding first  avia-builder-el-0  el_before_av_one_full  avia-builder-el-first  \" style='border-radius:0px; '><div  class='avia-image-container  av-styling-    avia-builder-el-1  avia-builder-el-no-sibling  avia-align-center '  itemprop=\"image\" itemscope=\"itemscope\" itemtype=\"https:\/\/schema.org\/ImageObject\"  ><div class='avia-image-container-inner'><div class='avia-image-overlay-wrap'><img decoding=\"async\" class='wp-image-56583 avia-img-lazy-loading-not-56583 avia_image' src=\"https:\/\/radiorevelacionfm.cl\/wp-content\/uploads\/2025\/07\/becas_laborales_0-1_optimized.jpg\" alt='' title='becas_laborales_0-(1)_optimized' height=\"600\" width=\"1350\"  itemprop=\"thumbnailUrl\" srcset=\"https:\/\/radiorevelacionfm.cl\/wp-content\/uploads\/2025\/07\/becas_laborales_0-1_optimized.jpg 1350w, https:\/\/radiorevelacionfm.cl\/wp-content\/uploads\/2025\/07\/becas_laborales_0-1_optimized-300x133.jpg 300w, https:\/\/radiorevelacionfm.cl\/wp-content\/uploads\/2025\/07\/becas_laborales_0-1_optimized-1030x458.jpg 1030w, https:\/\/radiorevelacionfm.cl\/wp-content\/uploads\/2025\/07\/becas_laborales_0-1_optimized-768x341.jpg 768w, https:\/\/radiorevelacionfm.cl\/wp-content\/uploads\/2025\/07\/becas_laborales_0-1_optimized-705x313.jpg 705w, https:\/\/radiorevelacionfm.cl\/wp-content\/uploads\/2025\/07\/becas_laborales_0-1_optimized-450x200.jpg 450w, https:\/\/radiorevelacionfm.cl\/wp-content\/uploads\/2025\/07\/becas_laborales_0-1_optimized-600x267.jpg 600w\" sizes=\"(max-width: 1350px) 100vw, 1350px\" \/><\/div><\/div><\/div><\/div><div class=\"flex_column av_one_full  flex_column_div av-zero-column-padding first  avia-builder-el-2  el_after_av_one_full  el_before_av_one_full  column-top-margin\" style='border-radius:0px; '><section class=\"av_textblock_section \"  itemscope=\"itemscope\" itemtype=\"https:\/\/schema.org\/BlogPosting\" itemprop=\"blogPost\" ><div class='avia_textblock  '   itemprop=\"text\" ><p style=\"text-align: center;\"><strong><span style=\"font-size: 18pt;\">SENCE Ays\u00e9n invita a postular al llamado de Fondos Concursables de Becas Laborales 2025<\/span><\/strong><\/p>\n<div id=\"gtx-trans\" style=\"position: absolute; left: -50px; top: 4.31534px;\">\n<div class=\"gtx-trans-icon\"><\/div>\n<\/div>\n<\/div><\/section><\/div><div class=\"flex_column av_one_full  flex_column_div av-zero-column-padding first  avia-builder-el-4  el_after_av_one_full  el_before_av_hr  column-top-margin\" style='border-radius:0px; '><section class=\"av_textblock_section \"  itemscope=\"itemscope\" itemtype=\"https:\/\/schema.org\/BlogPosting\" itemprop=\"blogPost\" ><div class='avia_textblock  '   itemprop=\"text\" ><ul>\n<li style=\"text-align: justify;\"><em>El proceso de postulaci\u00f3n permanecer\u00e1 abierto en sence.cl hasta las 14:00 horas del viernes 25 de julio 2025.<\/em><\/li>\n<\/ul>\n<p style=\"text-align: justify;\">El objetivo del Fondo Concursables es seleccionar requerimientos de capacitaci\u00f3n presentados por entidades requirentes definidas para las l\u00edneas Regular y Trabajador Activo del Programa Becas Laborales.<\/p>\n<p style=\"text-align: justify;\">As\u00ed lo explic\u00f3 el director regional del Sence Ays\u00e9n, Nelson Garrido Morales, \u201cinvitar quienes quieran fortalecer sus competencias laborales a postular a los fondos concursables de becas laborales 2025. Esta iniciativa busca facilitar el acceso a programas de capacitaci\u00f3n que contribuyen al desarrollo profesional y a mejores oportunidades de empleo. Para m\u00e1s informaci\u00f3n, los invitamos a visitar nuestra p\u00e1gina web <a href=\"http:\/\/www.sence.cl\">www.sence.cl<\/a> o acercarse a nuestras oficinas regionales, en Coyhaique y Puerto Ays\u00e9n.\u201d concluy\u00f3.<\/p>\n<p style=\"text-align: justify;\">A trav\u00e9s del concurso, las Entidades Requirentes (ER) pueden solicitar al Sence que autorice el financiamiento de cursos de capacitaci\u00f3n de inter\u00e9s para sus usuarios\/as o asociados\/as y una vez evaluadas y seleccionadas las solicitudes de cursos a financiar, el Servicio distribuir\u00e1 los fondos a los OTIC (Organismos T\u00e9cnicos de Intermediarios de Capacitaci\u00f3n) para que sean licitados y adjudicados a los Ejecutores seg\u00fan las bases administrativas definidas por el Servicio.<\/p>\n<p style=\"text-align: justify;\">Sobre los plazos y requisitos de quienes deseen postular, Garrido Morales se\u00f1al\u00f3 \u201cLa postulaci\u00f3n finaliza este 25 de julio, comentar que pueden participar en el concurso Entidades Requirentes (ER), es decir, fundaciones, corporaciones, cooperativas acreditadas por el ministerio de Econom\u00eda, asociaciones y comunidades ind\u00edgenas, asociaciones gremiales y organizaciones sindicales, federaciones y confederaciones, tambi\u00e9n pueden postular entidades p\u00fablicas: municipalidades y organismos p\u00fablicos centralizados con atenci\u00f3n a p\u00fablico de inter\u00e9s como el Servicio Nacional de la Mujer y Equidad de G\u00e9nero, el Servicio Nacional de Discapacidad, el Instituto Nacional de la Juventud, el Servicio Agr\u00edcola y Ganadero, el Fondo Solidario e Inversi\u00f3n Social, la Fundaci\u00f3n de Promoci\u00f3n y Desarrollo de la Mujer y Gendarmer\u00eda de Chile.\u201d puntualiz\u00f3.<\/p>\n<p style=\"text-align: justify;\"><strong><u>Incentivar la capacitaci\u00f3n<\/u><\/strong><\/p>\n<p style=\"text-align: justify;\">El Seremi del Trabajo y Previsi\u00f3n Social de Ays\u00e9n (S), Christian Aros, destac\u00f3 esta iniciativa por parte de SENCE, ya que viene a reforzar lo que ya se est\u00e1 realizando en materia de capacitaci\u00f3n \u201cComo Ministerio del Trabajo y Previsi\u00f3n Social sabemos la importancia que tiene hoy el capacitarse, para mejorar las competencias laborales, los conocimientos t\u00e9cnicos en oficios y acceder as\u00ed a mejores oportunidades de trabajo. Hacemos un llamado a provechar esta oportunidad a acceder a los fondos concursables de Becas Laborales y tambi\u00e9n a conocer la oferta program\u00e1tica que tiene el Servicio Nacional de Capacitaci\u00f3n y Empleo, Sence, como los cursos de reinvenci\u00f3n y de Talento Digital, en temas como la Alfabetizaci\u00f3n Digital, Ciberseguridad en entornos de aprendizajes digitales, Dise\u00f1o Web, entre otros m\u00e1s avanzados\u201d, afirm\u00f3.<\/p>\n<p style=\"text-align: justify;\">Este programa de capacitaci\u00f3n en oficios posibilita el acceso a un trabajo dependiente o independiente de calidad, a personas vulnerables y\/o en situaci\u00f3n de riesgo, cesantes, y a quienes buscan trabajo por primera vez o tienen empleos precarios o de baja calificaci\u00f3n laboral.<\/p>\n<p style=\"text-align: justify;\">Para este llamado, el Servicio Nacional de Capacitaci\u00f3n y Empleo, SENCE, ha presupuestado para la ejecuci\u00f3n de la iniciativa $4.000.000.000. los cuales fueron repartidos de manera equitativa entre las regiones del Pa\u00eds.<\/p>\n<p style=\"text-align: justify;\">Para poder conocer m\u00e1s, puede ingresar a la p\u00e1gina del SENCE <a href=\"http:\/\/www.sence.cl\">www.sence.cl<\/a> o en el siguiente link\u00a0 <a href=\"https:\/\/sistemas.sence.cl\/fondosconcursables\/Frontlogin2.aspx\">https:\/\/sistemas.sence.cl\/fondosconcursables\/\/Frontlogin2.aspx<\/a><\/p>\n<p style=\"text-align: justify;\"><strong><u>Beneficios<\/u><\/strong><\/p>\n<ul style=\"text-align: justify;\">\n<li>Capacitaci\u00f3n gratuita.<\/li>\n<li>Subsidio diario de $4.000 por participante por d\u00eda asistido a clases durante la fase lectiva.<\/li>\n<li>Subsidio de herramientas de $250.000 por participante, dependiendo del tipo de curso.<\/li>\n<li>Subsidio de cuidados de $5.000 por participante por d\u00eda asistido para el cuidado de ni\u00f1os y ni\u00f1as de hasta 6 a\u00f1os, independiente del n\u00famero de hijos o hijas.<\/li>\n<li>Subsidio para certificaciones y\/o licencias habilitantes para el oficio.<\/li>\n<li>Seguro de accidentes para el trabajador y trabajadora.<\/li>\n<\/ul>\n<p style=\"text-align: justify;\"><strong>\u00a0<\/strong><\/p>\n<\/div><\/section><\/div><div  style='height:50px' class='hr hr-invisible   avia-builder-el-6  el_after_av_one_full  el_before_av_social_share '><span class='hr-inner ' ><span class='hr-inner-style'><\/span><\/span><\/div><\/p>\n<div  class='av-social-sharing-box  avia-builder-el-7  el_after_av_hr  el_before_av_hr  '><div class='av-share-box'><h5 class='av-share-link-description av-no-toc '>Compartir esta noticia<\/h5><ul class='av-share-box-list noLightbox'><li class='av-share-link av-social-link-facebook' ><a target=\"_blank\" aria-label=\"Compartir en Facebook\" href='https:\/\/www.facebook.com\/sharer.php?u=https:\/\/radiorevelacionfm.cl\/?p=56582&#038;t=SENCE%20Ays%C3%A9n%20invita%20a%20postular%20al%20llamado%20de%20Fondos%20Concursables%20de%20Becas%20Laborales%202025' aria-hidden='false' data-av_icon='\ue8f3' data-av_iconfont='entypo-fontello' title='' data-avia-related-tooltip='Compartir en Facebook' rel=\"noopener\"><span class='avia_hidden_link_text'>Compartir en Facebook<\/span><\/a><\/li><li class='av-share-link av-social-link-twitter' ><a target=\"_blank\" aria-label=\"Compartir en Twitter\" href='https:\/\/twitter.com\/share?text=SENCE%20Ays%C3%A9n%20invita%20a%20postular%20al%20llamado%20de%20Fondos%20Concursables%20de%20Becas%20Laborales%202025&#038;url=https:\/\/radiorevelacionfm.cl\/?p=56582' aria-hidden='false' data-av_icon='\ue8f1' data-av_iconfont='entypo-fontello' title='' data-avia-related-tooltip='Compartir en Twitter' rel=\"noopener\"><span class='avia_hidden_link_text'>Compartir en Twitter<\/span><\/a><\/li><li class='av-share-link av-social-link-whatsapp' ><a target=\"_blank\" aria-label=\"Compartir en Whatsapp\" href='https:\/\/api.whatsapp.com\/send?text=https:\/\/radiorevelacionfm.cl\/?p=56582' aria-hidden='false' data-av_icon='\uf232' data-av_iconfont='entypo-fontello' title='' data-avia-related-tooltip='Compartir en Whatsapp' rel=\"noopener\"><span class='avia_hidden_link_text'>Compartir en Whatsapp<\/span><\/a><\/li><li class='av-share-link av-social-link-linkedin' ><a target=\"_blank\" aria-label=\"Compartir en LinkedIn\" href='https:\/\/linkedin.com\/shareArticle?mini=true&#038;title=SENCE%20Ays%C3%A9n%20invita%20a%20postular%20al%20llamado%20de%20Fondos%20Concursables%20de%20Becas%20Laborales%202025&#038;url=https:\/\/radiorevelacionfm.cl\/?p=56582' aria-hidden='false' data-av_icon='\ue8fc' data-av_iconfont='entypo-fontello' title='' data-avia-related-tooltip='Compartir en LinkedIn' rel=\"noopener\"><span class='avia_hidden_link_text'>Compartir en LinkedIn<\/span><\/a><\/li><li class='av-share-link av-social-link-mail' ><a  aria-label=\"Compartir por correo\" href='mailto:?subject=SENCE%20Ays%C3%A9n%20invita%20a%20postular%20al%20llamado%20de%20Fondos%20Concursables%20de%20Becas%20Laborales%202025&#038;body=https:\/\/radiorevelacionfm.cl\/?p=56582' aria-hidden='false' data-av_icon='\ue805' data-av_iconfont='entypo-fontello' title='' data-avia-related-tooltip='Compartir por correo'><span class='avia_hidden_link_text'>Compartir por correo<\/span><\/a><\/li><\/ul><\/div><\/div>\n<div  style='height:50px' class='hr hr-invisible   avia-builder-el-8  el_after_av_social_share  el_before_av_comments_list '><span class='hr-inner ' ><span class='hr-inner-style'><\/span><\/span><\/div>\n<div  class='av-buildercomment  av-blog-meta-html-info-disabled av-blog-meta-tag-disabled  '><\/div>\n","protected":false},"excerpt":{"rendered":"","protected":false},"author":1,"featured_media":56583,"comment_status":"closed","ping_status":"closed","sticky":false,"template":"","format":"standard","meta":{"footnotes":""},"categories":[56],"tags":[],"class_list":["post-56582","post","type-post","status-publish","format-standard","has-post-thumbnail","hentry","category-trabajo"],"jetpack_featured_media_url":"https:\/\/radiorevelacionfm.cl\/wp-content\/uploads\/2025\/07\/becas_laborales_0-1_optimized.jpg","_links":{"self":[{"href":"https:\/\/radiorevelacionfm.cl\/index.php?rest_route=\/wp\/v2\/posts\/56582","targetHints":{"allow":["GET"]}}],"collection":[{"href":"https:\/\/radiorevelacionfm.cl\/index.php?rest_route=\/wp\/v2\/posts"}],"about":[{"href":"https:\/\/radiorevelacionfm.cl\/index.php?rest_route=\/wp\/v2\/types\/post"}],"author":[{"embeddable":true,"href":"https:\/\/radiorevelacionfm.cl\/index.php?rest_route=\/wp\/v2\/users\/1"}],"replies":[{"embeddable":true,"href":"https:\/\/radiorevelacionfm.cl\/index.php?rest_route=%2Fwp%2Fv2%2Fcomments&post=56582"}],"version-history":[{"count":2,"href":"https:\/\/radiorevelacionfm.cl\/index.php?rest_route=\/wp\/v2\/posts\/56582\/revisions"}],"predecessor-version":[{"id":56608,"href":"https:\/\/radiorevelacionfm.cl\/index.php?rest_route=\/wp\/v2\/posts\/56582\/revisions\/56608"}],"wp:featuredmedia":[{"embeddable":true,"href":"https:\/\/radiorevelacionfm.cl\/index.php?rest_route=\/wp\/v2\/media\/56583"}],"wp:attachment":[{"href":"https:\/\/radiorevelacionfm.cl\/index.php?rest_route=%2Fwp%2Fv2%2Fmedia&parent=56582"}],"wp:term":[{"taxonomy":"category","embeddable":true,"href":"https:\/\/radiorevelacionfm.cl\/index.php?rest_route=%2Fwp%2Fv2%2Fcategories&post=56582"},{"taxonomy":"post_tag","embeddable":true,"href":"https:\/\/radiorevelacionfm.cl\/index.php?rest_route=%2Fwp%2Fv2%2Ftags&post=56582"}],"curies":[{"name":"wp","href":"https:\/\/api.w.org\/{rel}","templated":true}]}}