{"id":56579,"date":"2025-07-15T17:39:20","date_gmt":"2025-07-15T20:39:20","guid":{"rendered":"https:\/\/radiorevelacionfm.cl\/?p=56579"},"modified":"2025-07-15T17:39:20","modified_gmt":"2025-07-15T20:39:20","slug":"en-cochrane-abordan-prevencion-de-anemia-infecciosa-equina-junto-a-organizaciones-ecuestres","status":"publish","type":"post","link":"https:\/\/radiorevelacionfm.cl\/?p=56579","title":{"rendered":"En Cochrane abordan prevenci\u00f3n de anemia infecciosa equina junto a organizaciones ecuestres"},"content":{"rendered":"<div class=\"flex_column av_one_full  flex_column_div av-zero-column-padding first  avia-builder-el-0  el_before_av_one_full  avia-builder-el-first  \" style='border-radius:0px; '><div  class='avia-image-container  av-styling-    avia-builder-el-1  avia-builder-el-no-sibling  avia-align-center '  itemprop=\"image\" itemscope=\"itemscope\" itemtype=\"https:\/\/schema.org\/ImageObject\"  ><div class='avia-image-container-inner'><div class='avia-image-overlay-wrap'><img decoding=\"async\" class='wp-image-56580 avia-img-lazy-loading-not-56580 avia_image' src=\"https:\/\/radiorevelacionfm.cl\/wp-content\/uploads\/2025\/07\/municipio-de-cochrane-y-sag-abordan-prevenciOn-de-anemia-infecciosa-equina-junto-a-organizaciones-ecuestres-3-1_optimized.jpg\" alt='' title='municipio-de-cochrane-y-sag-abordan-prevenci\u00d3n-de-anemia-infecciosa-equina-junto-a-organizaciones-ecuestres-(3)-(1)_optimized' height=\"600\" width=\"900\"  itemprop=\"thumbnailUrl\" srcset=\"https:\/\/radiorevelacionfm.cl\/wp-content\/uploads\/2025\/07\/municipio-de-cochrane-y-sag-abordan-prevenciOn-de-anemia-infecciosa-equina-junto-a-organizaciones-ecuestres-3-1_optimized.jpg 900w, https:\/\/radiorevelacionfm.cl\/wp-content\/uploads\/2025\/07\/municipio-de-cochrane-y-sag-abordan-prevenciOn-de-anemia-infecciosa-equina-junto-a-organizaciones-ecuestres-3-1_optimized-300x200.jpg 300w, https:\/\/radiorevelacionfm.cl\/wp-content\/uploads\/2025\/07\/municipio-de-cochrane-y-sag-abordan-prevenciOn-de-anemia-infecciosa-equina-junto-a-organizaciones-ecuestres-3-1_optimized-768x512.jpg 768w, https:\/\/radiorevelacionfm.cl\/wp-content\/uploads\/2025\/07\/municipio-de-cochrane-y-sag-abordan-prevenciOn-de-anemia-infecciosa-equina-junto-a-organizaciones-ecuestres-3-1_optimized-705x470.jpg 705w, https:\/\/radiorevelacionfm.cl\/wp-content\/uploads\/2025\/07\/municipio-de-cochrane-y-sag-abordan-prevenciOn-de-anemia-infecciosa-equina-junto-a-organizaciones-ecuestres-3-1_optimized-450x300.jpg 450w, https:\/\/radiorevelacionfm.cl\/wp-content\/uploads\/2025\/07\/municipio-de-cochrane-y-sag-abordan-prevenciOn-de-anemia-infecciosa-equina-junto-a-organizaciones-ecuestres-3-1_optimized-600x400.jpg 600w\" sizes=\"(max-width: 900px) 100vw, 900px\" \/><\/div><\/div><\/div><\/div><div class=\"flex_column av_one_full  flex_column_div av-zero-column-padding first  avia-builder-el-2  el_after_av_one_full  el_before_av_one_full  column-top-margin\" style='border-radius:0px; '><section class=\"av_textblock_section \"  itemscope=\"itemscope\" itemtype=\"https:\/\/schema.org\/BlogPosting\" itemprop=\"blogPost\" ><div class='avia_textblock  '   itemprop=\"text\" ><p style=\"text-align: center;\"><strong><span style=\"font-size: 18pt;\">En Cochrane abordan prevenci\u00f3n de anemia infecciosa equina junto a organizaciones ecuestres<\/span><\/strong><\/p>\n<div id=\"gtx-trans\" style=\"position: absolute; left: -50px; top: 4.31534px;\">\n<div class=\"gtx-trans-icon\"><\/div>\n<\/div>\n<\/div><\/section><\/div><div class=\"flex_column av_one_full  flex_column_div av-zero-column-padding first  avia-builder-el-4  el_after_av_one_full  el_before_av_hr  column-top-margin\" style='border-radius:0px; '><section class=\"av_textblock_section \"  itemscope=\"itemscope\" itemtype=\"https:\/\/schema.org\/BlogPosting\" itemprop=\"blogPost\" ><div class='avia_textblock  '   itemprop=\"text\" ><p style=\"text-align: justify;\">Con el objetivo de prevenir la llegada de la Anemia Infecciosa Equina (AIE) a la regi\u00f3n de Ays\u00e9n, la Ilustre Municipalidad de Cochrane, en conjunto con el Servicio Agr\u00edcola y Ganadero (SAG) convoc\u00f3 a una importante jornada informativa dirigida a organizaciones del mundo ecuestre local con el fin de poner este tema en la mesa regional.<\/p>\n<p style=\"text-align: justify;\">La AIE es una enfermedad viral de alto riesgo que afecta a los equinos. Su transmisi\u00f3n en Chile est\u00e1 asociada, principalmente, al uso compartido de agujas, jeringas e instrumentos contaminados con sangre. El virus puede permanecer en el animal incluso sin mostrar s\u00edntomas, lo que lo convierte en portador y fuente de contagio.<\/p>\n<p style=\"text-align: justify;\">\u201cLa anemia infecciosa equina puede presentarse de forma aguda o cr\u00f3nica. Lo m\u00e1s complejo es que los animales, una vez infectados, pueden no mostrar s\u00edntomas, pero seguir siendo portadores. Por eso es fundamental eliminar malas pr\u00e1cticas como reutilizar jeringas o equipos en distintos ejemplares\u201d, explic\u00f3 Nicol\u00e1s Valdivieso Cariola, encargado regional de Protecci\u00f3n Pecuaria, SAG regi\u00f3n de Ays\u00e9n.<\/p>\n<p style=\"text-align: justify;\">\u201cEn Chile, la transmisi\u00f3n no ha sido por vectores como t\u00e1banos o mosquitos, sino por malas pr\u00e1cticas como reutilizaci\u00f3n de agujas. En este sentido, el trabajo conjunto con los tenedores de caballos es clave para mantener la condici\u00f3n de regi\u00f3n libre de esta enfermedad\u201d, agreg\u00f3.<\/p>\n<p style=\"text-align: justify;\">Actualmente no hay casos confirmados en la regi\u00f3n de Ays\u00e9n, pero s\u00ed se han detectado brotes en otras zonas del pa\u00eds, como Maule, \u00d1uble, Biob\u00edo, Metropolitana, La Araucan\u00eda, Los R\u00edos y Los Lagos. Ante esta situaci\u00f3n, el municipio tom\u00f3 la iniciativa de levantar el tema a nivel comunal y reforzar las medidas preventivas.<\/p>\n<p style=\"text-align: justify;\">\u201cQuisimos convocar a todas las organizaciones vinculadas al mundo equino, porque sabemos el valor que tienen los caballos en nuestra comuna, tanto como herramienta de trabajo como en actividades culturales y deportivas. Esta enfermedad es grave y puede significar la p\u00e9rdida del animal\u201d, expres\u00f3 el alcalde de Cochrane, Patricio Ulloa Georgia.<\/p>\n<p style=\"text-align: justify;\">\u201cEn nuestra regi\u00f3n, el caballo es parte del patrimonio rural. Por eso debemos actuar con responsabilidad, educar sobre s\u00edntomas y promover el uso de una jeringa por animal, el control de movimientos y la notificaci\u00f3n inmediata al SAG ante cualquier sospecha\u201d, a\u00f1adi\u00f3 la autoridad comunal.<\/p>\n<p style=\"text-align: justify;\">La jornada cont\u00f3 con la participaci\u00f3n de representantes del Club H\u00edpico de Cochrane, el Club de Rodeo Chileno de Cochrane, la Agrupaci\u00f3n Gaucha Refalosos del Baker y la Asociaci\u00f3n Gremial R\u00edo Baker, quienes valoraron la instancia y se comprometieron a difundir lo aprendido entre sus asociados.<\/p>\n<p style=\"text-align: justify;\">\u201cHab\u00eda mucha informaci\u00f3n confusa. Ahora qued\u00f3 claro lo que debemos hacer y c\u00f3mo actuar si se detectan casos. Como presidenta del Club H\u00edpico, voy a compartir esto con nuestros socios y la comunidad campesina\u201d, se\u00f1al\u00f3 Tatiana Troncoso Jerez.<\/p>\n<p style=\"text-align: justify;\">\u201cPara quienes practicamos rodeo, el caballo es lo primero. Tenemos protocolos estrictos como federaci\u00f3n, pero estas instancias nos permiten reforzar el cuidado y transmitirlo a todos quienes participan\u201d, coment\u00f3 Celso Gallardo Orellana , representante del Club de Rodeo Chileno de Cochrane.<\/p>\n<p style=\"text-align: justify;\">\u201cEsto no escapa a nuestra comuna. La vigilancia debe ser permanente, sobre todo ante movimientos de caballos desde otras regiones. Como campesinos, tenemos que estar informados y acudir al SAG ante cualquier duda\u201d, manifest\u00f3 Orland Mu\u00f1oz Catal\u00e1n, presidente de la AG R\u00edo Baker.<\/p>\n<p style=\"text-align: justify;\">\u201cOrganizamos jineteadas y actividades ecuestres. Nuestros animales son herramientas fundamentales. Por eso llamamos a todas las agrupaciones del territorio a mantenerse informadas y en contacto con el SAG\u201d, destac\u00f3 Jos\u00e9 Maldonado Rivera, presidente de la Agrupaci\u00f3n Gaucha Refalosos del Baker.<\/p>\n<p style=\"text-align: justify;\">Finalmente, el encargado de la Oficina Rural Municipal, Belisario Paredes Oyarzo, valor\u00f3 el compromiso de las organizaciones: \u201cDurante el a\u00f1o tenemos muchas actividades vinculadas a caballos. Este trabajo preventivo es fundamental para protegernos y evitar que esta enfermedad llegue a Cochrane. Las organizaciones quedaron claras respecto a los s\u00edntomas, formas de contagio y protocolos a seguir\u201d.<\/p>\n<p style=\"text-align: justify;\">El municipio continuar\u00e1 difundiendo material informativo y recuerda a todos los tenedores de equinos la importancia de usar siempre una aguja y jeringa nueva por animal, desinfectar correctamente los instrumentos y reportar cualquier signo sospechoso al SAG.<\/p>\n<\/div><\/section><\/div><div  style='height:50px' class='hr hr-invisible   avia-builder-el-6  el_after_av_one_full  el_before_av_social_share '><span class='hr-inner ' ><span class='hr-inner-style'><\/span><\/span><\/div><\/p>\n<div  class='av-social-sharing-box  avia-builder-el-7  el_after_av_hr  el_before_av_hr  '><div class='av-share-box'><h5 class='av-share-link-description av-no-toc '>Compartir esta noticia<\/h5><ul class='av-share-box-list noLightbox'><li class='av-share-link av-social-link-facebook' ><a target=\"_blank\" aria-label=\"Compartir en Facebook\" href='https:\/\/www.facebook.com\/sharer.php?u=https:\/\/radiorevelacionfm.cl\/?p=56579&#038;t=En%20Cochrane%20abordan%20prevenci%C3%B3n%20de%20anemia%20infecciosa%20equina%20junto%20a%20organizaciones%20ecuestres' aria-hidden='false' data-av_icon='\ue8f3' data-av_iconfont='entypo-fontello' title='' data-avia-related-tooltip='Compartir en Facebook' rel=\"noopener\"><span class='avia_hidden_link_text'>Compartir en Facebook<\/span><\/a><\/li><li class='av-share-link av-social-link-twitter' ><a target=\"_blank\" aria-label=\"Compartir en Twitter\" href='https:\/\/twitter.com\/share?text=En%20Cochrane%20abordan%20prevenci%C3%B3n%20de%20anemia%20infecciosa%20equina%20junto%20a%20organizaciones%20ecuestres&#038;url=https:\/\/radiorevelacionfm.cl\/?p=56579' aria-hidden='false' data-av_icon='\ue8f1' data-av_iconfont='entypo-fontello' title='' data-avia-related-tooltip='Compartir en Twitter' rel=\"noopener\"><span class='avia_hidden_link_text'>Compartir en Twitter<\/span><\/a><\/li><li class='av-share-link av-social-link-whatsapp' ><a target=\"_blank\" aria-label=\"Compartir en Whatsapp\" href='https:\/\/api.whatsapp.com\/send?text=https:\/\/radiorevelacionfm.cl\/?p=56579' aria-hidden='false' data-av_icon='\uf232' data-av_iconfont='entypo-fontello' title='' data-avia-related-tooltip='Compartir en Whatsapp' rel=\"noopener\"><span class='avia_hidden_link_text'>Compartir en Whatsapp<\/span><\/a><\/li><li class='av-share-link av-social-link-linkedin' ><a target=\"_blank\" aria-label=\"Compartir en LinkedIn\" href='https:\/\/linkedin.com\/shareArticle?mini=true&#038;title=En%20Cochrane%20abordan%20prevenci%C3%B3n%20de%20anemia%20infecciosa%20equina%20junto%20a%20organizaciones%20ecuestres&#038;url=https:\/\/radiorevelacionfm.cl\/?p=56579' aria-hidden='false' data-av_icon='\ue8fc' data-av_iconfont='entypo-fontello' title='' data-avia-related-tooltip='Compartir en LinkedIn' rel=\"noopener\"><span class='avia_hidden_link_text'>Compartir en LinkedIn<\/span><\/a><\/li><li class='av-share-link av-social-link-mail' ><a  aria-label=\"Compartir por correo\" href='mailto:?subject=En%20Cochrane%20abordan%20prevenci%C3%B3n%20de%20anemia%20infecciosa%20equina%20junto%20a%20organizaciones%20ecuestres&#038;body=https:\/\/radiorevelacionfm.cl\/?p=56579' aria-hidden='false' data-av_icon='\ue805' data-av_iconfont='entypo-fontello' title='' data-avia-related-tooltip='Compartir por correo'><span class='avia_hidden_link_text'>Compartir por correo<\/span><\/a><\/li><\/ul><\/div><\/div>\n<div  style='height:50px' class='hr hr-invisible   avia-builder-el-8  el_after_av_social_share  el_before_av_comments_list '><span class='hr-inner ' ><span class='hr-inner-style'><\/span><\/span><\/div>\n<div  class='av-buildercomment  av-blog-meta-html-info-disabled av-blog-meta-tag-disabled  '><\/div>\n","protected":false},"excerpt":{"rendered":"","protected":false},"author":1,"featured_media":56580,"comment_status":"closed","ping_status":"closed","sticky":false,"template":"","format":"standard","meta":{"footnotes":""},"categories":[38],"tags":[],"class_list":["post-56579","post","type-post","status-publish","format-standard","has-post-thumbnail","hentry","category-regional"],"jetpack_featured_media_url":"https:\/\/radiorevelacionfm.cl\/wp-content\/uploads\/2025\/07\/municipio-de-cochrane-y-sag-abordan-prevenciOn-de-anemia-infecciosa-equina-junto-a-organizaciones-ecuestres-3-1_optimized.jpg","_links":{"self":[{"href":"https:\/\/radiorevelacionfm.cl\/index.php?rest_route=\/wp\/v2\/posts\/56579","targetHints":{"allow":["GET"]}}],"collection":[{"href":"https:\/\/radiorevelacionfm.cl\/index.php?rest_route=\/wp\/v2\/posts"}],"about":[{"href":"https:\/\/radiorevelacionfm.cl\/index.php?rest_route=\/wp\/v2\/types\/post"}],"author":[{"embeddable":true,"href":"https:\/\/radiorevelacionfm.cl\/index.php?rest_route=\/wp\/v2\/users\/1"}],"replies":[{"embeddable":true,"href":"https:\/\/radiorevelacionfm.cl\/index.php?rest_route=%2Fwp%2Fv2%2Fcomments&post=56579"}],"version-history":[{"count":2,"href":"https:\/\/radiorevelacionfm.cl\/index.php?rest_route=\/wp\/v2\/posts\/56579\/revisions"}],"predecessor-version":[{"id":56598,"href":"https:\/\/radiorevelacionfm.cl\/index.php?rest_route=\/wp\/v2\/posts\/56579\/revisions\/56598"}],"wp:featuredmedia":[{"embeddable":true,"href":"https:\/\/radiorevelacionfm.cl\/index.php?rest_route=\/wp\/v2\/media\/56580"}],"wp:attachment":[{"href":"https:\/\/radiorevelacionfm.cl\/index.php?rest_route=%2Fwp%2Fv2%2Fmedia&parent=56579"}],"wp:term":[{"taxonomy":"category","embeddable":true,"href":"https:\/\/radiorevelacionfm.cl\/index.php?rest_route=%2Fwp%2Fv2%2Fcategories&post=56579"},{"taxonomy":"post_tag","embeddable":true,"href":"https:\/\/radiorevelacionfm.cl\/index.php?rest_route=%2Fwp%2Fv2%2Ftags&post=56579"}],"curies":[{"name":"wp","href":"https:\/\/api.w.org\/{rel}","templated":true}]}}