{"id":56576,"date":"2025-07-15T16:11:21","date_gmt":"2025-07-15T19:11:21","guid":{"rendered":"https:\/\/radiorevelacionfm.cl\/?p=56576"},"modified":"2025-07-15T16:11:21","modified_gmt":"2025-07-15T19:11:21","slug":"contaminacion-en-alto-manihuales-superintendencia-del-medio-ambiente-anuncia-formulacion-de-cargos-en-contra-de-minera-pacifico-del-sur","status":"publish","type":"post","link":"https:\/\/radiorevelacionfm.cl\/?p=56576","title":{"rendered":"Contaminaci\u00f3n en Alto Ma\u00f1ihuales: Superintendencia del Medio Ambiente anuncia formulaci\u00f3n de cargos en contra de Minera Pac\u00edfico del Sur"},"content":{"rendered":"<div class=\"flex_column av_one_full  flex_column_div av-zero-column-padding first  avia-builder-el-0  el_before_av_one_full  avia-builder-el-first  \" style='border-radius:0px; '><div  class='avia-image-container  av-styling-    avia-builder-el-1  avia-builder-el-no-sibling  avia-align-center '  itemprop=\"image\" itemscope=\"itemscope\" itemtype=\"https:\/\/schema.org\/ImageObject\"  ><div class='avia-image-container-inner'><div class='avia-image-overlay-wrap'><img decoding=\"async\" class='wp-image-56577 avia-img-lazy-loading-not-56577 avia_image' src=\"https:\/\/radiorevelacionfm.cl\/wp-content\/uploads\/2025\/07\/panoramica-reu-am-110725_optimized.jpg\" alt='' title='panor\u00e1mica-reu-am-110725_optimized' height=\"600\" width=\"1299\"  itemprop=\"thumbnailUrl\" srcset=\"https:\/\/radiorevelacionfm.cl\/wp-content\/uploads\/2025\/07\/panoramica-reu-am-110725_optimized.jpg 1299w, https:\/\/radiorevelacionfm.cl\/wp-content\/uploads\/2025\/07\/panoramica-reu-am-110725_optimized-300x139.jpg 300w, https:\/\/radiorevelacionfm.cl\/wp-content\/uploads\/2025\/07\/panoramica-reu-am-110725_optimized-1030x476.jpg 1030w, https:\/\/radiorevelacionfm.cl\/wp-content\/uploads\/2025\/07\/panoramica-reu-am-110725_optimized-768x355.jpg 768w, https:\/\/radiorevelacionfm.cl\/wp-content\/uploads\/2025\/07\/panoramica-reu-am-110725_optimized-705x326.jpg 705w, https:\/\/radiorevelacionfm.cl\/wp-content\/uploads\/2025\/07\/panoramica-reu-am-110725_optimized-450x208.jpg 450w, https:\/\/radiorevelacionfm.cl\/wp-content\/uploads\/2025\/07\/panoramica-reu-am-110725_optimized-600x277.jpg 600w\" sizes=\"(max-width: 1299px) 100vw, 1299px\" \/><\/div><\/div><\/div><\/div><div class=\"flex_column av_one_full  flex_column_div av-zero-column-padding first  avia-builder-el-2  el_after_av_one_full  el_before_av_one_full  column-top-margin\" style='border-radius:0px; '><section class=\"av_textblock_section \"  itemscope=\"itemscope\" itemtype=\"https:\/\/schema.org\/BlogPosting\" itemprop=\"blogPost\" ><div class='avia_textblock  '   itemprop=\"text\" ><p style=\"text-align: center;\"><strong><span style=\"font-size: 18pt;\">Contaminaci\u00f3n en Alto Ma\u00f1ihuales: Superintendencia del Medio Ambiente anuncia formulaci\u00f3n de cargos en contra de Minera Pac\u00edfico del Sur<\/span><\/strong><\/p>\n<div id=\"gtx-trans\" style=\"position: absolute; left: -50px; top: 4.31534px;\">\n<div class=\"gtx-trans-icon\"><\/div>\n<\/div>\n<\/div><\/section><\/div><div class=\"flex_column av_one_full  flex_column_div av-zero-column-padding first  avia-builder-el-4  el_after_av_one_full  el_before_av_hr  column-top-margin\" style='border-radius:0px; '><section class=\"av_textblock_section \"  itemscope=\"itemscope\" itemtype=\"https:\/\/schema.org\/BlogPosting\" itemprop=\"blogPost\" ><div class='avia_textblock  '   itemprop=\"text\" ><ul>\n<li dir=\"ltr\">\n<p dir=\"ltr\" style=\"text-align: justify;\" role=\"presentation\"><em>La formulaci\u00f3n de cargos es por incumplimiento que data del a\u00f1o 2020 y fue informada por la entidad fiscalizadora, en el marco de la realizaci\u00f3n de la segunda reuni\u00f3n de la mesa intersectorial, convocada por vecinos del sector y organizaciones socioambientales para abordar la contaminaci\u00f3n minera que afecta a la zona.<\/em><\/p>\n<\/li>\n<\/ul>\n<p dir=\"ltr\" style=\"text-align: justify;\">Un nuevo cap\u00edtulo se escribe en torno al conflicto minero que enfrenta la Sociedad Pac\u00edfico del Sur en la zona de Alto Ma\u00f1ihuales. Esta vez la Superintendencia del Medio Ambiente (SMA) anunci\u00f3, ante m\u00e1s de 50 participantes de la segunda reuni\u00f3n realizada este viernes 11 de julio en Villa Ma\u00f1ihuales, que iniciar\u00e1 el debido proceso sancionatorio en contra de la Sociedad Minera Pac\u00edfico del Sur SpA. por no cumplir con el Requerimiento de Ingreso al Sistema de Evaluaci\u00f3n de Impacto Ambiental, ordenada por la propia SMA en 2020.<\/p>\n<p dir=\"ltr\" style=\"text-align: justify;\">La petici\u00f3n data del\u00a07 de mayo de 2020 -Resoluci\u00f3n Exenta N\u00b0741- donde la Superintendencia le orden\u00f3 a la Sociedad Minera Pac\u00edfico del Sur SpA., propietaria de la Mina El Toqui, que ingrese el proyecto \u2018Crecimiento del Tranque de Relaves Confluencia\u2019 al Sistema de Evaluaci\u00f3n de Impacto Ambiental, bajo apercibimiento de sanci\u00f3n, considerando que el dep\u00f3sito de relaves duplica la capacidad autorizada en la Resoluci\u00f3n de Calificaci\u00f3n Ambiental N\u00b0331 de 2004\u00a0-con 5.863.662 toneladas y 2.284.455 toneladas autorizadas \u2013.<\/p>\n<p dir=\"ltr\" style=\"text-align: justify;\">La decisi\u00f3n fue celebrada con cautela por vecinas, vecinos y representantes de las organizaciones convocantes a esta mesa, entre ellas, Ma\u00f1\u00edos y Baguales, Corporaci\u00f3n Privada para el Desarrollo de Ays\u00e9n (CODESA), Red de Protecci\u00f3n y Defensa del Territorio Patagonia, y ONG Ecosistemas y FIMA. \u201cNos parece ciertamente muy necesario y urgente, que la Superintendencia del Medio Ambiente ejerza sus atribuciones y requiera, en este caso forzadamente, a Minera Pac\u00edfico del Sur el cumplimiento de la resoluci\u00f3n que en 2020 le requiri\u00f3 el ingreso del proyecto \u2018Crecimiento del Tranque de Relaves Confluencia\u2019 al Sistema de Evaluaci\u00f3n de Impacto Ambiental (&#8230;) aunque tard\u00f3 cinco a\u00f1os desde que fuera exigida por esta autoridad fiscalizadora\u201d, expres\u00f3 Erwin Sandoval Gallardo, presidente de CODESA; quien agreg\u00f3 \u201cEsperamos mayor celeridad en el actuar de nuestras autoridades regionales en un caso que debiera ser prioritario para todos, no solo estamos hablando de contaminaci\u00f3n ambiental por residuos mineros, sino que tambi\u00e9n estamos hablando de vulneraci\u00f3n a Derechos Humanos de habitantes del sector\u00bb.<\/p>\n<p dir=\"ltr\" style=\"text-align: justify;\">La reuni\u00f3n\u00a0cont\u00f3 con la participaci\u00f3n de diversas autoridades y sus equipos, entre ellas, el jefe de la Oficina Regional de la SMA, Oscar Leal; la directora regional de Sernageomin, Andrea Aguilar; el Director regional del Servicio Agr\u00edcola y Ganadero (SAG), Julio Cerda; el Director de la Direcci\u00f3n General de Aguas, H\u00e9ctor Cort\u00e9s; de la Divisi\u00f3n de Planificaci\u00f3n y Desarrollo regional (DIPLADE) del Gobierno Regional, P\u00eda Santelices; el Consejero Regional y presidente de la Comisi\u00f3n de Ciencia, Tecnolog\u00eda e Innovaci\u00f3n, Benjam\u00edn Infante. Junto a los SEREMIS de Salud Ays\u00e9n, Silvia Delf\u00edn; Medio Ambiente y Miner\u00eda (s), Yoal D\u00edaz; de Gobierno, \u00darsula Mix; de Justicia y Derechos Humanos, Samuel Navarro; Agricultura, Eugenio Ruiz; adem\u00e1s de la encargada del CECOSF de Villa Ma\u00f1ihuales, Laura Romero y el gerente de la Sociedad Pac\u00edfico del Sur SpA. Jos\u00e9 Quiroga.<\/p>\n<p dir=\"ltr\" style=\"text-align: justify;\">Nuevos acuerdos<\/p>\n<p dir=\"ltr\" style=\"text-align: justify;\">Parte de los compromisos adquiridos por las autoridades en esta nueva etapa del conflicto, que ser\u00e1n seguidas paso a paso por las y los asistentes a esta segunda cita fueron:<\/p>\n<p dir=\"ltr\" style=\"text-align: justify;\">SEREMI de Salud.<\/p>\n<p dir=\"ltr\" style=\"text-align: justify;\">Continuar con el muestreo y monitoreo de las fuentes de agua para consumo humano en la zona de influencia de la minera en Alto Ma\u00f1ihuales -10 casas muestreadas a la fecha en el radio de influencia directa del Tranque Confluencia-, y completar el censo sanitario de los hogares no catastrados en la zona -19 viviendas censadas a la fecha-. Requiri\u00e9ndose, desde la comunidad, ampliar la campa\u00f1a de monitoreo sobre aguas de consumo humano en puntos aguas abajo de la mina El Toqui; lo cual se viabilizar\u00e1 dependiendo de la obtenci\u00f3n de nuevos recursos por parte del servicio.<\/p>\n<p dir=\"ltr\" style=\"text-align: justify;\">Asimismo, implementar un buz\u00f3n en el CECOSF de Villa Ma\u00f1ihuales para recopilar casos de vecinos, ex trabajadores mineros, con antecedentes de silicosis u otras enfermedades profesionales; con el objeto de canalizar las antecedentes al Servicio de Salud Ays\u00e9n. Consider\u00e1ndose, adem\u00e1s, la capacitaci\u00f3n de personal de Servicio de Salud y de la Seremi de Salud con cursos de Toxicolog\u00eda Ambiental y Toxicolog\u00eda cl\u00ednica.<\/p>\n<p dir=\"ltr\" style=\"text-align: justify;\">Sin embargo, contin\u00faa pendiente la respuesta sobre la destinaci\u00f3n de recursos para un nuevo estudio epidemiol\u00f3gico para las y los vecinos de Alto Ma\u00f1ihuales, existiendo el compromiso de continuar gestionando recursos ante el Instituto de Salud P\u00fablica y la Subsecretar\u00eda de Salud.<\/p>\n<p dir=\"ltr\" style=\"text-align: justify;\">SEREMI de Medio Ambiente y (s) de Miner\u00eda; SERNAGEOM\u00cdN<\/p>\n<p dir=\"ltr\" style=\"text-align: justify;\">En la instancia, el SEREMI de Medio Ambiente &#8211; qui\u00e9n concurri\u00f3 a \u00e9sta, adem\u00e1s, como subrogante del SEREMI de Miner\u00eda- inform\u00f3 junto a la Directora Regional de SERNAGEOMIN, que actualmente trabajan en la conformaci\u00f3n de una Mesa T\u00e9cnico-Cient\u00edfica para abordar acciones tendientes a la actualizaci\u00f3n parcial del Plan de Cierre del yacimiento minero El Toqui. Esta actualizaci\u00f3n considera \u00fanicamente el cierre del Tranque de Relaves Confluencia al a\u00f1o 2027. Se acuerda transparentar este plan a las organizaciones y vecinos convocantes.<\/p>\n<p dir=\"ltr\" style=\"text-align: justify;\">Asimismo, dado el cuestionado incumplimiento del compromiso asumido por el SEREMI Yoal D\u00edaz el 23 de mayo pasado, se le requiri\u00f3 realizar las gestiones para que las organizaciones de la sociedad civil, convocantes de la mesa de trabajo sobre contaminaci\u00f3n minera, sean invitadas a la siguiente sesi\u00f3n de la Mesa P\u00fablico Privada de Geolog\u00eda y Miner\u00eda de la Regi\u00f3n de Ays\u00e9n y, adem\u00e1s, se considere la posibilidad de que un representante de \u00e9stas y de la comunidad local integren la reci\u00e9n conformada Mesa T\u00e9cnico-Cient\u00edfica sobre Alto Ma\u00f1ihuales.<\/p>\n<p dir=\"ltr\" style=\"text-align: justify;\">Direcci\u00f3n General de Aguas (DGA)<\/p>\n<p dir=\"ltr\" style=\"text-align: justify;\">En la reuni\u00f3n, el representante de la DGA inform\u00f3 que lograron comprometer recursos desde nivel nacional (en convenio con el Centro EULA, de la Universidad de Concepci\u00f3n), con el objeto de realizar muestreos de calidad de aguas en el \u00e1rea de influencia del yacimiento minero El Toqui. Muestreos que comenzar\u00e1n durante el mes de agosto de 2025 y alcanzar\u00e1n 10 focos en la zona de influencia de la mina El Toqui<\/p>\n<p dir=\"ltr\" style=\"text-align: justify;\">Desde los impulsores esta mesa de trabajo, advierten que \u201ca\u00fan no hay respuesta sobre los aspectos m\u00e1s sensibles para los vecinos y vecinas afectados por la contaminaci\u00f3n del yacimiento El Toqui, que es contar con recursos para nuevos muestreos de suelo, forraje, ganado y de sus propios organismos, que puedan determinar la presencia o afectaci\u00f3n por metales pesados. En ese punto, las autoridades siguen en deuda\u201d, se\u00f1al\u00f3 la representante de ONG Ecosistemas, Mitzi Urtubia Salinas.<\/p>\n<p dir=\"ltr\" style=\"text-align: justify;\">Participaron tambi\u00e9n los acad\u00e9micos del\u00a0Centro de Investigaci\u00f3n de Ecosistemas de la Patagonia (CIEP), Brian Reid y de la Universidad de Ays\u00e9n, el Dr. Aldo Villal\u00f3n. Este \u00faltimo present\u00f3 el resultado de\u00a0un reciente trabajo de investigaci\u00f3n (verano 2025) que\u00a0detect\u00f3 altos niveles de ars\u00e9nico en Estero San Antonio en Alto Ma\u00f1ihuales, que superan en m\u00e1s de 60 veces el l\u00edmite permitido para agua potable -seg\u00fan la norma NCh409\/1- y 12 veces el l\u00edmite m\u00e1ximo establecido para la descarga de residuos en aguas continentales superficiales -Decreto 90\/2001-.<\/p>\n<p dir=\"ltr\" style=\"text-align: justify;\">La pr\u00f3xima y tercera reuni\u00f3n de la mesa multisectorial para abordar la afectaci\u00f3n minera en la zona y realizar seguimiento a los compromisos y acciones comprometidas por los servicios p\u00fablicos competentes, se realizar\u00e1 en el mes de agosto. Ello, de acuerdo al calendario que establezcan en conjunto las vecinas, vecinos y autoridades convocadas a \u00e9sta; concordando, eso s\u00ed, en la importancia que esta nueva instancia de di\u00e1logo se realice en Alto Ma\u00f1ihuales para facilitar la participaci\u00f3n de la comunidad de la zona m\u00e1s directamente afectada.<\/p>\n<\/div><\/section><\/div><div  style='height:50px' class='hr hr-invisible   avia-builder-el-6  el_after_av_one_full  el_before_av_social_share '><span class='hr-inner ' ><span class='hr-inner-style'><\/span><\/span><\/div><\/p>\n<div  class='av-social-sharing-box  avia-builder-el-7  el_after_av_hr  el_before_av_hr  '><div class='av-share-box'><h5 class='av-share-link-description av-no-toc '>Compartir esta noticia<\/h5><ul class='av-share-box-list noLightbox'><li class='av-share-link av-social-link-facebook' ><a target=\"_blank\" aria-label=\"Compartir en Facebook\" href='https:\/\/www.facebook.com\/sharer.php?u=https:\/\/radiorevelacionfm.cl\/?p=56576&#038;t=Contaminaci%C3%B3n%20en%20Alto%20Ma%C3%B1ihuales%3A%20Superintendencia%20del%20Medio%20Ambiente%20anuncia%20formulaci%C3%B3n%20de%20cargos%20en%20contra%20de%20Minera%20Pac%C3%ADfico%20del%20Sur' aria-hidden='false' data-av_icon='\ue8f3' data-av_iconfont='entypo-fontello' title='' data-avia-related-tooltip='Compartir en Facebook' rel=\"noopener\"><span class='avia_hidden_link_text'>Compartir en Facebook<\/span><\/a><\/li><li class='av-share-link av-social-link-twitter' ><a target=\"_blank\" aria-label=\"Compartir en Twitter\" href='https:\/\/twitter.com\/share?text=Contaminaci%C3%B3n%20en%20Alto%20Ma%C3%B1ihuales%3A%20Superintendencia%20del%20Medio%20Ambiente%20anuncia%20formulaci%C3%B3n%20de%20cargos%20en%20contra%20de%20Minera%20Pac%C3%ADfico%20del%20Sur&#038;url=https:\/\/radiorevelacionfm.cl\/?p=56576' aria-hidden='false' data-av_icon='\ue8f1' data-av_iconfont='entypo-fontello' title='' data-avia-related-tooltip='Compartir en Twitter' rel=\"noopener\"><span class='avia_hidden_link_text'>Compartir en Twitter<\/span><\/a><\/li><li class='av-share-link av-social-link-whatsapp' ><a target=\"_blank\" aria-label=\"Compartir en Whatsapp\" href='https:\/\/api.whatsapp.com\/send?text=https:\/\/radiorevelacionfm.cl\/?p=56576' aria-hidden='false' data-av_icon='\uf232' data-av_iconfont='entypo-fontello' title='' data-avia-related-tooltip='Compartir en Whatsapp' rel=\"noopener\"><span class='avia_hidden_link_text'>Compartir en Whatsapp<\/span><\/a><\/li><li class='av-share-link av-social-link-linkedin' ><a target=\"_blank\" aria-label=\"Compartir en LinkedIn\" href='https:\/\/linkedin.com\/shareArticle?mini=true&#038;title=Contaminaci%C3%B3n%20en%20Alto%20Ma%C3%B1ihuales%3A%20Superintendencia%20del%20Medio%20Ambiente%20anuncia%20formulaci%C3%B3n%20de%20cargos%20en%20contra%20de%20Minera%20Pac%C3%ADfico%20del%20Sur&#038;url=https:\/\/radiorevelacionfm.cl\/?p=56576' aria-hidden='false' data-av_icon='\ue8fc' data-av_iconfont='entypo-fontello' title='' data-avia-related-tooltip='Compartir en LinkedIn' rel=\"noopener\"><span class='avia_hidden_link_text'>Compartir en LinkedIn<\/span><\/a><\/li><li class='av-share-link av-social-link-mail' ><a  aria-label=\"Compartir por correo\" href='mailto:?subject=Contaminaci%C3%B3n%20en%20Alto%20Ma%C3%B1ihuales%3A%20Superintendencia%20del%20Medio%20Ambiente%20anuncia%20formulaci%C3%B3n%20de%20cargos%20en%20contra%20de%20Minera%20Pac%C3%ADfico%20del%20Sur&#038;body=https:\/\/radiorevelacionfm.cl\/?p=56576' aria-hidden='false' data-av_icon='\ue805' data-av_iconfont='entypo-fontello' title='' data-avia-related-tooltip='Compartir por correo'><span class='avia_hidden_link_text'>Compartir por correo<\/span><\/a><\/li><\/ul><\/div><\/div>\n<div  style='height:50px' class='hr hr-invisible   avia-builder-el-8  el_after_av_social_share  el_before_av_comments_list '><span class='hr-inner ' ><span class='hr-inner-style'><\/span><\/span><\/div>\n<div  class='av-buildercomment  av-blog-meta-html-info-disabled av-blog-meta-tag-disabled  '><\/div>\n","protected":false},"excerpt":{"rendered":"","protected":false},"author":1,"featured_media":56577,"comment_status":"closed","ping_status":"closed","sticky":false,"template":"","format":"standard","meta":{"footnotes":""},"categories":[39],"tags":[],"class_list":["post-56576","post","type-post","status-publish","format-standard","has-post-thumbnail","hentry","category-medio-ambiente"],"jetpack_featured_media_url":"https:\/\/radiorevelacionfm.cl\/wp-content\/uploads\/2025\/07\/panoramica-reu-am-110725_optimized.jpg","_links":{"self":[{"href":"https:\/\/radiorevelacionfm.cl\/index.php?rest_route=\/wp\/v2\/posts\/56576","targetHints":{"allow":["GET"]}}],"collection":[{"href":"https:\/\/radiorevelacionfm.cl\/index.php?rest_route=\/wp\/v2\/posts"}],"about":[{"href":"https:\/\/radiorevelacionfm.cl\/index.php?rest_route=\/wp\/v2\/types\/post"}],"author":[{"embeddable":true,"href":"https:\/\/radiorevelacionfm.cl\/index.php?rest_route=\/wp\/v2\/users\/1"}],"replies":[{"embeddable":true,"href":"https:\/\/radiorevelacionfm.cl\/index.php?rest_route=%2Fwp%2Fv2%2Fcomments&post=56576"}],"version-history":[{"count":2,"href":"https:\/\/radiorevelacionfm.cl\/index.php?rest_route=\/wp\/v2\/posts\/56576\/revisions"}],"predecessor-version":[{"id":56588,"href":"https:\/\/radiorevelacionfm.cl\/index.php?rest_route=\/wp\/v2\/posts\/56576\/revisions\/56588"}],"wp:featuredmedia":[{"embeddable":true,"href":"https:\/\/radiorevelacionfm.cl\/index.php?rest_route=\/wp\/v2\/media\/56577"}],"wp:attachment":[{"href":"https:\/\/radiorevelacionfm.cl\/index.php?rest_route=%2Fwp%2Fv2%2Fmedia&parent=56576"}],"wp:term":[{"taxonomy":"category","embeddable":true,"href":"https:\/\/radiorevelacionfm.cl\/index.php?rest_route=%2Fwp%2Fv2%2Fcategories&post=56576"},{"taxonomy":"post_tag","embeddable":true,"href":"https:\/\/radiorevelacionfm.cl\/index.php?rest_route=%2Fwp%2Fv2%2Ftags&post=56576"}],"curies":[{"name":"wp","href":"https:\/\/api.w.org\/{rel}","templated":true}]}}