{"id":56571,"date":"2025-07-15T15:19:05","date_gmt":"2025-07-15T18:19:05","guid":{"rendered":"https:\/\/radiorevelacionfm.cl\/?p=56571"},"modified":"2025-07-15T15:19:05","modified_gmt":"2025-07-15T18:19:05","slug":"45-ninos-y-ninas-invierten-sus-vacaciones-en-los-talleres-de-la-agrupacion-polillas","status":"publish","type":"post","link":"https:\/\/radiorevelacionfm.cl\/?p=56571","title":{"rendered":"45 ni\u00f1os y ni\u00f1as invierten sus vacaciones en los talleres de la Agrupaci\u00f3n Polillas"},"content":{"rendered":"<div class=\"flex_column av_one_full  flex_column_div av-zero-column-padding first  avia-builder-el-0  el_before_av_one_full  avia-builder-el-first  \" style='border-radius:0px; '><div  class='avia-image-container  av-styling-    avia-builder-el-1  avia-builder-el-no-sibling  avia-align-center '  itemprop=\"image\" itemscope=\"itemscope\" itemtype=\"https:\/\/schema.org\/ImageObject\"  ><div class='avia-image-container-inner'><div class='avia-image-overlay-wrap'><img decoding=\"async\" class='wp-image-56572 avia-img-lazy-loading-not-56572 avia_image' src=\"https:\/\/radiorevelacionfm.cl\/wp-content\/uploads\/2025\/07\/polillas-2025-_15-2-1_optimized.jpg\" alt='' title='polillas-2025-_15-2-(1)_optimized' height=\"600\" width=\"900\"  itemprop=\"thumbnailUrl\" srcset=\"https:\/\/radiorevelacionfm.cl\/wp-content\/uploads\/2025\/07\/polillas-2025-_15-2-1_optimized.jpg 900w, https:\/\/radiorevelacionfm.cl\/wp-content\/uploads\/2025\/07\/polillas-2025-_15-2-1_optimized-300x200.jpg 300w, https:\/\/radiorevelacionfm.cl\/wp-content\/uploads\/2025\/07\/polillas-2025-_15-2-1_optimized-768x512.jpg 768w, https:\/\/radiorevelacionfm.cl\/wp-content\/uploads\/2025\/07\/polillas-2025-_15-2-1_optimized-705x470.jpg 705w, https:\/\/radiorevelacionfm.cl\/wp-content\/uploads\/2025\/07\/polillas-2025-_15-2-1_optimized-450x300.jpg 450w, https:\/\/radiorevelacionfm.cl\/wp-content\/uploads\/2025\/07\/polillas-2025-_15-2-1_optimized-600x400.jpg 600w\" sizes=\"(max-width: 900px) 100vw, 900px\" \/><\/div><\/div><\/div><\/div><div class=\"flex_column av_one_full  flex_column_div av-zero-column-padding first  avia-builder-el-2  el_after_av_one_full  el_before_av_one_full  column-top-margin\" style='border-radius:0px; '><section class=\"av_textblock_section \"  itemscope=\"itemscope\" itemtype=\"https:\/\/schema.org\/BlogPosting\" itemprop=\"blogPost\" ><div class='avia_textblock  '   itemprop=\"text\" ><p style=\"text-align: center;\"><span style=\"font-size: 18pt;\"><b>45 ni\u00f1os y ni\u00f1as invierten sus vacaciones en los talleres de la Agrupaci\u00f3n Polillas<\/b><\/span><\/p>\n<div id=\"gtx-trans\" style=\"position: absolute; left: -50px; top: 4.31534px;\">\n<div class=\"gtx-trans-icon\"><\/div>\n<\/div>\n<\/div><\/section><\/div><div class=\"flex_column av_one_full  flex_column_div av-zero-column-padding first  avia-builder-el-4  el_after_av_one_full  el_before_av_hr  column-top-margin\" style='border-radius:0px; '><section class=\"av_textblock_section \"  itemscope=\"itemscope\" itemtype=\"https:\/\/schema.org\/BlogPosting\" itemprop=\"blogPost\" ><div class='avia_textblock  '   itemprop=\"text\" ><p style=\"text-align: justify;\">Durante dos semanas, la Escuela de Artes y Culturas Urbanas Polillas dict\u00f3 6 talleres creativos gratuitos, primero en el Liceo de Villa Ma\u00f1ihuales y luego en el Liceo Polit\u00e9cnico de Puerto Ays\u00e9n.<\/p>\n<p style=\"text-align: justify;\">Se trata de la segunda edici\u00f3n de los talleres producidos por Cine Ojo Ays\u00e9n y la Agrupaci\u00f3n Polillas, y financiados por el Fondo de Desarrollo Cultural y las Artes del Ministerio de la Culturas, las Artes y el Patrimonio.<\/p>\n<p style=\"text-align: justify;\">Las disciplinas que se abordaron este a\u00f1o fueron Breakdance con Francisco Lempi; Ilustraci\u00f3n con Kari Garrido, Fotomontaje con Constanza Bulnes; Serigraf\u00eda con Jos\u00e9 Cuevas; Muralismo con Valeria Valenzuela (Monitos Vole) y Artesan\u00eda con Leila Nates.<\/p>\n<p style=\"text-align: justify;\">La cineasta Cynthia Ferrada est\u00e1 detr\u00e1s de esta iniciativa que por segundo a\u00f1o consecutivo se adjudica recursos de los Fondos de Cultura: \u201cQuiero destacar que estuvimos en el Liceo de Ma\u00f1ihuales, iniciamos las actividades con una capacitaci\u00f3n para nuestro equipo en torno a diversidades e inclusi\u00f3n, para estar m\u00e1s preparados para recibir a los ni\u00f1os, las ni\u00f1as y los j\u00f3venes. Luego empezamos con los talleres, todos simult\u00e1neamente. Estuvimos de lunes a viernes en dos jornadas y la recepci\u00f3n de la comunidad fue superpositiva. Esperan que se puede repetir m\u00e1s adelante. Todo terminaron contentos y contentas y el d\u00eda viernes hicimos una muestra final de todos los talleres donde se invit\u00f3 a la comunidad a ver lo que se hab\u00eda trabajado en cada taller\u201d\u00b7<\/p>\n<p style=\"text-align: justify;\">Renato particip\u00f3 en el taller de Serigraf\u00eda y dijo que le pareci\u00f3 \u201centretenido, una nueva experiencia, divertida. Me gustar\u00eda que se repitiesen los talleres, hicimos stencil y despu\u00e9s en los bastidores colocamos las im\u00e1genes\u201d.<\/p>\n<p style=\"text-align: justify;\">Para el seremi de Culturas Ays\u00e9n, Felipe Quiroz, se trata de \u201cproyectos culturales que han sido bien evaluados y han despertado el inter\u00e9s de vecinos y vecinas de localidades, fuera de Coyhaique, lo que implica un esfuerzo extra para descentralizar y democratizar los contenidos financiados por nuestros Fondos de Cultura. Para nuestro Gobierno esta es una de las estrategias principales para acercar la cultura a las localidades, para que todos los ni\u00f1os, las ni\u00f1as y los j\u00f3venes puedan acceder a talleres de calidad en los lugares que habitan. Polillas ha mostrado que es posible\u201d.<\/p>\n<p style=\"text-align: justify;\">Ra\u00fal Mancilla es padre de uno de los participantes: \u201cMe parece bien que los ni\u00f1os puedan disfrutar, pasar su tiempo libre de vacaciones, haciendo actividades recreativas, veo que hay harto para aprender y vi a varios que estaban entusiasmados con las poleras que ellos mismos hicieron; rescatable, porque iban aprendiendo cosas nuevas, cosas que eventualmente les van a servir\u201d.<\/p>\n<\/div><\/section><\/div><div  style='height:50px' class='hr hr-invisible   avia-builder-el-6  el_after_av_one_full  el_before_av_social_share '><span class='hr-inner ' ><span class='hr-inner-style'><\/span><\/span><\/div><\/p>\n<div  class='av-social-sharing-box  avia-builder-el-7  el_after_av_hr  el_before_av_hr  '><div class='av-share-box'><h5 class='av-share-link-description av-no-toc '>Compartir esta noticia<\/h5><ul class='av-share-box-list noLightbox'><li class='av-share-link av-social-link-facebook' ><a target=\"_blank\" aria-label=\"Compartir en Facebook\" href='https:\/\/www.facebook.com\/sharer.php?u=https:\/\/radiorevelacionfm.cl\/?p=56571&#038;t=45%20ni%C3%B1os%20y%20ni%C3%B1as%20invierten%20sus%20vacaciones%20en%20los%20talleres%20de%20la%20Agrupaci%C3%B3n%20Polillas' aria-hidden='false' data-av_icon='\ue8f3' data-av_iconfont='entypo-fontello' title='' data-avia-related-tooltip='Compartir en Facebook' rel=\"noopener\"><span class='avia_hidden_link_text'>Compartir en Facebook<\/span><\/a><\/li><li class='av-share-link av-social-link-twitter' ><a target=\"_blank\" aria-label=\"Compartir en Twitter\" href='https:\/\/twitter.com\/share?text=45%20ni%C3%B1os%20y%20ni%C3%B1as%20invierten%20sus%20vacaciones%20en%20los%20talleres%20de%20la%20Agrupaci%C3%B3n%20Polillas&#038;url=https:\/\/radiorevelacionfm.cl\/?p=56571' aria-hidden='false' data-av_icon='\ue8f1' data-av_iconfont='entypo-fontello' title='' data-avia-related-tooltip='Compartir en Twitter' rel=\"noopener\"><span class='avia_hidden_link_text'>Compartir en Twitter<\/span><\/a><\/li><li class='av-share-link av-social-link-whatsapp' ><a target=\"_blank\" aria-label=\"Compartir en Whatsapp\" href='https:\/\/api.whatsapp.com\/send?text=https:\/\/radiorevelacionfm.cl\/?p=56571' aria-hidden='false' data-av_icon='\uf232' data-av_iconfont='entypo-fontello' title='' data-avia-related-tooltip='Compartir en Whatsapp' rel=\"noopener\"><span class='avia_hidden_link_text'>Compartir en Whatsapp<\/span><\/a><\/li><li class='av-share-link av-social-link-linkedin' ><a target=\"_blank\" aria-label=\"Compartir en LinkedIn\" href='https:\/\/linkedin.com\/shareArticle?mini=true&#038;title=45%20ni%C3%B1os%20y%20ni%C3%B1as%20invierten%20sus%20vacaciones%20en%20los%20talleres%20de%20la%20Agrupaci%C3%B3n%20Polillas&#038;url=https:\/\/radiorevelacionfm.cl\/?p=56571' aria-hidden='false' data-av_icon='\ue8fc' data-av_iconfont='entypo-fontello' title='' data-avia-related-tooltip='Compartir en LinkedIn' rel=\"noopener\"><span class='avia_hidden_link_text'>Compartir en LinkedIn<\/span><\/a><\/li><li class='av-share-link av-social-link-mail' ><a  aria-label=\"Compartir por correo\" href='mailto:?subject=45%20ni%C3%B1os%20y%20ni%C3%B1as%20invierten%20sus%20vacaciones%20en%20los%20talleres%20de%20la%20Agrupaci%C3%B3n%20Polillas&#038;body=https:\/\/radiorevelacionfm.cl\/?p=56571' aria-hidden='false' data-av_icon='\ue805' data-av_iconfont='entypo-fontello' title='' data-avia-related-tooltip='Compartir por correo'><span class='avia_hidden_link_text'>Compartir por correo<\/span><\/a><\/li><\/ul><\/div><\/div>\n<div  style='height:50px' class='hr hr-invisible   avia-builder-el-8  el_after_av_social_share  el_before_av_comments_list '><span class='hr-inner ' ><span class='hr-inner-style'><\/span><\/span><\/div>\n<div  class='av-buildercomment  av-blog-meta-html-info-disabled av-blog-meta-tag-disabled  '><\/div>\n","protected":false},"excerpt":{"rendered":"","protected":false},"author":1,"featured_media":56572,"comment_status":"closed","ping_status":"closed","sticky":false,"template":"","format":"standard","meta":{"footnotes":""},"categories":[52],"tags":[],"class_list":["post-56571","post","type-post","status-publish","format-standard","has-post-thumbnail","hentry","category-cultura"],"jetpack_featured_media_url":"https:\/\/radiorevelacionfm.cl\/wp-content\/uploads\/2025\/07\/polillas-2025-_15-2-1_optimized.jpg","_links":{"self":[{"href":"https:\/\/radiorevelacionfm.cl\/index.php?rest_route=\/wp\/v2\/posts\/56571","targetHints":{"allow":["GET"]}}],"collection":[{"href":"https:\/\/radiorevelacionfm.cl\/index.php?rest_route=\/wp\/v2\/posts"}],"about":[{"href":"https:\/\/radiorevelacionfm.cl\/index.php?rest_route=\/wp\/v2\/types\/post"}],"author":[{"embeddable":true,"href":"https:\/\/radiorevelacionfm.cl\/index.php?rest_route=\/wp\/v2\/users\/1"}],"replies":[{"embeddable":true,"href":"https:\/\/radiorevelacionfm.cl\/index.php?rest_route=%2Fwp%2Fv2%2Fcomments&post=56571"}],"version-history":[{"count":2,"href":"https:\/\/radiorevelacionfm.cl\/index.php?rest_route=\/wp\/v2\/posts\/56571\/revisions"}],"predecessor-version":[{"id":56575,"href":"https:\/\/radiorevelacionfm.cl\/index.php?rest_route=\/wp\/v2\/posts\/56571\/revisions\/56575"}],"wp:featuredmedia":[{"embeddable":true,"href":"https:\/\/radiorevelacionfm.cl\/index.php?rest_route=\/wp\/v2\/media\/56572"}],"wp:attachment":[{"href":"https:\/\/radiorevelacionfm.cl\/index.php?rest_route=%2Fwp%2Fv2%2Fmedia&parent=56571"}],"wp:term":[{"taxonomy":"category","embeddable":true,"href":"https:\/\/radiorevelacionfm.cl\/index.php?rest_route=%2Fwp%2Fv2%2Fcategories&post=56571"},{"taxonomy":"post_tag","embeddable":true,"href":"https:\/\/radiorevelacionfm.cl\/index.php?rest_route=%2Fwp%2Fv2%2Ftags&post=56571"}],"curies":[{"name":"wp","href":"https:\/\/api.w.org\/{rel}","templated":true}]}}