{"id":56569,"date":"2025-07-15T15:09:24","date_gmt":"2025-07-15T18:09:24","guid":{"rendered":"https:\/\/radiorevelacionfm.cl\/?p=56569"},"modified":"2025-07-15T15:09:24","modified_gmt":"2025-07-15T18:09:24","slug":"en-prision-preventiva-imputado-por-trafico-de-marihuana-descubierto-en-puerto-cisnes","status":"publish","type":"post","link":"https:\/\/radiorevelacionfm.cl\/?p=56569","title":{"rendered":"En prisi\u00f3n preventiva imputado por tr\u00e1fico de marihuana descubierto en Puerto Cisnes"},"content":{"rendered":"<div class=\"flex_column av_one_full  flex_column_div av-zero-column-padding first  avia-builder-el-0  el_before_av_one_full  avia-builder-el-first  \" style='border-radius:0px; '><div  class='avia-image-container  av-styling-    avia-builder-el-1  avia-builder-el-no-sibling  avia-align-center '  itemprop=\"image\" itemscope=\"itemscope\" itemtype=\"https:\/\/schema.org\/ImageObject\"  ><div class='avia-image-container-inner'><div class='avia-image-overlay-wrap'><img decoding=\"async\" class='wp-image-43605 avia-img-lazy-loading-not-43605 avia_image' src=\"https:\/\/radiorevelacionfm.cl\/wp-content\/uploads\/2024\/06\/18-3-1-1.jpg\" alt='' title='18 (3) (1) (1)' height=\"600\" width=\"900\"  itemprop=\"thumbnailUrl\" srcset=\"https:\/\/radiorevelacionfm.cl\/wp-content\/uploads\/2024\/06\/18-3-1-1.jpg 900w, https:\/\/radiorevelacionfm.cl\/wp-content\/uploads\/2024\/06\/18-3-1-1-300x200.jpg 300w, https:\/\/radiorevelacionfm.cl\/wp-content\/uploads\/2024\/06\/18-3-1-1-768x512.jpg 768w, https:\/\/radiorevelacionfm.cl\/wp-content\/uploads\/2024\/06\/18-3-1-1-705x470.jpg 705w, https:\/\/radiorevelacionfm.cl\/wp-content\/uploads\/2024\/06\/18-3-1-1-450x300.jpg 450w, https:\/\/radiorevelacionfm.cl\/wp-content\/uploads\/2024\/06\/18-3-1-1-600x400.jpg 600w\" sizes=\"(max-width: 900px) 100vw, 900px\" \/><\/div><\/div><\/div><\/div><div class=\"flex_column av_one_full  flex_column_div av-zero-column-padding first  avia-builder-el-2  el_after_av_one_full  el_before_av_one_full  column-top-margin\" style='border-radius:0px; '><section class=\"av_textblock_section \"  itemscope=\"itemscope\" itemtype=\"https:\/\/schema.org\/BlogPosting\" itemprop=\"blogPost\" ><div class='avia_textblock  '   itemprop=\"text\" ><p style=\"text-align: center;\"><span style=\"font-size: 18pt;\"><b>En prisi\u00f3n preventiva imputado por tr\u00e1fico de marihuana descubierto en Puerto Cisnes<\/b><\/span><\/p>\n<div id=\"gtx-trans\" style=\"position: absolute; left: -50px; top: 4.31534px;\">\n<div class=\"gtx-trans-icon\"><\/div>\n<\/div>\n<\/div><\/section><\/div><div class=\"flex_column av_one_full  flex_column_div av-zero-column-padding first  avia-builder-el-4  el_after_av_one_full  el_before_av_hr  column-top-margin\" style='border-radius:0px; '><section class=\"av_textblock_section \"  itemscope=\"itemscope\" itemtype=\"https:\/\/schema.org\/BlogPosting\" itemprop=\"blogPost\" ><div class='avia_textblock  '   itemprop=\"text\" ><p style=\"font-weight: 400; text-align: justify;\"><em>\u201cEsta situaci\u00f3n qued\u00f3 de manifiesto el d\u00eda s\u00e1bado reci\u00e9n pasado al arribo de la barcaza de conectividad Jacaf, en el muelle artesanal de la localidad de Puerto Cisnes\u201d, explic\u00f3 el fiscal jefe de Ays\u00e9n-Cisnes, Pedro Poblete.<\/em><\/p>\n<p style=\"font-weight: 400; text-align: justify;\">Luego de un procedimiento efectuado por la Administraci\u00f3n de Aduana de Puerto Ays\u00e9n, junto a personal de la Armada de Chile, donde se incautaron 495,1 gramos de cannabis sativa, fue formalizado y puesto en prisi\u00f3n preventiva un imputado de 20 a\u00f1os, el cual fue descubierto al arribar en la barcaza Jacaf en Puerto Cisnes.<\/p>\n<p style=\"font-weight: 400; text-align: justify;\">El delito fue detectado por fiscalizadores de Aduanas, apoyados por el binomio gu\u00eda-can, quienes inspeccionaron las pertenencias de uno de los pasajeros que arrib\u00f3 a la regi\u00f3n desde Quell\u00f3n.<\/p>\n<p style=\"font-weight: 400; text-align: justify;\">Seg\u00fan explic\u00f3 el Fiscal jefe de Ays\u00e9n-Cisnes, Pedro Poblete, la Fiscal\u00eda formaliz\u00f3 una investigaci\u00f3n \u201cel d\u00eda domingo 13 de julio reci\u00e9n pasado, en contra de un sujeto chileno mayor de edad por su presunta participaci\u00f3n como autor de un delito de tr\u00e1fico il\u00edcito de drogas. Esta situaci\u00f3n qued\u00f3 de manifiesto el d\u00eda s\u00e1bado reci\u00e9n pasado al arribo de la barcaza de conectividad Jacaf, en el muelle artesanal de la localidad de Puerto Cisnes\u201d.<\/p>\n<p style=\"font-weight: 400; text-align: justify;\">El persecutor penal agreg\u00f3 que \u201cpersonal de Armada de Chile, en conjunto con el Servicio Nacional de Aduanas, procedieron a realizar la fiscalizaci\u00f3n de un pasajero quien portaba entre sus vestimentas una cantidad aproximada de 500 gramos de una sustancia vegetal que arroj\u00f3 coloraci\u00f3n positiva a la presencia de cannabinoles, raz\u00f3n por la cual se procedi\u00f3 a su detenci\u00f3n por el personal de la Armada de Chile y fue controlada la detenci\u00f3n el d\u00eda de ayer\u201d.<\/p>\n<p style=\"font-weight: 400; text-align: justify;\">Luego de la formalizaci\u00f3n de cargos, agreg\u00f3 el fiscal Poblete, \u201cse solicit\u00f3 la medida cautelar de prisi\u00f3n preventiva, la cual fue acogida por el Tribunal, disponi\u00e9ndose un plazo de investigaci\u00f3n de 60 d\u00edas para poder esclarecer los hechos\u201d.<\/p>\n<p style=\"font-weight: 400; text-align: justify;\">Las diligencias de este caso son coordinadas por la Unidad de Drogas de la Fiscal\u00eda Regional de Ays\u00e9n.<\/p>\n<p style=\"font-weight: 400; text-align: justify;\">En este procedimiento conjunto de Aduanas y personal de la Gobernaci\u00f3n Mar\u00edtima de Ays\u00e9n, se encontraron 15 paquetes en total, repartidos en distintas chaquetas del pasajero, con un peso total de 495,1 gramos de cannabis sativa.<\/p>\n<\/div><\/section><\/div><div  style='height:50px' class='hr hr-invisible   avia-builder-el-6  el_after_av_one_full  el_before_av_social_share '><span class='hr-inner ' ><span class='hr-inner-style'><\/span><\/span><\/div><\/p>\n<div  class='av-social-sharing-box  avia-builder-el-7  el_after_av_hr  el_before_av_hr  '><div class='av-share-box'><h5 class='av-share-link-description av-no-toc '>Compartir esta noticia<\/h5><ul class='av-share-box-list noLightbox'><li class='av-share-link av-social-link-facebook' ><a target=\"_blank\" aria-label=\"Compartir en Facebook\" href='https:\/\/www.facebook.com\/sharer.php?u=https:\/\/radiorevelacionfm.cl\/?p=56569&#038;t=En%20prisi%C3%B3n%20preventiva%20imputado%20por%20tr%C3%A1fico%20de%20marihuana%20descubierto%20en%20Puerto%20Cisnes' aria-hidden='false' data-av_icon='\ue8f3' data-av_iconfont='entypo-fontello' title='' data-avia-related-tooltip='Compartir en Facebook' rel=\"noopener\"><span class='avia_hidden_link_text'>Compartir en Facebook<\/span><\/a><\/li><li class='av-share-link av-social-link-twitter' ><a target=\"_blank\" aria-label=\"Compartir en Twitter\" href='https:\/\/twitter.com\/share?text=En%20prisi%C3%B3n%20preventiva%20imputado%20por%20tr%C3%A1fico%20de%20marihuana%20descubierto%20en%20Puerto%20Cisnes&#038;url=https:\/\/radiorevelacionfm.cl\/?p=56569' aria-hidden='false' data-av_icon='\ue8f1' data-av_iconfont='entypo-fontello' title='' data-avia-related-tooltip='Compartir en Twitter' rel=\"noopener\"><span class='avia_hidden_link_text'>Compartir en Twitter<\/span><\/a><\/li><li class='av-share-link av-social-link-whatsapp' ><a target=\"_blank\" aria-label=\"Compartir en Whatsapp\" href='https:\/\/api.whatsapp.com\/send?text=https:\/\/radiorevelacionfm.cl\/?p=56569' aria-hidden='false' data-av_icon='\uf232' data-av_iconfont='entypo-fontello' title='' data-avia-related-tooltip='Compartir en Whatsapp' rel=\"noopener\"><span class='avia_hidden_link_text'>Compartir en Whatsapp<\/span><\/a><\/li><li class='av-share-link av-social-link-linkedin' ><a target=\"_blank\" aria-label=\"Compartir en LinkedIn\" href='https:\/\/linkedin.com\/shareArticle?mini=true&#038;title=En%20prisi%C3%B3n%20preventiva%20imputado%20por%20tr%C3%A1fico%20de%20marihuana%20descubierto%20en%20Puerto%20Cisnes&#038;url=https:\/\/radiorevelacionfm.cl\/?p=56569' aria-hidden='false' data-av_icon='\ue8fc' data-av_iconfont='entypo-fontello' title='' data-avia-related-tooltip='Compartir en LinkedIn' rel=\"noopener\"><span class='avia_hidden_link_text'>Compartir en LinkedIn<\/span><\/a><\/li><li class='av-share-link av-social-link-mail' ><a  aria-label=\"Compartir por correo\" href='mailto:?subject=En%20prisi%C3%B3n%20preventiva%20imputado%20por%20tr%C3%A1fico%20de%20marihuana%20descubierto%20en%20Puerto%20Cisnes&#038;body=https:\/\/radiorevelacionfm.cl\/?p=56569' aria-hidden='false' data-av_icon='\ue805' data-av_iconfont='entypo-fontello' title='' data-avia-related-tooltip='Compartir por correo'><span class='avia_hidden_link_text'>Compartir por correo<\/span><\/a><\/li><\/ul><\/div><\/div>\n<div  style='height:50px' class='hr hr-invisible   avia-builder-el-8  el_after_av_social_share  el_before_av_comments_list '><span class='hr-inner ' ><span class='hr-inner-style'><\/span><\/span><\/div>\n<div  class='av-buildercomment  av-blog-meta-html-info-disabled av-blog-meta-tag-disabled  '><\/div>\n","protected":false},"excerpt":{"rendered":"","protected":false},"author":1,"featured_media":43605,"comment_status":"closed","ping_status":"closed","sticky":false,"template":"","format":"standard","meta":{"footnotes":""},"categories":[55],"tags":[],"class_list":["post-56569","post","type-post","status-publish","format-standard","has-post-thumbnail","hentry","category-justicia"],"jetpack_featured_media_url":"https:\/\/radiorevelacionfm.cl\/wp-content\/uploads\/2024\/06\/18-3-1-1.jpg","_links":{"self":[{"href":"https:\/\/radiorevelacionfm.cl\/index.php?rest_route=\/wp\/v2\/posts\/56569","targetHints":{"allow":["GET"]}}],"collection":[{"href":"https:\/\/radiorevelacionfm.cl\/index.php?rest_route=\/wp\/v2\/posts"}],"about":[{"href":"https:\/\/radiorevelacionfm.cl\/index.php?rest_route=\/wp\/v2\/types\/post"}],"author":[{"embeddable":true,"href":"https:\/\/radiorevelacionfm.cl\/index.php?rest_route=\/wp\/v2\/users\/1"}],"replies":[{"embeddable":true,"href":"https:\/\/radiorevelacionfm.cl\/index.php?rest_route=%2Fwp%2Fv2%2Fcomments&post=56569"}],"version-history":[{"count":2,"href":"https:\/\/radiorevelacionfm.cl\/index.php?rest_route=\/wp\/v2\/posts\/56569\/revisions"}],"predecessor-version":[{"id":56574,"href":"https:\/\/radiorevelacionfm.cl\/index.php?rest_route=\/wp\/v2\/posts\/56569\/revisions\/56574"}],"wp:featuredmedia":[{"embeddable":true,"href":"https:\/\/radiorevelacionfm.cl\/index.php?rest_route=\/wp\/v2\/media\/43605"}],"wp:attachment":[{"href":"https:\/\/radiorevelacionfm.cl\/index.php?rest_route=%2Fwp%2Fv2%2Fmedia&parent=56569"}],"wp:term":[{"taxonomy":"category","embeddable":true,"href":"https:\/\/radiorevelacionfm.cl\/index.php?rest_route=%2Fwp%2Fv2%2Fcategories&post=56569"},{"taxonomy":"post_tag","embeddable":true,"href":"https:\/\/radiorevelacionfm.cl\/index.php?rest_route=%2Fwp%2Fv2%2Ftags&post=56569"}],"curies":[{"name":"wp","href":"https:\/\/api.w.org\/{rel}","templated":true}]}}