{"id":56560,"date":"2025-07-15T13:09:21","date_gmt":"2025-07-15T16:09:21","guid":{"rendered":"https:\/\/radiorevelacionfm.cl\/?p=56560"},"modified":"2025-07-15T13:09:21","modified_gmt":"2025-07-15T16:09:21","slug":"villa-ohiggins-comite-villa-austral-avanza-en-su-proyecto-habitacional-con-apoyo-de-autoridades-regionales","status":"publish","type":"post","link":"https:\/\/radiorevelacionfm.cl\/?p=56560","title":{"rendered":"Villa O\u2019higgins: Comit\u00e9 Villa Austral avanza en su proyecto habitacional con apoyo de autoridades regionales"},"content":{"rendered":"<div class=\"flex_column av_one_full  flex_column_div av-zero-column-padding first  avia-builder-el-0  el_before_av_one_full  avia-builder-el-first  \" style='border-radius:0px; '><div  class='avia-image-container  av-styling-    avia-builder-el-1  avia-builder-el-no-sibling  avia-align-center '  itemprop=\"image\" itemscope=\"itemscope\" itemtype=\"https:\/\/schema.org\/ImageObject\"  ><div class='avia-image-container-inner'><div class='avia-image-overlay-wrap'><img decoding=\"async\" class='wp-image-56561 avia-img-lazy-loading-not-56561 avia_image' src=\"https:\/\/radiorevelacionfm.cl\/wp-content\/uploads\/2025\/07\/En-reunion-1-1.jpeg\" alt='' title='En reuni\u00f3n (1) (1)' height=\"600\" width=\"1070\"  itemprop=\"thumbnailUrl\" srcset=\"https:\/\/radiorevelacionfm.cl\/wp-content\/uploads\/2025\/07\/En-reunion-1-1.jpeg 1070w, https:\/\/radiorevelacionfm.cl\/wp-content\/uploads\/2025\/07\/En-reunion-1-1-300x168.jpeg 300w, https:\/\/radiorevelacionfm.cl\/wp-content\/uploads\/2025\/07\/En-reunion-1-1-1030x578.jpeg 1030w, https:\/\/radiorevelacionfm.cl\/wp-content\/uploads\/2025\/07\/En-reunion-1-1-768x431.jpeg 768w, https:\/\/radiorevelacionfm.cl\/wp-content\/uploads\/2025\/07\/En-reunion-1-1-705x395.jpeg 705w, https:\/\/radiorevelacionfm.cl\/wp-content\/uploads\/2025\/07\/En-reunion-1-1-450x252.jpeg 450w, https:\/\/radiorevelacionfm.cl\/wp-content\/uploads\/2025\/07\/En-reunion-1-1-600x336.jpeg 600w\" sizes=\"(max-width: 1070px) 100vw, 1070px\" \/><\/div><\/div><\/div><\/div><div class=\"flex_column av_one_full  flex_column_div av-zero-column-padding first  avia-builder-el-2  el_after_av_one_full  el_before_av_one_full  column-top-margin\" style='border-radius:0px; '><section class=\"av_textblock_section \"  itemscope=\"itemscope\" itemtype=\"https:\/\/schema.org\/BlogPosting\" itemprop=\"blogPost\" ><div class='avia_textblock  '   itemprop=\"text\" ><p style=\"text-align: center;\"><strong><span style=\"font-size: 18pt;\">Villa O\u2019higgins: Comit\u00e9 Villa Austral avanza en su proyecto habitacional con apoyo de autoridades regionales<\/span><\/strong><\/p>\n<div id=\"gtx-trans\" style=\"position: absolute; left: -50px; top: 4.31534px;\">\n<div class=\"gtx-trans-icon\"><\/div>\n<\/div>\n<\/div><\/section><\/div><div class=\"flex_column av_one_full  flex_column_div av-zero-column-padding first  avia-builder-el-4  el_after_av_one_full  el_before_av_hr  column-top-margin\" style='border-radius:0px; '><section class=\"av_textblock_section \"  itemscope=\"itemscope\" itemtype=\"https:\/\/schema.org\/BlogPosting\" itemprop=\"blogPost\" ><div class='avia_textblock  '   itemprop=\"text\" ><p style=\"text-align: justify;\">A fines de junio, en el marco de las acciones del Plan de Emergencia Habitacional en la Regi\u00f3n de Ays\u00e9n, la Seremi de Vivienda y Urbanismo, Paulina Ruz Delf\u00edn, se traslad\u00f3 hasta Villa O\u2019Higgins para participar en una jornada clave para las 40 familias que integran el comit\u00e9 Villa Austral.<\/p>\n<p style=\"text-align: justify;\">Durante el encuentro, realizado junto a la Municipalidad de O\u2019Higgins y la entidad de gesti\u00f3n rural, se present\u00f3 a las socias y socios del comit\u00e9 el dise\u00f1o de loteo habitacional que permitir\u00e1 avanzar hacia la materializaci\u00f3n de sus futuras viviendas. Esta instancia permiti\u00f3 a las familias conocer los modelos de vivienda propuestos y manifestar sus preferencias seg\u00fan sus necesidades.<\/p>\n<p style=\"text-align: justify;\">\u201cCuando nosotros decimos que el Plan de Emergencia Habitacional llega a todos los territorios de la regi\u00f3n de Ays\u00e9n, lo hacemos patente a trav\u00e9s de las visitas a terreno y el acompa\u00f1amiento directo a las familias. En febrero gestionamos junto a Bienes Nacionales y Serviu la cesi\u00f3n de un terreno donado por Carabineros para fines habitacionales, y hoy estamos cumpliendo el compromiso de estar presentes en este proceso, acompa\u00f1ando al comit\u00e9 Villa Austral en este paso clave\u201d, destac\u00f3 la Seremi Paulina Ruz.<\/p>\n<p style=\"text-align: justify;\">El terreno, entregado por Carabineros de Chile, es el primero a nivel nacional en ser donado con fines habitacionales, lo que representa un hito en la pol\u00edtica de acceso a la vivienda en zonas extremas.<\/p>\n<p style=\"text-align: justify;\">\u201cHoy tuvimos una reuni\u00f3n tipo taller participativo donde empezamos a ver d\u00f3nde van a ir las casas, d\u00f3nde se proyecta un parque, y ese tipo de informaci\u00f3n que para nosotros es s\u00faper importante. Que la Seremi est\u00e9 presente le da m\u00e1s relevancia al proyecto y permite que conozca nuestra realidad desde nuestro punto de vista\u201d, se\u00f1al\u00f3 Daniela Espinoza, presidenta del comit\u00e9.<\/p>\n<p style=\"text-align: justify;\">Adem\u00e1s, las autoridades compartieron buenas noticias respecto a los avances t\u00e9cnicos del proyecto, como los estudios topogr\u00e1ficos y de mec\u00e1nica de suelos, impulsados bajo el alero del Plan de Emergencia Habitacional. Estos hitos permiten continuar con los pasos necesarios para concretar el sue\u00f1o de la casa propia.<\/p>\n<p style=\"text-align: justify;\">\u201cCada avance da luz verde al proyecto. Ojal\u00e1 podamos estar dentro de la foto de la meta presidencial a fin de a\u00f1o\u201d, agreg\u00f3 entre risas Daniela Espinoza, reflejando el entusiasmo y esperanza de las familias.<\/p>\n<p style=\"text-align: justify;\">Actualmente, la Regi\u00f3n de Ays\u00e9n presenta un 98,1% de avance en el Plan de Emergencia Habitacional, una de las cifras m\u00e1s altas del pa\u00eds. Este tipo de iniciativas en zonas apartadas como Villa O\u2019Higgins dan cuenta del compromiso del Ministerio de Vivienda y Urbanismo por llegar a todos los territorios con soluciones concretas y con sentido de equidad.<\/p>\n<p style=\"text-align: justify;\">El compromiso del Minvu con el desarrollo habitacional en zonas aisladas sigue firme, trabajando con enfoque territorial, pertinencia social y acompa\u00f1amiento constante a las comunidades.<\/p>\n<\/div><\/section><\/div><div  style='height:50px' class='hr hr-invisible   avia-builder-el-6  el_after_av_one_full  el_before_av_social_share '><span class='hr-inner ' ><span class='hr-inner-style'><\/span><\/span><\/div><\/p>\n<div  class='av-social-sharing-box  avia-builder-el-7  el_after_av_hr  el_before_av_hr  '><div class='av-share-box'><h5 class='av-share-link-description av-no-toc '>Compartir esta noticia<\/h5><ul class='av-share-box-list noLightbox'><li class='av-share-link av-social-link-facebook' ><a target=\"_blank\" aria-label=\"Compartir en Facebook\" href='https:\/\/www.facebook.com\/sharer.php?u=https:\/\/radiorevelacionfm.cl\/?p=56560&#038;t=Villa%20O%E2%80%99higgins%3A%20Comit%C3%A9%20Villa%20Austral%20avanza%20en%20su%20proyecto%20habitacional%20con%20apoyo%20de%20autoridades%20regionales' aria-hidden='false' data-av_icon='\ue8f3' data-av_iconfont='entypo-fontello' title='' data-avia-related-tooltip='Compartir en Facebook' rel=\"noopener\"><span class='avia_hidden_link_text'>Compartir en Facebook<\/span><\/a><\/li><li class='av-share-link av-social-link-twitter' ><a target=\"_blank\" aria-label=\"Compartir en Twitter\" href='https:\/\/twitter.com\/share?text=Villa%20O%E2%80%99higgins%3A%20Comit%C3%A9%20Villa%20Austral%20avanza%20en%20su%20proyecto%20habitacional%20con%20apoyo%20de%20autoridades%20regionales&#038;url=https:\/\/radiorevelacionfm.cl\/?p=56560' aria-hidden='false' data-av_icon='\ue8f1' data-av_iconfont='entypo-fontello' title='' data-avia-related-tooltip='Compartir en Twitter' rel=\"noopener\"><span class='avia_hidden_link_text'>Compartir en Twitter<\/span><\/a><\/li><li class='av-share-link av-social-link-whatsapp' ><a target=\"_blank\" aria-label=\"Compartir en Whatsapp\" href='https:\/\/api.whatsapp.com\/send?text=https:\/\/radiorevelacionfm.cl\/?p=56560' aria-hidden='false' data-av_icon='\uf232' data-av_iconfont='entypo-fontello' title='' data-avia-related-tooltip='Compartir en Whatsapp' rel=\"noopener\"><span class='avia_hidden_link_text'>Compartir en Whatsapp<\/span><\/a><\/li><li class='av-share-link av-social-link-linkedin' ><a target=\"_blank\" aria-label=\"Compartir en LinkedIn\" href='https:\/\/linkedin.com\/shareArticle?mini=true&#038;title=Villa%20O%E2%80%99higgins%3A%20Comit%C3%A9%20Villa%20Austral%20avanza%20en%20su%20proyecto%20habitacional%20con%20apoyo%20de%20autoridades%20regionales&#038;url=https:\/\/radiorevelacionfm.cl\/?p=56560' aria-hidden='false' data-av_icon='\ue8fc' data-av_iconfont='entypo-fontello' title='' data-avia-related-tooltip='Compartir en LinkedIn' rel=\"noopener\"><span class='avia_hidden_link_text'>Compartir en LinkedIn<\/span><\/a><\/li><li class='av-share-link av-social-link-mail' ><a  aria-label=\"Compartir por correo\" href='mailto:?subject=Villa%20O%E2%80%99higgins%3A%20Comit%C3%A9%20Villa%20Austral%20avanza%20en%20su%20proyecto%20habitacional%20con%20apoyo%20de%20autoridades%20regionales&#038;body=https:\/\/radiorevelacionfm.cl\/?p=56560' aria-hidden='false' data-av_icon='\ue805' data-av_iconfont='entypo-fontello' title='' data-avia-related-tooltip='Compartir por correo'><span class='avia_hidden_link_text'>Compartir por correo<\/span><\/a><\/li><\/ul><\/div><\/div>\n<div  style='height:50px' class='hr hr-invisible   avia-builder-el-8  el_after_av_social_share  el_before_av_comments_list '><span class='hr-inner ' ><span class='hr-inner-style'><\/span><\/span><\/div>\n<div  class='av-buildercomment  av-blog-meta-html-info-disabled av-blog-meta-tag-disabled  '><\/div>\n","protected":false},"excerpt":{"rendered":"","protected":false},"author":1,"featured_media":56561,"comment_status":"closed","ping_status":"closed","sticky":false,"template":"","format":"standard","meta":{"footnotes":""},"categories":[57],"tags":[],"class_list":["post-56560","post","type-post","status-publish","format-standard","has-post-thumbnail","hentry","category-vivienda"],"jetpack_featured_media_url":"https:\/\/radiorevelacionfm.cl\/wp-content\/uploads\/2025\/07\/En-reunion-1-1.jpeg","_links":{"self":[{"href":"https:\/\/radiorevelacionfm.cl\/index.php?rest_route=\/wp\/v2\/posts\/56560","targetHints":{"allow":["GET"]}}],"collection":[{"href":"https:\/\/radiorevelacionfm.cl\/index.php?rest_route=\/wp\/v2\/posts"}],"about":[{"href":"https:\/\/radiorevelacionfm.cl\/index.php?rest_route=\/wp\/v2\/types\/post"}],"author":[{"embeddable":true,"href":"https:\/\/radiorevelacionfm.cl\/index.php?rest_route=\/wp\/v2\/users\/1"}],"replies":[{"embeddable":true,"href":"https:\/\/radiorevelacionfm.cl\/index.php?rest_route=%2Fwp%2Fv2%2Fcomments&post=56560"}],"version-history":[{"count":2,"href":"https:\/\/radiorevelacionfm.cl\/index.php?rest_route=\/wp\/v2\/posts\/56560\/revisions"}],"predecessor-version":[{"id":56568,"href":"https:\/\/radiorevelacionfm.cl\/index.php?rest_route=\/wp\/v2\/posts\/56560\/revisions\/56568"}],"wp:featuredmedia":[{"embeddable":true,"href":"https:\/\/radiorevelacionfm.cl\/index.php?rest_route=\/wp\/v2\/media\/56561"}],"wp:attachment":[{"href":"https:\/\/radiorevelacionfm.cl\/index.php?rest_route=%2Fwp%2Fv2%2Fmedia&parent=56560"}],"wp:term":[{"taxonomy":"category","embeddable":true,"href":"https:\/\/radiorevelacionfm.cl\/index.php?rest_route=%2Fwp%2Fv2%2Fcategories&post=56560"},{"taxonomy":"post_tag","embeddable":true,"href":"https:\/\/radiorevelacionfm.cl\/index.php?rest_route=%2Fwp%2Fv2%2Ftags&post=56560"}],"curies":[{"name":"wp","href":"https:\/\/api.w.org\/{rel}","templated":true}]}}