{"id":56557,"date":"2025-07-15T11:17:39","date_gmt":"2025-07-15T14:17:39","guid":{"rendered":"https:\/\/radiorevelacionfm.cl\/?p=56557"},"modified":"2025-07-15T11:17:39","modified_gmt":"2025-07-15T14:17:39","slug":"cochrane-se-convierte-en-la-primera-comuna-de-la-region-aysen-en-contar-con-plan-de-accion-comunal-de-cambio-climatico-paccc","status":"publish","type":"post","link":"https:\/\/radiorevelacionfm.cl\/?p=56557","title":{"rendered":"Cochrane se convierte en la primera comuna de la regi\u00f3n Ays\u00e9n en contar con Plan de Acci\u00f3n Comunal de Cambio Clim\u00e1tico (PACCC)"},"content":{"rendered":"<div class=\"flex_column av_one_full  flex_column_div av-zero-column-padding first  avia-builder-el-0  el_before_av_one_full  avia-builder-el-first  \" style='border-radius:0px; '><div  class='avia-image-container  av-styling-    avia-builder-el-1  avia-builder-el-no-sibling  avia-align-center '  itemprop=\"image\" itemscope=\"itemscope\" itemtype=\"https:\/\/schema.org\/ImageObject\"  ><div class='avia-image-container-inner'><div class='avia-image-overlay-wrap'><img decoding=\"async\" class='wp-image-56558 avia-img-lazy-loading-not-56558 avia_image' src=\"https:\/\/radiorevelacionfm.cl\/wp-content\/uploads\/2025\/07\/plan-de-accion-cambio-climatico-comunal_cochrane-1-1_optimized.jpeg\" alt='' title='plan-de-accion-cambio-climatico-comunal_cochrane-(1)-(1)_optimized' height=\"600\" width=\"901\"  itemprop=\"thumbnailUrl\" srcset=\"https:\/\/radiorevelacionfm.cl\/wp-content\/uploads\/2025\/07\/plan-de-accion-cambio-climatico-comunal_cochrane-1-1_optimized.jpeg 901w, https:\/\/radiorevelacionfm.cl\/wp-content\/uploads\/2025\/07\/plan-de-accion-cambio-climatico-comunal_cochrane-1-1_optimized-300x200.jpeg 300w, https:\/\/radiorevelacionfm.cl\/wp-content\/uploads\/2025\/07\/plan-de-accion-cambio-climatico-comunal_cochrane-1-1_optimized-768x511.jpeg 768w, https:\/\/radiorevelacionfm.cl\/wp-content\/uploads\/2025\/07\/plan-de-accion-cambio-climatico-comunal_cochrane-1-1_optimized-705x469.jpeg 705w, https:\/\/radiorevelacionfm.cl\/wp-content\/uploads\/2025\/07\/plan-de-accion-cambio-climatico-comunal_cochrane-1-1_optimized-450x300.jpeg 450w, https:\/\/radiorevelacionfm.cl\/wp-content\/uploads\/2025\/07\/plan-de-accion-cambio-climatico-comunal_cochrane-1-1_optimized-600x400.jpeg 600w\" sizes=\"(max-width: 901px) 100vw, 901px\" \/><\/div><\/div><\/div><\/div><div class=\"flex_column av_one_full  flex_column_div av-zero-column-padding first  avia-builder-el-2  el_after_av_one_full  el_before_av_one_full  column-top-margin\" style='border-radius:0px; '><section class=\"av_textblock_section \"  itemscope=\"itemscope\" itemtype=\"https:\/\/schema.org\/BlogPosting\" itemprop=\"blogPost\" ><div class='avia_textblock  '   itemprop=\"text\" ><p style=\"text-align: center;\"><strong><span style=\"font-size: 18pt;\">Cochrane se convierte en la primera comuna de la regi\u00f3n Ays\u00e9n en contar con Plan de Acci\u00f3n Comunal de Cambio Clim\u00e1tico (PACCC)<\/span><\/strong><\/p>\n<div id=\"gtx-trans\" style=\"position: absolute; left: -50px; top: 4.31534px;\">\n<div class=\"gtx-trans-icon\"><\/div>\n<\/div>\n<\/div><\/section><\/div><div class=\"flex_column av_one_full  flex_column_div av-zero-column-padding first  avia-builder-el-4  el_after_av_one_full  el_before_av_hr  column-top-margin\" style='border-radius:0px; '><section class=\"av_textblock_section \"  itemscope=\"itemscope\" itemtype=\"https:\/\/schema.org\/BlogPosting\" itemprop=\"blogPost\" ><div class='avia_textblock  '   itemprop=\"text\" ><p style=\"text-align: justify;\">En una jornada hist\u00f3rica para la comuna, la Ilustre Municipalidad de Cochrane, en coordinaci\u00f3n con la Secretar\u00eda Regional Ministerial de Medio Ambiente de Ays\u00e9n, present\u00f3 oficialmente el Plan de Acci\u00f3n Comunal de Cambio Clim\u00e1tico (PACCC), transform\u00e1ndose en la primera comuna de la regi\u00f3n en contar con este instrumento estrat\u00e9gico en el marco de la Ley Marco de Cambio Clim\u00e1tico.<\/p>\n<p style=\"text-align: justify;\">El PACCC, elaborado con participaci\u00f3n ciudadana y enfoque territorial, establece medidas concretas de adaptaci\u00f3n y mitigaci\u00f3n frente al cambio clim\u00e1tico, abordando amenazas como incendios forestales, sequ\u00edas, retroceso de glaciares y eventos extremos que ya afectan a la comunidad local.<\/p>\n<p style=\"text-align: justify;\">Alcalde Patricio Ulloa Georgia destac\u00f3 el car\u00e1cter colaborativo de este logro: \u201cQuiero destacar el trabajo coordinado con el Ministerio del Medio Ambiente. Este plan no es solo un mandato legal, es una herramienta de planificaci\u00f3n con acciones concretas para anticiparnos a lo que ya vivimos, como el gran incendio de 2019. Agradezco al equipo municipal, al concejo comunal y a la SEREMI por su compromiso y orientaci\u00f3n para contar hoy con este instrumento que tiene una proyecci\u00f3n de diez a\u00f1os. Nos sentimos orgullosos porque este trabajo es para servir mejor a nuestra comunidad\u201d.<\/p>\n<p style=\"text-align: justify;\">Por su parte, la SEREMI de Medio Ambiente, Yoal D\u00edaz Reyes, valor\u00f3 el liderazgo comunal: \u201cEstamos haciendo historia. Cochrane es la primera comuna de Ays\u00e9n en contar con su Plan de Acci\u00f3n Comunal de Cambio Clim\u00e1tico. Este instrumento viene a reforzar lo que ya venimos trabajando a nivel regional y es un ejemplo para otras comunas. Agradecemos el compromiso del alcalde y su equipo, porque no solo se habla de cambio clim\u00e1tico, aqu\u00ed se acciona, y eso es clave para avanzar hacia una gesti\u00f3n clim\u00e1tica efectiva en el territorio\u201d.<\/p>\n<p style=\"text-align: justify;\">El documento, elaborado por Ingenier\u00eda Sustentable SpA, contempla un cronograma de implementaci\u00f3n en el corto, mediano y largo plazo, incorporando l\u00edneas de acci\u00f3n como eficiencia energ\u00e9tica, protecci\u00f3n de ecosistemas, educaci\u00f3n ambiental, gesti\u00f3n h\u00eddrica y promoci\u00f3n de energ\u00edas limpias. Su aprobaci\u00f3n un\u00e1nime por parte del Concejo Municipal de Cochrane refuerza el compromiso transversal de la comuna con la sostenibilidad.<\/p>\n<p style=\"text-align: justify;\">La Municipalidad de Cochrane reafirma as\u00ed su compromiso con el desarrollo sustentable, impulsando acciones concretas y liderando a nivel regional en la lucha contra el cambio clim\u00e1tico.<\/p>\n<\/div><\/section><\/div><div  style='height:50px' class='hr hr-invisible   avia-builder-el-6  el_after_av_one_full  el_before_av_social_share '><span class='hr-inner ' ><span class='hr-inner-style'><\/span><\/span><\/div><\/p>\n<div  class='av-social-sharing-box  avia-builder-el-7  el_after_av_hr  el_before_av_hr  '><div class='av-share-box'><h5 class='av-share-link-description av-no-toc '>Compartir esta noticia<\/h5><ul class='av-share-box-list noLightbox'><li class='av-share-link av-social-link-facebook' ><a target=\"_blank\" aria-label=\"Compartir en Facebook\" href='https:\/\/www.facebook.com\/sharer.php?u=https:\/\/radiorevelacionfm.cl\/?p=56557&#038;t=Cochrane%20se%20convierte%20en%20la%20primera%20comuna%20de%20la%20regi%C3%B3n%20Ays%C3%A9n%20en%20contar%20con%20Plan%20de%20Acci%C3%B3n%20Comunal%20de%20Cambio%20Clim%C3%A1tico%20%28PACCC%29' aria-hidden='false' data-av_icon='\ue8f3' data-av_iconfont='entypo-fontello' title='' data-avia-related-tooltip='Compartir en Facebook' rel=\"noopener\"><span class='avia_hidden_link_text'>Compartir en Facebook<\/span><\/a><\/li><li class='av-share-link av-social-link-twitter' ><a target=\"_blank\" aria-label=\"Compartir en Twitter\" href='https:\/\/twitter.com\/share?text=Cochrane%20se%20convierte%20en%20la%20primera%20comuna%20de%20la%20regi%C3%B3n%20Ays%C3%A9n%20en%20contar%20con%20Plan%20de%20Acci%C3%B3n%20Comunal%20de%20Cambio%20Clim%C3%A1tico%20%28PACCC%29&#038;url=https:\/\/radiorevelacionfm.cl\/?p=56557' aria-hidden='false' data-av_icon='\ue8f1' data-av_iconfont='entypo-fontello' title='' data-avia-related-tooltip='Compartir en Twitter' rel=\"noopener\"><span class='avia_hidden_link_text'>Compartir en Twitter<\/span><\/a><\/li><li class='av-share-link av-social-link-whatsapp' ><a target=\"_blank\" aria-label=\"Compartir en Whatsapp\" href='https:\/\/api.whatsapp.com\/send?text=https:\/\/radiorevelacionfm.cl\/?p=56557' aria-hidden='false' data-av_icon='\uf232' data-av_iconfont='entypo-fontello' title='' data-avia-related-tooltip='Compartir en Whatsapp' rel=\"noopener\"><span class='avia_hidden_link_text'>Compartir en Whatsapp<\/span><\/a><\/li><li class='av-share-link av-social-link-linkedin' ><a target=\"_blank\" aria-label=\"Compartir en LinkedIn\" href='https:\/\/linkedin.com\/shareArticle?mini=true&#038;title=Cochrane%20se%20convierte%20en%20la%20primera%20comuna%20de%20la%20regi%C3%B3n%20Ays%C3%A9n%20en%20contar%20con%20Plan%20de%20Acci%C3%B3n%20Comunal%20de%20Cambio%20Clim%C3%A1tico%20%28PACCC%29&#038;url=https:\/\/radiorevelacionfm.cl\/?p=56557' aria-hidden='false' data-av_icon='\ue8fc' data-av_iconfont='entypo-fontello' title='' data-avia-related-tooltip='Compartir en LinkedIn' rel=\"noopener\"><span class='avia_hidden_link_text'>Compartir en LinkedIn<\/span><\/a><\/li><li class='av-share-link av-social-link-mail' ><a  aria-label=\"Compartir por correo\" href='mailto:?subject=Cochrane%20se%20convierte%20en%20la%20primera%20comuna%20de%20la%20regi%C3%B3n%20Ays%C3%A9n%20en%20contar%20con%20Plan%20de%20Acci%C3%B3n%20Comunal%20de%20Cambio%20Clim%C3%A1tico%20%28PACCC%29&#038;body=https:\/\/radiorevelacionfm.cl\/?p=56557' aria-hidden='false' data-av_icon='\ue805' data-av_iconfont='entypo-fontello' title='' data-avia-related-tooltip='Compartir por correo'><span class='avia_hidden_link_text'>Compartir por correo<\/span><\/a><\/li><\/ul><\/div><\/div>\n<div  style='height:50px' class='hr hr-invisible   avia-builder-el-8  el_after_av_social_share  el_before_av_comments_list '><span class='hr-inner ' ><span class='hr-inner-style'><\/span><\/span><\/div>\n<div  class='av-buildercomment  av-blog-meta-html-info-disabled av-blog-meta-tag-disabled  '><\/div>\n","protected":false},"excerpt":{"rendered":"","protected":false},"author":1,"featured_media":56558,"comment_status":"closed","ping_status":"closed","sticky":false,"template":"","format":"standard","meta":{"footnotes":""},"categories":[38],"tags":[],"class_list":["post-56557","post","type-post","status-publish","format-standard","has-post-thumbnail","hentry","category-regional"],"jetpack_featured_media_url":"https:\/\/radiorevelacionfm.cl\/wp-content\/uploads\/2025\/07\/plan-de-accion-cambio-climatico-comunal_cochrane-1-1_optimized.jpeg","_links":{"self":[{"href":"https:\/\/radiorevelacionfm.cl\/index.php?rest_route=\/wp\/v2\/posts\/56557","targetHints":{"allow":["GET"]}}],"collection":[{"href":"https:\/\/radiorevelacionfm.cl\/index.php?rest_route=\/wp\/v2\/posts"}],"about":[{"href":"https:\/\/radiorevelacionfm.cl\/index.php?rest_route=\/wp\/v2\/types\/post"}],"author":[{"embeddable":true,"href":"https:\/\/radiorevelacionfm.cl\/index.php?rest_route=\/wp\/v2\/users\/1"}],"replies":[{"embeddable":true,"href":"https:\/\/radiorevelacionfm.cl\/index.php?rest_route=%2Fwp%2Fv2%2Fcomments&post=56557"}],"version-history":[{"count":2,"href":"https:\/\/radiorevelacionfm.cl\/index.php?rest_route=\/wp\/v2\/posts\/56557\/revisions"}],"predecessor-version":[{"id":56563,"href":"https:\/\/radiorevelacionfm.cl\/index.php?rest_route=\/wp\/v2\/posts\/56557\/revisions\/56563"}],"wp:featuredmedia":[{"embeddable":true,"href":"https:\/\/radiorevelacionfm.cl\/index.php?rest_route=\/wp\/v2\/media\/56558"}],"wp:attachment":[{"href":"https:\/\/radiorevelacionfm.cl\/index.php?rest_route=%2Fwp%2Fv2%2Fmedia&parent=56557"}],"wp:term":[{"taxonomy":"category","embeddable":true,"href":"https:\/\/radiorevelacionfm.cl\/index.php?rest_route=%2Fwp%2Fv2%2Fcategories&post=56557"},{"taxonomy":"post_tag","embeddable":true,"href":"https:\/\/radiorevelacionfm.cl\/index.php?rest_route=%2Fwp%2Fv2%2Ftags&post=56557"}],"curies":[{"name":"wp","href":"https:\/\/api.w.org\/{rel}","templated":true}]}}