{"id":56552,"date":"2025-07-15T10:32:58","date_gmt":"2025-07-15T13:32:58","guid":{"rendered":"https:\/\/radiorevelacionfm.cl\/?p=56552"},"modified":"2025-07-15T10:32:58","modified_gmt":"2025-07-15T13:32:58","slug":"estudiantes-de-inacap-ponen-a-prueba-sus-conocimientos-con-desafio-propuesto-por-edelaysen","status":"publish","type":"post","link":"https:\/\/radiorevelacionfm.cl\/?p=56552","title":{"rendered":"Estudiantes de Inacap ponen a prueba sus conocimientos con desaf\u00edo propuesto por Edelaysen"},"content":{"rendered":"<div class=\"flex_column av_one_full  flex_column_div av-zero-column-padding first  avia-builder-el-0  el_before_av_one_full  avia-builder-el-first  \" style='border-radius:0px; '><div  class='avia-image-container  av-styling-    avia-builder-el-1  avia-builder-el-no-sibling  avia-align-center '  itemprop=\"image\" itemscope=\"itemscope\" itemtype=\"https:\/\/schema.org\/ImageObject\"  ><div class='avia-image-container-inner'><div class='avia-image-overlay-wrap'><img decoding=\"async\" class='wp-image-56553 avia-img-lazy-loading-not-56553 avia_image' src=\"https:\/\/radiorevelacionfm.cl\/wp-content\/uploads\/2025\/07\/15.07.2025-Jovenes-con-energia-2-1-1.jpeg\" alt='' title='15.07.2025 Jovenes con energ\u00eda (2) (1) (1)' height=\"600\" width=\"800\"  itemprop=\"thumbnailUrl\" srcset=\"https:\/\/radiorevelacionfm.cl\/wp-content\/uploads\/2025\/07\/15.07.2025-Jovenes-con-energia-2-1-1.jpeg 800w, https:\/\/radiorevelacionfm.cl\/wp-content\/uploads\/2025\/07\/15.07.2025-Jovenes-con-energia-2-1-1-300x225.jpeg 300w, https:\/\/radiorevelacionfm.cl\/wp-content\/uploads\/2025\/07\/15.07.2025-Jovenes-con-energia-2-1-1-768x576.jpeg 768w, https:\/\/radiorevelacionfm.cl\/wp-content\/uploads\/2025\/07\/15.07.2025-Jovenes-con-energia-2-1-1-705x529.jpeg 705w, https:\/\/radiorevelacionfm.cl\/wp-content\/uploads\/2025\/07\/15.07.2025-Jovenes-con-energia-2-1-1-450x338.jpeg 450w, https:\/\/radiorevelacionfm.cl\/wp-content\/uploads\/2025\/07\/15.07.2025-Jovenes-con-energia-2-1-1-600x450.jpeg 600w\" sizes=\"(max-width: 800px) 100vw, 800px\" \/><\/div><\/div><\/div><\/div><div class=\"flex_column av_one_full  flex_column_div av-zero-column-padding first  avia-builder-el-2  el_after_av_one_full  el_before_av_one_full  column-top-margin\" style='border-radius:0px; '><section class=\"av_textblock_section \"  itemscope=\"itemscope\" itemtype=\"https:\/\/schema.org\/BlogPosting\" itemprop=\"blogPost\" ><div class='avia_textblock  '   itemprop=\"text\" ><p style=\"text-align: center;\"><strong><span style=\"font-size: 18pt;\">Estudiantes de Inacap ponen a prueba sus conocimientos con desaf\u00edo propuesto por Edelaysen<\/span><\/strong><\/p>\n<div id=\"gtx-trans\" style=\"position: absolute; left: -50px; top: 4.31534px;\">\n<div class=\"gtx-trans-icon\"><\/div>\n<\/div>\n<\/div><\/section><\/div><div class=\"flex_column av_one_full  flex_column_div av-zero-column-padding first  avia-builder-el-4  el_after_av_one_full  el_before_av_hr  column-top-margin\" style='border-radius:0px; '><section class=\"av_textblock_section \"  itemscope=\"itemscope\" itemtype=\"https:\/\/schema.org\/BlogPosting\" itemprop=\"blogPost\" ><div class='avia_textblock  '   itemprop=\"text\" ><p style=\"text-align: justify;\"><em>La el\u00e9ctrica participa de una competencia con estudiantes de segundo a\u00f1o de la carrera de Administraci\u00f3n de Empresas quienes van a proponer respuestas para resolver una problem\u00e1tica real, como parte de su proceso acad\u00e9mico.<\/em><\/p>\n<p style=\"text-align: justify;\">En el marco del convenio colaborativo entre Edelaysen e Inacap, la empresa el\u00e9ctrica realiz\u00f3 una visita a la casa de estudios para reunirse con los estudiantes del tercer semestre de la especialidad de Administraci\u00f3n de Empresas, instancia en la que compartieron detalles sobre el funcionamiento de la empresa, su rol en la regi\u00f3n y los desaf\u00edos actuales de su operaci\u00f3n.<\/p>\n<p style=\"text-align: justify;\">Durante el encuentro, los equipos de Edelaysen presentaron una problem\u00e1tica real vinculada a uno de sus procesos internos, con el objetivo de que los estudiantes, guiados por sus docentes, desarrollen propuestas de soluci\u00f3n aplicando los conocimientos adquiridos en su formaci\u00f3n.<\/p>\n<p style=\"text-align: justify;\">Para Joel Amthauer, docente de la asignatura de Innovaci\u00f3n y Emprendimiento de Inacap Coyhaique la actividad fue valiosamente positiva, tanto para los alumnos como para la casa de estudios, destacando qu\u00e9: \u201cEl proceso comenz\u00f3 con la identificaci\u00f3n de oportunidades de mejora. Posteriormente, idearon propuestas de soluci\u00f3n, construyeron prototipos, realizaron testeos y, finalmente, presentan sus proyectos finales. Esta experiencia ha sido sumamente enriquecedora, ya que permite a los estudiantes aplicar herramientas de innovaci\u00f3n enfrent\u00e1ndose a problem\u00e1ticas reales del entorno empresarial\u201d.<\/p>\n<p style=\"text-align: justify;\">Esta actividad se enmarca en la metodolog\u00eda de aprendizaje basado en proyectos API (Aprendizaje Integrado al sector Productivo y de Servicios) promovida por Inacap, y contempla la participaci\u00f3n de profesionales de Edelaysen en las etapas de evaluaci\u00f3n retroalimentaci\u00f3n y validaci\u00f3n de las propuestas, aportando una mirada pr\u00e1ctica y alineada con la realidad del sector energ\u00e9tico.<\/p>\n<p style=\"text-align: justify;\">De esta manera, Roberto Pe\u00f1a, ejecutivo de Edelaysen destac\u00f3 que: \u201cNos alegra poder vincularnos de esta manera con los futuros profesionales de la regi\u00f3n, integr\u00e1ndolos en experiencias concretas y desafi\u00e1ndolos a pensar en soluciones reales. Esta alianza con Inacap nos permite aportar al desarrollo del talento local y al mismo tiempo enriquecer nuestros procesos internos con nuevas miradas\u201d.<\/p>\n<p style=\"text-align: justify;\">De esta manera, los estudiantes contin\u00faan trabajando en sus propuestas, las cuales van avanzando en su desarrollo tras cada evaluaci\u00f3n realizada por su docente, quedando para el examen final el resultado de la mejor idea.<\/p>\n<\/div><\/section><\/div><div  style='height:50px' class='hr hr-invisible   avia-builder-el-6  el_after_av_one_full  el_before_av_social_share '><span class='hr-inner ' ><span class='hr-inner-style'><\/span><\/span><\/div><\/p>\n<div  class='av-social-sharing-box  avia-builder-el-7  el_after_av_hr  el_before_av_hr  '><div class='av-share-box'><h5 class='av-share-link-description av-no-toc '>Compartir esta noticia<\/h5><ul class='av-share-box-list noLightbox'><li class='av-share-link av-social-link-facebook' ><a target=\"_blank\" aria-label=\"Compartir en Facebook\" href='https:\/\/www.facebook.com\/sharer.php?u=https:\/\/radiorevelacionfm.cl\/?p=56552&#038;t=Estudiantes%20de%20Inacap%20ponen%20a%20prueba%20sus%20conocimientos%20con%20desaf%C3%ADo%20propuesto%20por%20Edelaysen' aria-hidden='false' data-av_icon='\ue8f3' data-av_iconfont='entypo-fontello' title='' data-avia-related-tooltip='Compartir en Facebook' rel=\"noopener\"><span class='avia_hidden_link_text'>Compartir en Facebook<\/span><\/a><\/li><li class='av-share-link av-social-link-twitter' ><a target=\"_blank\" aria-label=\"Compartir en Twitter\" href='https:\/\/twitter.com\/share?text=Estudiantes%20de%20Inacap%20ponen%20a%20prueba%20sus%20conocimientos%20con%20desaf%C3%ADo%20propuesto%20por%20Edelaysen&#038;url=https:\/\/radiorevelacionfm.cl\/?p=56552' aria-hidden='false' data-av_icon='\ue8f1' data-av_iconfont='entypo-fontello' title='' data-avia-related-tooltip='Compartir en Twitter' rel=\"noopener\"><span class='avia_hidden_link_text'>Compartir en Twitter<\/span><\/a><\/li><li class='av-share-link av-social-link-whatsapp' ><a target=\"_blank\" aria-label=\"Compartir en Whatsapp\" href='https:\/\/api.whatsapp.com\/send?text=https:\/\/radiorevelacionfm.cl\/?p=56552' aria-hidden='false' data-av_icon='\uf232' data-av_iconfont='entypo-fontello' title='' data-avia-related-tooltip='Compartir en Whatsapp' rel=\"noopener\"><span class='avia_hidden_link_text'>Compartir en Whatsapp<\/span><\/a><\/li><li class='av-share-link av-social-link-linkedin' ><a target=\"_blank\" aria-label=\"Compartir en LinkedIn\" href='https:\/\/linkedin.com\/shareArticle?mini=true&#038;title=Estudiantes%20de%20Inacap%20ponen%20a%20prueba%20sus%20conocimientos%20con%20desaf%C3%ADo%20propuesto%20por%20Edelaysen&#038;url=https:\/\/radiorevelacionfm.cl\/?p=56552' aria-hidden='false' data-av_icon='\ue8fc' data-av_iconfont='entypo-fontello' title='' data-avia-related-tooltip='Compartir en LinkedIn' rel=\"noopener\"><span class='avia_hidden_link_text'>Compartir en LinkedIn<\/span><\/a><\/li><li class='av-share-link av-social-link-mail' ><a  aria-label=\"Compartir por correo\" href='mailto:?subject=Estudiantes%20de%20Inacap%20ponen%20a%20prueba%20sus%20conocimientos%20con%20desaf%C3%ADo%20propuesto%20por%20Edelaysen&#038;body=https:\/\/radiorevelacionfm.cl\/?p=56552' aria-hidden='false' data-av_icon='\ue805' data-av_iconfont='entypo-fontello' title='' data-avia-related-tooltip='Compartir por correo'><span class='avia_hidden_link_text'>Compartir por correo<\/span><\/a><\/li><\/ul><\/div><\/div>\n<div  style='height:50px' class='hr hr-invisible   avia-builder-el-8  el_after_av_social_share  el_before_av_comments_list '><span class='hr-inner ' ><span class='hr-inner-style'><\/span><\/span><\/div>\n<div  class='av-buildercomment  av-blog-meta-html-info-disabled av-blog-meta-tag-disabled  '><\/div>\n","protected":false},"excerpt":{"rendered":"","protected":false},"author":1,"featured_media":56553,"comment_status":"closed","ping_status":"closed","sticky":false,"template":"","format":"standard","meta":{"footnotes":""},"categories":[38],"tags":[],"class_list":["post-56552","post","type-post","status-publish","format-standard","has-post-thumbnail","hentry","category-regional"],"jetpack_featured_media_url":"https:\/\/radiorevelacionfm.cl\/wp-content\/uploads\/2025\/07\/15.07.2025-Jovenes-con-energia-2-1-1.jpeg","_links":{"self":[{"href":"https:\/\/radiorevelacionfm.cl\/index.php?rest_route=\/wp\/v2\/posts\/56552","targetHints":{"allow":["GET"]}}],"collection":[{"href":"https:\/\/radiorevelacionfm.cl\/index.php?rest_route=\/wp\/v2\/posts"}],"about":[{"href":"https:\/\/radiorevelacionfm.cl\/index.php?rest_route=\/wp\/v2\/types\/post"}],"author":[{"embeddable":true,"href":"https:\/\/radiorevelacionfm.cl\/index.php?rest_route=\/wp\/v2\/users\/1"}],"replies":[{"embeddable":true,"href":"https:\/\/radiorevelacionfm.cl\/index.php?rest_route=%2Fwp%2Fv2%2Fcomments&post=56552"}],"version-history":[{"count":2,"href":"https:\/\/radiorevelacionfm.cl\/index.php?rest_route=\/wp\/v2\/posts\/56552\/revisions"}],"predecessor-version":[{"id":56555,"href":"https:\/\/radiorevelacionfm.cl\/index.php?rest_route=\/wp\/v2\/posts\/56552\/revisions\/56555"}],"wp:featuredmedia":[{"embeddable":true,"href":"https:\/\/radiorevelacionfm.cl\/index.php?rest_route=\/wp\/v2\/media\/56553"}],"wp:attachment":[{"href":"https:\/\/radiorevelacionfm.cl\/index.php?rest_route=%2Fwp%2Fv2%2Fmedia&parent=56552"}],"wp:term":[{"taxonomy":"category","embeddable":true,"href":"https:\/\/radiorevelacionfm.cl\/index.php?rest_route=%2Fwp%2Fv2%2Fcategories&post=56552"},{"taxonomy":"post_tag","embeddable":true,"href":"https:\/\/radiorevelacionfm.cl\/index.php?rest_route=%2Fwp%2Fv2%2Ftags&post=56552"}],"curies":[{"name":"wp","href":"https:\/\/api.w.org\/{rel}","templated":true}]}}