{"id":56548,"date":"2025-07-15T10:21:18","date_gmt":"2025-07-15T13:21:18","guid":{"rendered":"https:\/\/radiorevelacionfm.cl\/?p=56548"},"modified":"2025-07-15T10:21:18","modified_gmt":"2025-07-15T13:21:18","slug":"indap-invita-a-campesinas-y-campesinos-de-aysen-a-postular-a-la-expo-mundo-rural-2025-a-realizarse-en-santiago","status":"publish","type":"post","link":"https:\/\/radiorevelacionfm.cl\/?p=56548","title":{"rendered":"Indap invita a campesinas y campesinos de Ays\u00e9n a postular a la Expo Mundo Rural 2025 a realizarse en Santiago"},"content":{"rendered":"<div class=\"flex_column av_one_full  flex_column_div av-zero-column-padding first  avia-builder-el-0  el_before_av_one_full  avia-builder-el-first  \" style='border-radius:0px; '><div  class='avia-image-container  av-styling-    avia-builder-el-1  avia-builder-el-no-sibling  avia-align-center '  itemprop=\"image\" itemscope=\"itemscope\" itemtype=\"https:\/\/schema.org\/ImageObject\"  ><div class='avia-image-container-inner'><div class='avia-image-overlay-wrap'><img decoding=\"async\" class='wp-image-56549 avia-img-lazy-loading-not-56549 avia_image' src=\"https:\/\/radiorevelacionfm.cl\/wp-content\/uploads\/2025\/07\/28_0-1-1_optimized-1.jpg\" alt='' title='28_0-(1)-(1)_optimized (1)' height=\"600\" width=\"993\"  itemprop=\"thumbnailUrl\" srcset=\"https:\/\/radiorevelacionfm.cl\/wp-content\/uploads\/2025\/07\/28_0-1-1_optimized-1.jpg 993w, https:\/\/radiorevelacionfm.cl\/wp-content\/uploads\/2025\/07\/28_0-1-1_optimized-1-300x181.jpg 300w, https:\/\/radiorevelacionfm.cl\/wp-content\/uploads\/2025\/07\/28_0-1-1_optimized-1-768x464.jpg 768w, https:\/\/radiorevelacionfm.cl\/wp-content\/uploads\/2025\/07\/28_0-1-1_optimized-1-705x426.jpg 705w, https:\/\/radiorevelacionfm.cl\/wp-content\/uploads\/2025\/07\/28_0-1-1_optimized-1-450x272.jpg 450w, https:\/\/radiorevelacionfm.cl\/wp-content\/uploads\/2025\/07\/28_0-1-1_optimized-1-600x363.jpg 600w\" sizes=\"(max-width: 993px) 100vw, 993px\" \/><\/div><\/div><\/div><\/div><div class=\"flex_column av_one_full  flex_column_div av-zero-column-padding first  avia-builder-el-2  el_after_av_one_full  el_before_av_one_full  column-top-margin\" style='border-radius:0px; '><section class=\"av_textblock_section \"  itemscope=\"itemscope\" itemtype=\"https:\/\/schema.org\/BlogPosting\" itemprop=\"blogPost\" ><div class='avia_textblock  '   itemprop=\"text\" ><p style=\"text-align: center;\"><strong><span style=\"font-size: 18pt;\">Indap invita a campesinas y campesinos de Ays\u00e9n a postular a la Expo Mundo Rural 2025 a realizarse en Santiago<\/span><\/strong><\/p>\n<div id=\"gtx-trans\" style=\"position: absolute; left: -50px; top: 4.31534px;\">\n<div class=\"gtx-trans-icon\"><\/div>\n<\/div>\n<\/div><\/section><\/div><div class=\"flex_column av_one_full  flex_column_div av-zero-column-padding first  avia-builder-el-4  el_after_av_one_full  el_before_av_hr  column-top-margin\" style='border-radius:0px; '><section class=\"av_textblock_section \"  itemscope=\"itemscope\" itemtype=\"https:\/\/schema.org\/BlogPosting\" itemprop=\"blogPost\" ><div class='avia_textblock  '   itemprop=\"text\" ><p style=\"text-align: justify;\">INDAP Ays\u00e9n del Ministerio de Agricultura invita a las usuarias y usuarios de la regi\u00f3n de Ays\u00e9n a postular a la Expo Mundo Rural 2025, una de las vitrinas m\u00e1s importantes del pa\u00eds para la comercializaci\u00f3n de productos elaborados por la agricultura familiar campesina e ind\u00edgena. El evento se desarrollar\u00e1 en Santiago en la Plaza Alessandri en el Parque del Estadio Nacional en \u00d1u\u00f1oa, entre los d\u00edas 23 y 26 de octubre, y reunir\u00e1 a expositoras y expositores de todo Chile.<\/p>\n<p style=\"text-align: justify;\">\u00abLa Expo Mundo Rural es una oportunidad concreta para mostrar el talento, la tradici\u00f3n y la identidad de nuestro campo aysenino. Como INDAP Ays\u00e9n, queremos que nuestros productores y productoras se visibilicen a nivel nacional y encuentren nuevos espacios de comercializaci\u00f3n y redes de contacto que fortalezcan su trabajo\u00bb, se\u00f1al\u00f3 Yessica Lagos C\u00e1rdenas, directora regional de INDAP Ays\u00e9n, quien hizo un llamado a postular con tiempo y orgullo por los productos locales.<\/p>\n<p style=\"text-align: justify;\">Las postulaciones est\u00e1n abiertas exclusivamente para usuarios y usuarias acreditadas de INDAP y se realizan de manera digital. Las postulaciones estar\u00e1n abiertas hasta el lunes 21 de julio a las 09:00 horas. Los resultados preliminares se publicar\u00e1n el jueves 31 de julio, y habr\u00e1 una instancia para solicitar reconsideraciones hasta el lunes 4 de agosto, cuyas resoluciones se informar\u00e1n el martes 5, con publicaci\u00f3n final de resultados el jueves 7 de agosto de 2025. A trav\u00e9s de este proceso, se seleccionar\u00e1 a representantes regionales que podr\u00e1n participar como expositores en este evento que celebra el quehacer campesino y promueve circuitos cortos de comercializaci\u00f3n.<\/p>\n<p style=\"text-align: justify;\">El Jefe del Departamento de Fomento INDAP Ays\u00e9n, Benjam\u00edn Donoso, invit\u00f3 a las y los usuarios de INDAP a participar de esta instancia nacional por su potencial intercambio y visibilizaci\u00f3n: \u00abla Expo mundo rural es relevante porque es el espacio en que los campesinos de la regi\u00f3n intercambian experiencias y vivencias tanto con usuarios y usuarias de INDAP de todo el pa\u00eds, as\u00ed como\u00a0\u00a0con posibles poderes compradores, poniendo su trabajo en valor, con un relato en primera persona de las formas de producci\u00f3n local.\u00bb<\/p>\n<p style=\"text-align: justify;\">En versiones anteriores, Ays\u00e9n ha estado representado por emprendimientos destacados en rubros como las mermeladas artesanales, quesos de campo, infusiones, fibras naturales, conservas, productos gourmet y artesan\u00eda tradicional, permitiendo conectar la ruralidad patag\u00f3nica con un p\u00fablico diverso y urbano.<\/p>\n<p style=\"text-align: justify;\">La Expo Mundo Rural es organizada por INDAP a nivel nacional y est\u00e1 centrada en reconocer, fortalecer y proyectar el trabajo de la agricultura familiar campesina e ind\u00edgena. Celebrando 25 a\u00f1os en esta edici\u00f3n, adem\u00e1s de la venta directa de productos, contempla actividades como cocina en vivo, talleres realizados por los propios productores, muestras culturales y espacios de encuentro, posicion\u00e1ndose como un punto de intercambio cultural y econ\u00f3mico.<\/p>\n<p style=\"text-align: justify;\">Para m\u00e1s informaci\u00f3n sobre c\u00f3mo postular, las personas interesadas pueden dirigirse a las oficinas de \u00e1rea de INDAP, la Direcci\u00f3n Regional de INDAP Ays\u00e9n o visitar el sitio web institucional <a href=\"http:\/\/www.indap.gob.cl\/\">www.indap.gob.cl<\/a><\/p>\n<\/div><\/section><\/div><div  style='height:50px' class='hr hr-invisible   avia-builder-el-6  el_after_av_one_full  el_before_av_social_share '><span class='hr-inner ' ><span class='hr-inner-style'><\/span><\/span><\/div><\/p>\n<div  class='av-social-sharing-box  avia-builder-el-7  el_after_av_hr  el_before_av_hr  '><div class='av-share-box'><h5 class='av-share-link-description av-no-toc '>Compartir esta noticia<\/h5><ul class='av-share-box-list noLightbox'><li class='av-share-link av-social-link-facebook' ><a target=\"_blank\" aria-label=\"Compartir en Facebook\" href='https:\/\/www.facebook.com\/sharer.php?u=https:\/\/radiorevelacionfm.cl\/?p=56548&#038;t=Indap%20invita%20a%20campesinas%20y%20campesinos%20de%20Ays%C3%A9n%20a%20postular%20a%20la%20Expo%20Mundo%20Rural%202025%20a%20realizarse%20en%20Santiago' aria-hidden='false' data-av_icon='\ue8f3' data-av_iconfont='entypo-fontello' title='' data-avia-related-tooltip='Compartir en Facebook' rel=\"noopener\"><span class='avia_hidden_link_text'>Compartir en Facebook<\/span><\/a><\/li><li class='av-share-link av-social-link-twitter' ><a target=\"_blank\" aria-label=\"Compartir en Twitter\" href='https:\/\/twitter.com\/share?text=Indap%20invita%20a%20campesinas%20y%20campesinos%20de%20Ays%C3%A9n%20a%20postular%20a%20la%20Expo%20Mundo%20Rural%202025%20a%20realizarse%20en%20Santiago&#038;url=https:\/\/radiorevelacionfm.cl\/?p=56548' aria-hidden='false' data-av_icon='\ue8f1' data-av_iconfont='entypo-fontello' title='' data-avia-related-tooltip='Compartir en Twitter' rel=\"noopener\"><span class='avia_hidden_link_text'>Compartir en Twitter<\/span><\/a><\/li><li class='av-share-link av-social-link-whatsapp' ><a target=\"_blank\" aria-label=\"Compartir en Whatsapp\" href='https:\/\/api.whatsapp.com\/send?text=https:\/\/radiorevelacionfm.cl\/?p=56548' aria-hidden='false' data-av_icon='\uf232' data-av_iconfont='entypo-fontello' title='' data-avia-related-tooltip='Compartir en Whatsapp' rel=\"noopener\"><span class='avia_hidden_link_text'>Compartir en Whatsapp<\/span><\/a><\/li><li class='av-share-link av-social-link-linkedin' ><a target=\"_blank\" aria-label=\"Compartir en LinkedIn\" href='https:\/\/linkedin.com\/shareArticle?mini=true&#038;title=Indap%20invita%20a%20campesinas%20y%20campesinos%20de%20Ays%C3%A9n%20a%20postular%20a%20la%20Expo%20Mundo%20Rural%202025%20a%20realizarse%20en%20Santiago&#038;url=https:\/\/radiorevelacionfm.cl\/?p=56548' aria-hidden='false' data-av_icon='\ue8fc' data-av_iconfont='entypo-fontello' title='' data-avia-related-tooltip='Compartir en LinkedIn' rel=\"noopener\"><span class='avia_hidden_link_text'>Compartir en LinkedIn<\/span><\/a><\/li><li class='av-share-link av-social-link-mail' ><a  aria-label=\"Compartir por correo\" href='mailto:?subject=Indap%20invita%20a%20campesinas%20y%20campesinos%20de%20Ays%C3%A9n%20a%20postular%20a%20la%20Expo%20Mundo%20Rural%202025%20a%20realizarse%20en%20Santiago&#038;body=https:\/\/radiorevelacionfm.cl\/?p=56548' aria-hidden='false' data-av_icon='\ue805' data-av_iconfont='entypo-fontello' title='' data-avia-related-tooltip='Compartir por correo'><span class='avia_hidden_link_text'>Compartir por correo<\/span><\/a><\/li><\/ul><\/div><\/div>\n<div  style='height:50px' class='hr hr-invisible   avia-builder-el-8  el_after_av_social_share  el_before_av_comments_list '><span class='hr-inner ' ><span class='hr-inner-style'><\/span><\/span><\/div>\n<div  class='av-buildercomment  av-blog-meta-html-info-disabled av-blog-meta-tag-disabled  '><\/div>\n","protected":false},"excerpt":{"rendered":"","protected":false},"author":1,"featured_media":56549,"comment_status":"closed","ping_status":"closed","sticky":false,"template":"","format":"standard","meta":{"footnotes":""},"categories":[58],"tags":[],"class_list":["post-56548","post","type-post","status-publish","format-standard","has-post-thumbnail","hentry","category-agricultura"],"jetpack_featured_media_url":"https:\/\/radiorevelacionfm.cl\/wp-content\/uploads\/2025\/07\/28_0-1-1_optimized-1.jpg","_links":{"self":[{"href":"https:\/\/radiorevelacionfm.cl\/index.php?rest_route=\/wp\/v2\/posts\/56548","targetHints":{"allow":["GET"]}}],"collection":[{"href":"https:\/\/radiorevelacionfm.cl\/index.php?rest_route=\/wp\/v2\/posts"}],"about":[{"href":"https:\/\/radiorevelacionfm.cl\/index.php?rest_route=\/wp\/v2\/types\/post"}],"author":[{"embeddable":true,"href":"https:\/\/radiorevelacionfm.cl\/index.php?rest_route=\/wp\/v2\/users\/1"}],"replies":[{"embeddable":true,"href":"https:\/\/radiorevelacionfm.cl\/index.php?rest_route=%2Fwp%2Fv2%2Fcomments&post=56548"}],"version-history":[{"count":2,"href":"https:\/\/radiorevelacionfm.cl\/index.php?rest_route=\/wp\/v2\/posts\/56548\/revisions"}],"predecessor-version":[{"id":56551,"href":"https:\/\/radiorevelacionfm.cl\/index.php?rest_route=\/wp\/v2\/posts\/56548\/revisions\/56551"}],"wp:featuredmedia":[{"embeddable":true,"href":"https:\/\/radiorevelacionfm.cl\/index.php?rest_route=\/wp\/v2\/media\/56549"}],"wp:attachment":[{"href":"https:\/\/radiorevelacionfm.cl\/index.php?rest_route=%2Fwp%2Fv2%2Fmedia&parent=56548"}],"wp:term":[{"taxonomy":"category","embeddable":true,"href":"https:\/\/radiorevelacionfm.cl\/index.php?rest_route=%2Fwp%2Fv2%2Fcategories&post=56548"},{"taxonomy":"post_tag","embeddable":true,"href":"https:\/\/radiorevelacionfm.cl\/index.php?rest_route=%2Fwp%2Fv2%2Ftags&post=56548"}],"curies":[{"name":"wp","href":"https:\/\/api.w.org\/{rel}","templated":true}]}}