{"id":56542,"date":"2025-07-14T20:05:51","date_gmt":"2025-07-14T23:05:51","guid":{"rendered":"https:\/\/radiorevelacionfm.cl\/?p=56542"},"modified":"2025-07-14T20:05:51","modified_gmt":"2025-07-14T23:05:51","slug":"chile-chico-aprueban-fondo-activa-por-mas-de-30-millones-de-pesos-en-apoyo-a-organizaciones-de-la-comuna","status":"publish","type":"post","link":"https:\/\/radiorevelacionfm.cl\/?p=56542","title":{"rendered":"Chile Chico: Aprueban Fondo Activa por m\u00e1s de 30 millones de pesos en apoyo a organizaciones de la comuna"},"content":{"rendered":"<div class=\"flex_column av_one_full  flex_column_div av-zero-column-padding first  avia-builder-el-0  el_before_av_one_full  avia-builder-el-first  \" style='border-radius:0px; '><div  class='avia-image-container  av-styling-    avia-builder-el-1  avia-builder-el-no-sibling  avia-align-center '  itemprop=\"image\" itemscope=\"itemscope\" itemtype=\"https:\/\/schema.org\/ImageObject\"  ><div class='avia-image-container-inner'><div class='avia-image-overlay-wrap'><img decoding=\"async\" class='wp-image-56544 avia-img-lazy-loading-not-56544 avia_image' src=\"https:\/\/radiorevelacionfm.cl\/wp-content\/uploads\/2025\/07\/499220548_18479296030070887_8340574581988035543_n-2-1-1.jpg\" alt='' title='499220548_18479296030070887_8340574581988035543_n (2) (1) (1)' height=\"600\" width=\"800\"  itemprop=\"thumbnailUrl\" srcset=\"https:\/\/radiorevelacionfm.cl\/wp-content\/uploads\/2025\/07\/499220548_18479296030070887_8340574581988035543_n-2-1-1.jpg 800w, https:\/\/radiorevelacionfm.cl\/wp-content\/uploads\/2025\/07\/499220548_18479296030070887_8340574581988035543_n-2-1-1-300x225.jpg 300w, https:\/\/radiorevelacionfm.cl\/wp-content\/uploads\/2025\/07\/499220548_18479296030070887_8340574581988035543_n-2-1-1-768x576.jpg 768w, https:\/\/radiorevelacionfm.cl\/wp-content\/uploads\/2025\/07\/499220548_18479296030070887_8340574581988035543_n-2-1-1-705x529.jpg 705w, https:\/\/radiorevelacionfm.cl\/wp-content\/uploads\/2025\/07\/499220548_18479296030070887_8340574581988035543_n-2-1-1-450x338.jpg 450w, https:\/\/radiorevelacionfm.cl\/wp-content\/uploads\/2025\/07\/499220548_18479296030070887_8340574581988035543_n-2-1-1-600x450.jpg 600w\" sizes=\"(max-width: 800px) 100vw, 800px\" \/><\/div><\/div><\/div><\/div><div class=\"flex_column av_one_full  flex_column_div av-zero-column-padding first  avia-builder-el-2  el_after_av_one_full  el_before_av_one_full  column-top-margin\" style='border-radius:0px; '><section class=\"av_textblock_section \"  itemscope=\"itemscope\" itemtype=\"https:\/\/schema.org\/BlogPosting\" itemprop=\"blogPost\" ><div class='avia_textblock  '   itemprop=\"text\" ><p style=\"text-align: center;\"><strong><span style=\"font-size: 18pt;\">Chile Chico: Aprueban Fondo Activa por m\u00e1s de 30 millones de pesos en apoyo a organizaciones de la comuna<\/span><\/strong><\/p>\n<div id=\"gtx-trans\" style=\"position: absolute; left: -50px; top: 4.31534px;\">\n<div class=\"gtx-trans-icon\"><\/div>\n<\/div>\n<\/div><\/section><\/div><div class=\"flex_column av_one_full  flex_column_div av-zero-column-padding first  avia-builder-el-4  el_after_av_one_full  el_before_av_hr  column-top-margin\" style='border-radius:0px; '><section class=\"av_textblock_section \"  itemscope=\"itemscope\" itemtype=\"https:\/\/schema.org\/BlogPosting\" itemprop=\"blogPost\" ><div class='avia_textblock  '   itemprop=\"text\" ><p style=\"text-align: justify;\">Una excelente noticia para las organizaciones sociales, culturales y deportivas de la comuna: el Concejo Municipal aprob\u00f3 este lunes el nuevo Fondo ACTIVA, una iniciativa impulsada por la administraci\u00f3n del alcalde Ariel Keim, que contempla un total de m\u00e1s de 30 millones de pesos destinados exclusivamente a organizaciones locales.<\/p>\n<p style=\"text-align: justify;\">El fondo, creado por primera vez en la historia de la comuna, establece tres l\u00edneas de financiamiento independientes: Activa Deporte, Activa Social y Activa Cultura, cada una con un presupuesto espec\u00edfico de 10 millones de pesos. Esto significa que, a diferencia de fondos anteriores, las organizaciones no deber\u00e1n competir entre s\u00ed por los recursos, sino que podr\u00e1n postular dentro de su \u00e1rea correspondiente.<\/p>\n<p style=\"text-align: justify;\">\u00abEsto es algo hist\u00f3rico que estamos haciendo\u00bb, se\u00f1al\u00f3 el alcalde Ariel Keim.<\/p>\n<p style=\"text-align: justify;\"><em>\u00abEs crear el Fondo Activa Deporte, el Fondo Activa Cultura y el Fondo Activa Social, tres l\u00edneas de financiamiento para que las distintas organizaciones sociales, culturales y deportivas puedan presentar sus proyectos a la Municipalidad, sin tener que competir entre ellas. Cada l\u00ednea va a tener su financiamiento propio. Invitamos a todas las organizaciones a estar atentas a las bases y al reglamento de postulaci\u00f3n, porque estamos marcando un hito con esta iniciativa.\u00bb<\/em><\/p>\n<p style=\"text-align: justify;\">El edil tambi\u00e9n recalc\u00f3 el importante salto presupuestario que representa este fondo:<\/p>\n<p style=\"text-align: justify;\"><em>\u00abRecordemos que antiguamente se hablaba del FONDECOM y ten\u00eda un presupuesto de 10 millones de pesos para todas las organizaciones de la comuna. Hoy estamos triplicando ese monto, y lo m\u00e1s importante es que lo hacemos con un compromiso claro: apoyar, motivar e incentivar a que las organizaciones se activen, trabajen con la comunidad y generen nuevos espacios y beneficios para nuestros vecinos y vecinas.\u00bb<\/em><\/p>\n<p style=\"text-align: justify;\">Con la aprobaci\u00f3n oficial del reglamento, la Municipalidad comenzar\u00e1 ahora el proceso de difusi\u00f3n y socializaci\u00f3n del fondo con las organizaciones, entregando informaci\u00f3n clara sobre bases, requisitos y fechas de postulaci\u00f3n.<\/p>\n<p style=\"text-align: justify;\">Finalmente, el alcalde hizo un llamado a que las organizaciones que a\u00fan no actualizan su directiva o documentaci\u00f3n, lo hagan cuanto antes para estar listas y aprovechar esta oportunidad. El Fondo ACTIVA ya es una realidad, y representa un importante paso para fortalecer el trabajo comunitario en Chile Chico.<\/p>\n<\/div><\/section><\/div><div  style='height:50px' class='hr hr-invisible   avia-builder-el-6  el_after_av_one_full  el_before_av_social_share '><span class='hr-inner ' ><span class='hr-inner-style'><\/span><\/span><\/div><\/p>\n<div  class='av-social-sharing-box  avia-builder-el-7  el_after_av_hr  el_before_av_hr  '><div class='av-share-box'><h5 class='av-share-link-description av-no-toc '>Compartir esta noticia<\/h5><ul class='av-share-box-list noLightbox'><li class='av-share-link av-social-link-facebook' ><a target=\"_blank\" aria-label=\"Compartir en Facebook\" href='https:\/\/www.facebook.com\/sharer.php?u=https:\/\/radiorevelacionfm.cl\/?p=56542&#038;t=Chile%20Chico%3A%20Aprueban%20Fondo%20Activa%20por%20m%C3%A1s%20de%2030%20millones%20de%20pesos%20en%20apoyo%20a%20organizaciones%20de%20la%20comuna' aria-hidden='false' data-av_icon='\ue8f3' data-av_iconfont='entypo-fontello' title='' data-avia-related-tooltip='Compartir en Facebook' rel=\"noopener\"><span class='avia_hidden_link_text'>Compartir en Facebook<\/span><\/a><\/li><li class='av-share-link av-social-link-twitter' ><a target=\"_blank\" aria-label=\"Compartir en Twitter\" href='https:\/\/twitter.com\/share?text=Chile%20Chico%3A%20Aprueban%20Fondo%20Activa%20por%20m%C3%A1s%20de%2030%20millones%20de%20pesos%20en%20apoyo%20a%20organizaciones%20de%20la%20comuna&#038;url=https:\/\/radiorevelacionfm.cl\/?p=56542' aria-hidden='false' data-av_icon='\ue8f1' data-av_iconfont='entypo-fontello' title='' data-avia-related-tooltip='Compartir en Twitter' rel=\"noopener\"><span class='avia_hidden_link_text'>Compartir en Twitter<\/span><\/a><\/li><li class='av-share-link av-social-link-whatsapp' ><a target=\"_blank\" aria-label=\"Compartir en Whatsapp\" href='https:\/\/api.whatsapp.com\/send?text=https:\/\/radiorevelacionfm.cl\/?p=56542' aria-hidden='false' data-av_icon='\uf232' data-av_iconfont='entypo-fontello' title='' data-avia-related-tooltip='Compartir en Whatsapp' rel=\"noopener\"><span class='avia_hidden_link_text'>Compartir en Whatsapp<\/span><\/a><\/li><li class='av-share-link av-social-link-linkedin' ><a target=\"_blank\" aria-label=\"Compartir en LinkedIn\" href='https:\/\/linkedin.com\/shareArticle?mini=true&#038;title=Chile%20Chico%3A%20Aprueban%20Fondo%20Activa%20por%20m%C3%A1s%20de%2030%20millones%20de%20pesos%20en%20apoyo%20a%20organizaciones%20de%20la%20comuna&#038;url=https:\/\/radiorevelacionfm.cl\/?p=56542' aria-hidden='false' data-av_icon='\ue8fc' data-av_iconfont='entypo-fontello' title='' data-avia-related-tooltip='Compartir en LinkedIn' rel=\"noopener\"><span class='avia_hidden_link_text'>Compartir en LinkedIn<\/span><\/a><\/li><li class='av-share-link av-social-link-mail' ><a  aria-label=\"Compartir por correo\" href='mailto:?subject=Chile%20Chico%3A%20Aprueban%20Fondo%20Activa%20por%20m%C3%A1s%20de%2030%20millones%20de%20pesos%20en%20apoyo%20a%20organizaciones%20de%20la%20comuna&#038;body=https:\/\/radiorevelacionfm.cl\/?p=56542' aria-hidden='false' data-av_icon='\ue805' data-av_iconfont='entypo-fontello' title='' data-avia-related-tooltip='Compartir por correo'><span class='avia_hidden_link_text'>Compartir por correo<\/span><\/a><\/li><\/ul><\/div><\/div>\n<div  style='height:50px' class='hr hr-invisible   avia-builder-el-8  el_after_av_social_share  el_before_av_comments_list '><span class='hr-inner ' ><span class='hr-inner-style'><\/span><\/span><\/div>\n<div  class='av-buildercomment  av-blog-meta-html-info-disabled av-blog-meta-tag-disabled  '><\/div>\n","protected":false},"excerpt":{"rendered":"","protected":false},"author":1,"featured_media":56544,"comment_status":"closed","ping_status":"closed","sticky":false,"template":"","format":"standard","meta":{"footnotes":""},"categories":[38],"tags":[],"class_list":["post-56542","post","type-post","status-publish","format-standard","has-post-thumbnail","hentry","category-regional"],"jetpack_featured_media_url":"https:\/\/radiorevelacionfm.cl\/wp-content\/uploads\/2025\/07\/499220548_18479296030070887_8340574581988035543_n-2-1-1.jpg","_links":{"self":[{"href":"https:\/\/radiorevelacionfm.cl\/index.php?rest_route=\/wp\/v2\/posts\/56542","targetHints":{"allow":["GET"]}}],"collection":[{"href":"https:\/\/radiorevelacionfm.cl\/index.php?rest_route=\/wp\/v2\/posts"}],"about":[{"href":"https:\/\/radiorevelacionfm.cl\/index.php?rest_route=\/wp\/v2\/types\/post"}],"author":[{"embeddable":true,"href":"https:\/\/radiorevelacionfm.cl\/index.php?rest_route=\/wp\/v2\/users\/1"}],"replies":[{"embeddable":true,"href":"https:\/\/radiorevelacionfm.cl\/index.php?rest_route=%2Fwp%2Fv2%2Fcomments&post=56542"}],"version-history":[{"count":2,"href":"https:\/\/radiorevelacionfm.cl\/index.php?rest_route=\/wp\/v2\/posts\/56542\/revisions"}],"predecessor-version":[{"id":56546,"href":"https:\/\/radiorevelacionfm.cl\/index.php?rest_route=\/wp\/v2\/posts\/56542\/revisions\/56546"}],"wp:featuredmedia":[{"embeddable":true,"href":"https:\/\/radiorevelacionfm.cl\/index.php?rest_route=\/wp\/v2\/media\/56544"}],"wp:attachment":[{"href":"https:\/\/radiorevelacionfm.cl\/index.php?rest_route=%2Fwp%2Fv2%2Fmedia&parent=56542"}],"wp:term":[{"taxonomy":"category","embeddable":true,"href":"https:\/\/radiorevelacionfm.cl\/index.php?rest_route=%2Fwp%2Fv2%2Fcategories&post=56542"},{"taxonomy":"post_tag","embeddable":true,"href":"https:\/\/radiorevelacionfm.cl\/index.php?rest_route=%2Fwp%2Fv2%2Ftags&post=56542"}],"curies":[{"name":"wp","href":"https:\/\/api.w.org\/{rel}","templated":true}]}}