{"id":56539,"date":"2025-07-15T10:42:26","date_gmt":"2025-07-15T13:42:26","guid":{"rendered":"https:\/\/radiorevelacionfm.cl\/?p=56539"},"modified":"2025-07-15T10:42:26","modified_gmt":"2025-07-15T13:42:26","slug":"alcalde-de-chile-chico-y-su-concejo-respaldan-a-comunidad-de-aguas-del-canal-y-ofician-a-direccion-general-de-aguas-por-cierre-de-bocatomas","status":"publish","type":"post","link":"https:\/\/radiorevelacionfm.cl\/?p=56539","title":{"rendered":"Alcalde de Chile Chico y su Concejo respaldan a comunidad de aguas del canal y ofician a Direcci\u00f3n General de Aguas por cierre de bocatomas"},"content":{"rendered":"<div class=\"flex_column av_one_full  flex_column_div av-zero-column-padding first  avia-builder-el-0  el_before_av_one_full  avia-builder-el-first  \" style='border-radius:0px; '><div  class='avia-image-container  av-styling-    avia-builder-el-1  avia-builder-el-no-sibling  avia-align-center '  itemprop=\"image\" itemscope=\"itemscope\" itemtype=\"https:\/\/schema.org\/ImageObject\"  ><div class='avia-image-container-inner'><div class='avia-image-overlay-wrap'><img decoding=\"async\" class='wp-image-56540 avia-img-lazy-loading-not-56540 avia_image' src=\"https:\/\/radiorevelacionfm.cl\/wp-content\/uploads\/2025\/07\/CHCH2025-1-1.jpg\" alt='' title='CHCH2025 (1) (1)' height=\"600\" width=\"800\"  itemprop=\"thumbnailUrl\" srcset=\"https:\/\/radiorevelacionfm.cl\/wp-content\/uploads\/2025\/07\/CHCH2025-1-1.jpg 800w, https:\/\/radiorevelacionfm.cl\/wp-content\/uploads\/2025\/07\/CHCH2025-1-1-300x225.jpg 300w, https:\/\/radiorevelacionfm.cl\/wp-content\/uploads\/2025\/07\/CHCH2025-1-1-768x576.jpg 768w, https:\/\/radiorevelacionfm.cl\/wp-content\/uploads\/2025\/07\/CHCH2025-1-1-705x529.jpg 705w, https:\/\/radiorevelacionfm.cl\/wp-content\/uploads\/2025\/07\/CHCH2025-1-1-450x338.jpg 450w, https:\/\/radiorevelacionfm.cl\/wp-content\/uploads\/2025\/07\/CHCH2025-1-1-600x450.jpg 600w\" sizes=\"(max-width: 800px) 100vw, 800px\" \/><\/div><\/div><\/div><\/div><div class=\"flex_column av_one_full  flex_column_div av-zero-column-padding first  avia-builder-el-2  el_after_av_one_full  el_before_av_one_full  column-top-margin\" style='border-radius:0px; '><section class=\"av_textblock_section \"  itemscope=\"itemscope\" itemtype=\"https:\/\/schema.org\/BlogPosting\" itemprop=\"blogPost\" ><div class='avia_textblock  '   itemprop=\"text\" ><p style=\"text-align: center;\"><span style=\"font-size: 18pt;\"><strong>Alcalde de Chile Chico y su Concejo respaldan a comunidad de aguas del canal y ofician a Direcci\u00f3n General de Aguas por cierre de bocatomas<\/strong><\/span><\/p>\n<div id=\"gtx-trans\" style=\"position: absolute; left: -50px; top: 4.31534px;\">\n<div class=\"gtx-trans-icon\"><\/div>\n<\/div>\n<\/div><\/section><\/div><div class=\"flex_column av_one_full  flex_column_div av-zero-column-padding first  avia-builder-el-4  el_after_av_one_full  el_before_av_hr  column-top-margin\" style='border-radius:0px; '><section class=\"av_textblock_section \"  itemscope=\"itemscope\" itemtype=\"https:\/\/schema.org\/BlogPosting\" itemprop=\"blogPost\" ><div class='avia_textblock  '   itemprop=\"text\" ><p style=\"text-align: justify;\">Frente a la resoluci\u00f3n exenta N\u00b01 emitida por la Direcci\u00f3n General de Aguas (DGA), que ordena el cierre de bocatomas en toda la Regi\u00f3n de Ays\u00e9n entre el 1 de junio y el 21 de diciembre, el alcalde de Chile Chico, Ariel Keim, junto a los miembros del Concejo Municipal, expresaron p\u00fablicamente su total respaldo a la comunidad de aguas del canal Chile Chico, destacando la gravedad de los efectos que esta medida puede provocar en la econom\u00eda local y la vida cotidiana de muchas familias del territorio.<\/p>\n<p style=\"text-align: justify;\">La medida, que busca prevenir desbordes durante la temporada de lluvias y deshielos, afecta directamente a los sistemas de riego agr\u00edcola y al uso productivo del agua en una comuna que ha desarrollado por d\u00e9cadas una vocaci\u00f3n agr\u00edcola y frut\u00edcola, adem\u00e1s de actividades hort\u00edcolas y forrajeras. El canal Chile Chico abastece de agua de manera continua a numerosos usuarios y productores locales, constituy\u00e9ndose en un eje estrat\u00e9gico para el desarrollo econ\u00f3mico y la generaci\u00f3n de empleo en la zona.<\/p>\n<p style=\"text-align: justify;\">\u201cComo alcalde de la comuna de Chile Chico, expresamos nuestro respaldo a la comunidad de aguas de canal Chile Chico, quienes han actuado con mucha responsabilidad y compromiso frente a esta resoluci\u00f3n. Su aplicaci\u00f3n pone en riesgo la producci\u00f3n frut\u00edcola, forrajera, hort\u00edcola y la seguridad alimentaria de nuestra zona. No podemos permitir que decisiones tomadas desde el nivel central, sin considerar las particularidades del territorio, amenacen d\u00e9cadas de esfuerzo y desarrollo productivo en nuestra comuna\u201d, enfatiz\u00f3 el alcalde Ariel Keim.<\/p>\n<p style=\"text-align: justify;\">Desde que se recibi\u00f3 la notificaci\u00f3n por parte de la comunidad de aguas, el municipio ha estado en permanente contacto y colaboraci\u00f3n con los regantes, apoyando sus gestiones administrativas y t\u00e9cnicas, conscientes de los impactos negativos que podr\u00eda acarrear el cierre prolongado de las bocatomas.<\/p>\n<p style=\"text-align: justify;\">En sesi\u00f3n de Concejo Municipal, se acord\u00f3 por unanimidad oficiar formalmente a la Direcci\u00f3n General de Aguas, solicitando la reconsideraci\u00f3n de esta medida, junto con la adopci\u00f3n de criterios que reconozcan las particularidades clim\u00e1ticas, productivas y geogr\u00e1ficas de la comuna de Chile Chico. En dicho oficio se argumentar\u00e1, entre otros puntos, que las condiciones locales no son homog\u00e9neas respecto al resto de la regi\u00f3n y que las comunidades organizadas han demostrado hist\u00f3ricamente un manejo responsable de los recursos h\u00eddricos.<\/p>\n<p style=\"text-align: justify;\">\u201cValoramos profundamente la manera en que la comunidad de aguas ha abordado esta situaci\u00f3n, con argumentos t\u00e9cnicos y un fuerte compromiso territorial. Como Concejo y como municipio, reafirmamos nuestro compromiso con el desarrollo productivo sostenible de Chile Chico, y exigimos que las decisiones administrativas del nivel central consideren las realidades locales y no pongan en riesgo el progreso de quienes han trabajado incansablemente por sacar adelante a esta comuna\u201d, agreg\u00f3 Keim.<\/p>\n<p style=\"text-align: justify;\">Finalmente, la autoridad comunal subray\u00f3 que esta acci\u00f3n no busca desconocer la necesidad de prevenci\u00f3n ante crecidas o emergencias, sino exigir una aplicaci\u00f3n diferenciada y contextualizada de las medidas, que permita proteger a la poblaci\u00f3n sin sacrificar su capacidad productiva ni su derecho al desarrollo.<\/p>\n<p style=\"text-align: justify;\">\u201cChile Chico necesita agua para vivir, producir y crecer. No podemos permitir que decisiones desproporcionadas e impuestas desde Santiago pongan en jaque la vida rural, el empleo agr\u00edcola y el futuro de cientos de familias que han construido su vida aqu\u00ed, en el extremo sur del pa\u00eds\u201d, concluy\u00f3 el edil.<\/p>\n<\/div><\/section><\/div><div  style='height:50px' class='hr hr-invisible   avia-builder-el-6  el_after_av_one_full  el_before_av_social_share '><span class='hr-inner ' ><span class='hr-inner-style'><\/span><\/span><\/div><\/p>\n<div  class='av-social-sharing-box  avia-builder-el-7  el_after_av_hr  el_before_av_hr  '><div class='av-share-box'><h5 class='av-share-link-description av-no-toc '>Compartir esta noticia<\/h5><ul class='av-share-box-list noLightbox'><li class='av-share-link av-social-link-facebook' ><a target=\"_blank\" aria-label=\"Compartir en Facebook\" href='https:\/\/www.facebook.com\/sharer.php?u=https:\/\/radiorevelacionfm.cl\/?p=56539&#038;t=Alcalde%20de%20Chile%20Chico%20y%20su%20Concejo%20respaldan%20a%20comunidad%20de%20aguas%20del%20canal%20y%20ofician%20a%20Direcci%C3%B3n%20General%20de%20Aguas%20por%20cierre%20de%20bocatomas' aria-hidden='false' data-av_icon='\ue8f3' data-av_iconfont='entypo-fontello' title='' data-avia-related-tooltip='Compartir en Facebook' rel=\"noopener\"><span class='avia_hidden_link_text'>Compartir en Facebook<\/span><\/a><\/li><li class='av-share-link av-social-link-twitter' ><a target=\"_blank\" aria-label=\"Compartir en Twitter\" href='https:\/\/twitter.com\/share?text=Alcalde%20de%20Chile%20Chico%20y%20su%20Concejo%20respaldan%20a%20comunidad%20de%20aguas%20del%20canal%20y%20ofician%20a%20Direcci%C3%B3n%20General%20de%20Aguas%20por%20cierre%20de%20bocatomas&#038;url=https:\/\/radiorevelacionfm.cl\/?p=56539' aria-hidden='false' data-av_icon='\ue8f1' data-av_iconfont='entypo-fontello' title='' data-avia-related-tooltip='Compartir en Twitter' rel=\"noopener\"><span class='avia_hidden_link_text'>Compartir en Twitter<\/span><\/a><\/li><li class='av-share-link av-social-link-whatsapp' ><a target=\"_blank\" aria-label=\"Compartir en Whatsapp\" href='https:\/\/api.whatsapp.com\/send?text=https:\/\/radiorevelacionfm.cl\/?p=56539' aria-hidden='false' data-av_icon='\uf232' data-av_iconfont='entypo-fontello' title='' data-avia-related-tooltip='Compartir en Whatsapp' rel=\"noopener\"><span class='avia_hidden_link_text'>Compartir en Whatsapp<\/span><\/a><\/li><li class='av-share-link av-social-link-linkedin' ><a target=\"_blank\" aria-label=\"Compartir en LinkedIn\" href='https:\/\/linkedin.com\/shareArticle?mini=true&#038;title=Alcalde%20de%20Chile%20Chico%20y%20su%20Concejo%20respaldan%20a%20comunidad%20de%20aguas%20del%20canal%20y%20ofician%20a%20Direcci%C3%B3n%20General%20de%20Aguas%20por%20cierre%20de%20bocatomas&#038;url=https:\/\/radiorevelacionfm.cl\/?p=56539' aria-hidden='false' data-av_icon='\ue8fc' data-av_iconfont='entypo-fontello' title='' data-avia-related-tooltip='Compartir en LinkedIn' rel=\"noopener\"><span class='avia_hidden_link_text'>Compartir en LinkedIn<\/span><\/a><\/li><li class='av-share-link av-social-link-mail' ><a  aria-label=\"Compartir por correo\" href='mailto:?subject=Alcalde%20de%20Chile%20Chico%20y%20su%20Concejo%20respaldan%20a%20comunidad%20de%20aguas%20del%20canal%20y%20ofician%20a%20Direcci%C3%B3n%20General%20de%20Aguas%20por%20cierre%20de%20bocatomas&#038;body=https:\/\/radiorevelacionfm.cl\/?p=56539' aria-hidden='false' data-av_icon='\ue805' data-av_iconfont='entypo-fontello' title='' data-avia-related-tooltip='Compartir por correo'><span class='avia_hidden_link_text'>Compartir por correo<\/span><\/a><\/li><\/ul><\/div><\/div>\n<div  style='height:50px' class='hr hr-invisible   avia-builder-el-8  el_after_av_social_share  el_before_av_comments_list '><span class='hr-inner ' ><span class='hr-inner-style'><\/span><\/span><\/div>\n<div  class='av-buildercomment  av-blog-meta-html-info-disabled av-blog-meta-tag-disabled  '><\/div>\n","protected":false},"excerpt":{"rendered":"","protected":false},"author":1,"featured_media":56540,"comment_status":"closed","ping_status":"closed","sticky":false,"template":"","format":"standard","meta":{"footnotes":""},"categories":[38],"tags":[],"class_list":["post-56539","post","type-post","status-publish","format-standard","has-post-thumbnail","hentry","category-regional"],"jetpack_featured_media_url":"https:\/\/radiorevelacionfm.cl\/wp-content\/uploads\/2025\/07\/CHCH2025-1-1.jpg","_links":{"self":[{"href":"https:\/\/radiorevelacionfm.cl\/index.php?rest_route=\/wp\/v2\/posts\/56539","targetHints":{"allow":["GET"]}}],"collection":[{"href":"https:\/\/radiorevelacionfm.cl\/index.php?rest_route=\/wp\/v2\/posts"}],"about":[{"href":"https:\/\/radiorevelacionfm.cl\/index.php?rest_route=\/wp\/v2\/types\/post"}],"author":[{"embeddable":true,"href":"https:\/\/radiorevelacionfm.cl\/index.php?rest_route=\/wp\/v2\/users\/1"}],"replies":[{"embeddable":true,"href":"https:\/\/radiorevelacionfm.cl\/index.php?rest_route=%2Fwp%2Fv2%2Fcomments&post=56539"}],"version-history":[{"count":2,"href":"https:\/\/radiorevelacionfm.cl\/index.php?rest_route=\/wp\/v2\/posts\/56539\/revisions"}],"predecessor-version":[{"id":56556,"href":"https:\/\/radiorevelacionfm.cl\/index.php?rest_route=\/wp\/v2\/posts\/56539\/revisions\/56556"}],"wp:featuredmedia":[{"embeddable":true,"href":"https:\/\/radiorevelacionfm.cl\/index.php?rest_route=\/wp\/v2\/media\/56540"}],"wp:attachment":[{"href":"https:\/\/radiorevelacionfm.cl\/index.php?rest_route=%2Fwp%2Fv2%2Fmedia&parent=56539"}],"wp:term":[{"taxonomy":"category","embeddable":true,"href":"https:\/\/radiorevelacionfm.cl\/index.php?rest_route=%2Fwp%2Fv2%2Fcategories&post=56539"},{"taxonomy":"post_tag","embeddable":true,"href":"https:\/\/radiorevelacionfm.cl\/index.php?rest_route=%2Fwp%2Fv2%2Ftags&post=56539"}],"curies":[{"name":"wp","href":"https:\/\/api.w.org\/{rel}","templated":true}]}}