{"id":56536,"date":"2025-07-18T17:17:44","date_gmt":"2025-07-18T20:17:44","guid":{"rendered":"https:\/\/radiorevelacionfm.cl\/?p=56536"},"modified":"2025-07-18T17:17:44","modified_gmt":"2025-07-18T20:17:44","slug":"opinion-salmonicultura-sostenible-no-en-las-areas-protegidas","status":"publish","type":"post","link":"https:\/\/radiorevelacionfm.cl\/?p=56536","title":{"rendered":"Opini\u00f3n: \u00bfSalmonicultura sostenible? No en las \u00e1reas protegidas"},"content":{"rendered":"<div class=\"flex_column av_one_full  flex_column_div av-zero-column-padding first  avia-builder-el-0  el_before_av_one_full  avia-builder-el-first  \" style='border-radius:0px; '><div  class='avia-image-container  av-styling-    avia-builder-el-1  avia-builder-el-no-sibling  avia-align-center '  itemprop=\"image\" itemscope=\"itemscope\" itemtype=\"https:\/\/schema.org\/ImageObject\"  ><div class='avia-image-container-inner'><div class='avia-image-overlay-wrap'><img decoding=\"async\" class='wp-image-56537 avia-img-lazy-loading-not-56537 avia_image' src=\"https:\/\/radiorevelacionfm.cl\/wp-content\/uploads\/2025\/07\/Mathias-Hune-4-1.jpg\" alt='' title='Mathias H\u00fcne 4 (1)' height=\"600\" width=\"1066\"  itemprop=\"thumbnailUrl\" srcset=\"https:\/\/radiorevelacionfm.cl\/wp-content\/uploads\/2025\/07\/Mathias-Hune-4-1.jpg 1066w, https:\/\/radiorevelacionfm.cl\/wp-content\/uploads\/2025\/07\/Mathias-Hune-4-1-300x169.jpg 300w, https:\/\/radiorevelacionfm.cl\/wp-content\/uploads\/2025\/07\/Mathias-Hune-4-1-1030x580.jpg 1030w, https:\/\/radiorevelacionfm.cl\/wp-content\/uploads\/2025\/07\/Mathias-Hune-4-1-768x432.jpg 768w, https:\/\/radiorevelacionfm.cl\/wp-content\/uploads\/2025\/07\/Mathias-Hune-4-1-705x397.jpg 705w, https:\/\/radiorevelacionfm.cl\/wp-content\/uploads\/2025\/07\/Mathias-Hune-4-1-450x253.jpg 450w, https:\/\/radiorevelacionfm.cl\/wp-content\/uploads\/2025\/07\/Mathias-Hune-4-1-600x338.jpg 600w\" sizes=\"(max-width: 1066px) 100vw, 1066px\" \/><\/div><\/div><\/div><\/div><div class=\"flex_column av_one_full  flex_column_div av-zero-column-padding first  avia-builder-el-2  el_after_av_one_full  el_before_av_one_full  column-top-margin\" style='border-radius:0px; '><section class=\"av_textblock_section \"  itemscope=\"itemscope\" itemtype=\"https:\/\/schema.org\/BlogPosting\" itemprop=\"blogPost\" ><div class='avia_textblock  '   itemprop=\"text\" ><p style=\"text-align: center;\"><strong><span style=\"font-size: 18pt;\">Opini\u00f3n: \u00bfSalmonicultura sostenible? No en las \u00e1reas protegidas <\/span><\/strong><\/p>\n<div id=\"gtx-trans\" style=\"position: absolute; left: -50px; top: 4.31534px;\">\n<div class=\"gtx-trans-icon\"><\/div>\n<\/div>\n<\/div><\/section><\/div><div class=\"flex_column av_one_full  flex_column_div av-zero-column-padding first  avia-builder-el-4  el_after_av_one_full  el_before_av_hr  column-top-margin\" style='border-radius:0px; '><section class=\"av_textblock_section \"  itemscope=\"itemscope\" itemtype=\"https:\/\/schema.org\/BlogPosting\" itemprop=\"blogPost\" ><div class='avia_textblock  '   itemprop=\"text\" ><p style=\"text-align: justify;\"><em>Por: Mathias H\u00fcne, Director programa Marino Rewilding Chile<\/em><\/p>\n<p style=\"text-align: justify;\">Dos hechos recientes vuelven a demostrar el riesgo de la salmonicultura dentro de las \u00e1reas protegidas de la Patagonia. El primero, el fallo que condena a ex ejecutivos de Nova Austral por contaminar repetidamente las aguas en Porvenir, entre 2016 y 2019. La investigaci\u00f3n determin\u00f3 que la gerencia de la empresa entreg\u00f3 informaci\u00f3n falsa a la autoridad, ocult\u00f3 y manipul\u00f3 cifras, y extendi\u00f3 la sobreproducci\u00f3n de salmones en el Parque Nacional Alberto de Agostini causando un da\u00f1o ambiental grave y comprobado a su biodiversidad, aguas y fondo marino.<\/p>\n<p style=\"text-align: justify;\">\u00bfLa condena? 800 d\u00edas de presidio remitido y multas por $1.650.000, que demuestra que contaminar \u00e1reas protegidas es pr\u00e1cticamente gratis. El monto es irrisorio frente a, por ejemplo, los $44 millones de multa que recibi\u00f3 una persona en La Uni\u00f3n por matar un huill\u00edn, especie en peligro.<\/p>\n<p style=\"text-align: justify;\">El segundo es el derrame de al menos 7 mil litros de hidrocarburos en un centro de salmones de Australis Mar en el Seno Glacier, al interior de la Reserva Nacional Kaw\u00e9sqar. Habr\u00e1 trabajos de contenci\u00f3n, informes y anuncios de sanciones, que no servir\u00e1n para reparar el da\u00f1o a esta \u00e1rea protegida de la Patagonia.<\/p>\n<p style=\"text-align: justify;\">En Los Lagos, Ays\u00e9n y Magallanes hay 1.380 concesiones salmoneras. De ellas, un tercio (408) est\u00e1n en parques y reservas nacionales, lo que pone en riesgo a \u00e1reas que fueron creadas para proteger esta biodiversidad clave para Chile y el mundo. Por eso, junto a varias organizaciones, impulsamos la campa\u00f1a Salvemos la Patagonia! cuyo objetivo es la salida de las salmoneras de estas \u00e1reas protegidas, sin relocalizaci\u00f3n.<\/p>\n<p style=\"text-align: justify;\">Los \u00faltimos hechos muestran dos riesgos permanentes en estas \u00e1reas: empresas que operan saltando normas y causando impactos ambientales, y accidentes que terminan afectando los ecosistemas.<\/p>\n<p style=\"text-align: justify;\">En los \u00faltimos d\u00edas, y preparando su encuentro gremial, la industria salmonera ha levantado la voz contra la permisolog\u00eda, la incertidumbre de las pol\u00edticas p\u00fablicas, o quienes -acusan- buscan frenar la inversi\u00f3n y el crecimiento. Lo cierto es que su verdadero enemigo est\u00e1 en la forma de operar de algunos actores de esta industria, no en quienes buscan resguardar parques y reservas que se crearon, precisamente, para ser protegidas.<\/p>\n<p style=\"text-align: justify;\">No es un problema de leyes para la protecci\u00f3n ambiental, que existen. La fiscalizaci\u00f3n siempre es compleja y escasa por falta de medios, pero no es excusa. Una empresa responsable debe autorregularse y cumplir la ley, como base. Desde Frutillar, el Salm\u00f3n Summit 2025 buscar\u00e1 interpelar al pa\u00eds para el despliegue de la \u201ceconom\u00eda azul\u201d y el desarrollo sostenible. Un primer paso real y concreto para ello es que las salmoneras salgan de las \u00e1reas protegidas de la Patagonia chilena. Y sin relocalizaci\u00f3n.<\/p>\n<\/div><\/section><\/div><div  style='height:50px' class='hr hr-invisible   avia-builder-el-6  el_after_av_one_full  el_before_av_social_share '><span class='hr-inner ' ><span class='hr-inner-style'><\/span><\/span><\/div><\/p>\n<div  class='av-social-sharing-box  avia-builder-el-7  el_after_av_hr  el_before_av_hr  '><div class='av-share-box'><h5 class='av-share-link-description av-no-toc '>Compartir esta noticia<\/h5><ul class='av-share-box-list noLightbox'><li class='av-share-link av-social-link-facebook' ><a target=\"_blank\" aria-label=\"Compartir en Facebook\" href='https:\/\/www.facebook.com\/sharer.php?u=https:\/\/radiorevelacionfm.cl\/?p=56536&#038;t=Opini%C3%B3n%3A%20%C2%BFSalmonicultura%20sostenible%3F%20No%20en%20las%20%C3%A1reas%20protegidas' aria-hidden='false' data-av_icon='\ue8f3' data-av_iconfont='entypo-fontello' title='' data-avia-related-tooltip='Compartir en Facebook' rel=\"noopener\"><span class='avia_hidden_link_text'>Compartir en Facebook<\/span><\/a><\/li><li class='av-share-link av-social-link-twitter' ><a target=\"_blank\" aria-label=\"Compartir en Twitter\" href='https:\/\/twitter.com\/share?text=Opini%C3%B3n%3A%20%C2%BFSalmonicultura%20sostenible%3F%20No%20en%20las%20%C3%A1reas%20protegidas&#038;url=https:\/\/radiorevelacionfm.cl\/?p=56536' aria-hidden='false' data-av_icon='\ue8f1' data-av_iconfont='entypo-fontello' title='' data-avia-related-tooltip='Compartir en Twitter' rel=\"noopener\"><span class='avia_hidden_link_text'>Compartir en Twitter<\/span><\/a><\/li><li class='av-share-link av-social-link-whatsapp' ><a target=\"_blank\" aria-label=\"Compartir en Whatsapp\" href='https:\/\/api.whatsapp.com\/send?text=https:\/\/radiorevelacionfm.cl\/?p=56536' aria-hidden='false' data-av_icon='\uf232' data-av_iconfont='entypo-fontello' title='' data-avia-related-tooltip='Compartir en Whatsapp' rel=\"noopener\"><span class='avia_hidden_link_text'>Compartir en Whatsapp<\/span><\/a><\/li><li class='av-share-link av-social-link-linkedin' ><a target=\"_blank\" aria-label=\"Compartir en LinkedIn\" href='https:\/\/linkedin.com\/shareArticle?mini=true&#038;title=Opini%C3%B3n%3A%20%C2%BFSalmonicultura%20sostenible%3F%20No%20en%20las%20%C3%A1reas%20protegidas&#038;url=https:\/\/radiorevelacionfm.cl\/?p=56536' aria-hidden='false' data-av_icon='\ue8fc' data-av_iconfont='entypo-fontello' title='' data-avia-related-tooltip='Compartir en LinkedIn' rel=\"noopener\"><span class='avia_hidden_link_text'>Compartir en LinkedIn<\/span><\/a><\/li><li class='av-share-link av-social-link-mail' ><a  aria-label=\"Compartir por correo\" href='mailto:?subject=Opini%C3%B3n%3A%20%C2%BFSalmonicultura%20sostenible%3F%20No%20en%20las%20%C3%A1reas%20protegidas&#038;body=https:\/\/radiorevelacionfm.cl\/?p=56536' aria-hidden='false' data-av_icon='\ue805' data-av_iconfont='entypo-fontello' title='' data-avia-related-tooltip='Compartir por correo'><span class='avia_hidden_link_text'>Compartir por correo<\/span><\/a><\/li><\/ul><\/div><\/div>\n<div  style='height:50px' class='hr hr-invisible   avia-builder-el-8  el_after_av_social_share  el_before_av_comments_list '><span class='hr-inner ' ><span class='hr-inner-style'><\/span><\/span><\/div>\n<div  class='av-buildercomment  av-blog-meta-html-info-disabled av-blog-meta-tag-disabled  '><\/div>\n","protected":false},"excerpt":{"rendered":"","protected":false},"author":1,"featured_media":56537,"comment_status":"closed","ping_status":"closed","sticky":false,"template":"","format":"standard","meta":{"footnotes":""},"categories":[60],"tags":[],"class_list":["post-56536","post","type-post","status-publish","format-standard","has-post-thumbnail","hentry","category-pesca"],"jetpack_featured_media_url":"https:\/\/radiorevelacionfm.cl\/wp-content\/uploads\/2025\/07\/Mathias-Hune-4-1.jpg","_links":{"self":[{"href":"https:\/\/radiorevelacionfm.cl\/index.php?rest_route=\/wp\/v2\/posts\/56536","targetHints":{"allow":["GET"]}}],"collection":[{"href":"https:\/\/radiorevelacionfm.cl\/index.php?rest_route=\/wp\/v2\/posts"}],"about":[{"href":"https:\/\/radiorevelacionfm.cl\/index.php?rest_route=\/wp\/v2\/types\/post"}],"author":[{"embeddable":true,"href":"https:\/\/radiorevelacionfm.cl\/index.php?rest_route=\/wp\/v2\/users\/1"}],"replies":[{"embeddable":true,"href":"https:\/\/radiorevelacionfm.cl\/index.php?rest_route=%2Fwp%2Fv2%2Fcomments&post=56536"}],"version-history":[{"count":2,"href":"https:\/\/radiorevelacionfm.cl\/index.php?rest_route=\/wp\/v2\/posts\/56536\/revisions"}],"predecessor-version":[{"id":56703,"href":"https:\/\/radiorevelacionfm.cl\/index.php?rest_route=\/wp\/v2\/posts\/56536\/revisions\/56703"}],"wp:featuredmedia":[{"embeddable":true,"href":"https:\/\/radiorevelacionfm.cl\/index.php?rest_route=\/wp\/v2\/media\/56537"}],"wp:attachment":[{"href":"https:\/\/radiorevelacionfm.cl\/index.php?rest_route=%2Fwp%2Fv2%2Fmedia&parent=56536"}],"wp:term":[{"taxonomy":"category","embeddable":true,"href":"https:\/\/radiorevelacionfm.cl\/index.php?rest_route=%2Fwp%2Fv2%2Fcategories&post=56536"},{"taxonomy":"post_tag","embeddable":true,"href":"https:\/\/radiorevelacionfm.cl\/index.php?rest_route=%2Fwp%2Fv2%2Ftags&post=56536"}],"curies":[{"name":"wp","href":"https:\/\/api.w.org\/{rel}","templated":true}]}}