{"id":56533,"date":"2025-07-14T20:42:52","date_gmt":"2025-07-14T23:42:52","guid":{"rendered":"https:\/\/radiorevelacionfm.cl\/?p=56533"},"modified":"2025-07-14T20:42:52","modified_gmt":"2025-07-14T23:42:52","slug":"calisto-pide-priorizar-en-nuevo-terreno-a-comites-que-proyectaban-sus-viviendas-en-la-chacra-weber-de-puerto-aysen","status":"publish","type":"post","link":"https:\/\/radiorevelacionfm.cl\/?p=56533","title":{"rendered":"Calisto pide priorizar en nuevo terreno a comit\u00e9s que proyectaban sus viviendas en la chacra Weber de Puerto Ays\u00e9n"},"content":{"rendered":"<div class=\"flex_column av_one_full  flex_column_div av-zero-column-padding first  avia-builder-el-0  el_before_av_one_full  avia-builder-el-first  \" style='border-radius:0px; '><div  class='avia-image-container  av-styling-    avia-builder-el-1  avia-builder-el-no-sibling  avia-align-center '  itemprop=\"image\" itemscope=\"itemscope\" itemtype=\"https:\/\/schema.org\/ImageObject\"  ><div class='avia-image-container-inner'><div class='avia-image-overlay-wrap'><img decoding=\"async\" class='wp-image-56534 avia-img-lazy-loading-not-56534 avia_image' src=\"https:\/\/radiorevelacionfm.cl\/wp-content\/uploads\/2025\/07\/foto-calisto-reu-comitEs-3-1_optimized.jpg\" alt='' title='foto-calisto-reu-comit\u00c9s-(3)-(1)_optimized' height=\"600\" width=\"1067\"  itemprop=\"thumbnailUrl\" srcset=\"https:\/\/radiorevelacionfm.cl\/wp-content\/uploads\/2025\/07\/foto-calisto-reu-comitEs-3-1_optimized.jpg 1067w, https:\/\/radiorevelacionfm.cl\/wp-content\/uploads\/2025\/07\/foto-calisto-reu-comitEs-3-1_optimized-300x169.jpg 300w, https:\/\/radiorevelacionfm.cl\/wp-content\/uploads\/2025\/07\/foto-calisto-reu-comitEs-3-1_optimized-1030x579.jpg 1030w, https:\/\/radiorevelacionfm.cl\/wp-content\/uploads\/2025\/07\/foto-calisto-reu-comitEs-3-1_optimized-768x432.jpg 768w, https:\/\/radiorevelacionfm.cl\/wp-content\/uploads\/2025\/07\/foto-calisto-reu-comitEs-3-1_optimized-705x396.jpg 705w, https:\/\/radiorevelacionfm.cl\/wp-content\/uploads\/2025\/07\/foto-calisto-reu-comitEs-3-1_optimized-450x253.jpg 450w, https:\/\/radiorevelacionfm.cl\/wp-content\/uploads\/2025\/07\/foto-calisto-reu-comitEs-3-1_optimized-600x337.jpg 600w\" sizes=\"(max-width: 1067px) 100vw, 1067px\" \/><\/div><\/div><\/div><\/div><div class=\"flex_column av_one_full  flex_column_div av-zero-column-padding first  avia-builder-el-2  el_after_av_one_full  el_before_av_one_full  column-top-margin\" style='border-radius:0px; '><section class=\"av_textblock_section \"  itemscope=\"itemscope\" itemtype=\"https:\/\/schema.org\/BlogPosting\" itemprop=\"blogPost\" ><div class='avia_textblock  '   itemprop=\"text\" ><p style=\"text-align: center;\"><span style=\"font-size: 18pt;\"><b>Calisto pide priorizar en nuevo terreno a comit\u00e9s que proyectaban sus viviendas en la chacra Weber de Puerto Ays\u00e9n<\/b><\/span><\/p>\n<div id=\"gtx-trans\" style=\"position: absolute; left: -50px; top: 4.31534px;\">\n<div class=\"gtx-trans-icon\"><\/div>\n<\/div>\n<\/div><\/section><\/div><div class=\"flex_column av_one_full  flex_column_div av-zero-column-padding first  avia-builder-el-4  el_after_av_one_full  el_before_av_hr  column-top-margin\" style='border-radius:0px; '><section class=\"av_textblock_section \"  itemscope=\"itemscope\" itemtype=\"https:\/\/schema.org\/BlogPosting\" itemprop=\"blogPost\" ><div class='avia_textblock  '   itemprop=\"text\" ><p style=\"font-weight: 400; text-align: justify;\">El diputado Miguel \u00c1ngel Calisto sostuvo una importante reuni\u00f3n con dirigentes de los comit\u00e9s habitacionales \u201cPaso a Pasito 1\u201d, \u201cPaso a Pasito 2\u201d y \u201cTodos por un Sue\u00f1o Sin Discriminaci\u00f3n\u201d de Puerto Ays\u00e9n, quienes se encuentran en una compleja situaci\u00f3n tras el descarte del terreno Chacra Weber para sus proyectos habitacionales. Dicho terreno, inicialmente destinado para viviendas, ahora es considerado por el Gobierno como un humedal, imposibilitando su uso habitacional y dejando a 97 familias sin un lugar para construir sus hogares.<\/p>\n<p style=\"font-weight: 400; text-align: justify;\">Al respecto, el diputado Calisto expres\u00f3 su profunda preocupaci\u00f3n, se\u00f1alando que \u00abestamos muy preocupados por la situaci\u00f3n de los comit\u00e9s que inicialmente eran de la Chacra Weber y que han sufrido, en definitiva, una afectaci\u00f3n por una decisi\u00f3n del propio gobierno de no destinar este terreno, sino que dejarlo como un \u00e1rea protegida. Esa es una muy mala decisi\u00f3n que nosotros criticamos y condenamos, pero ahora el gobierno tiene la soluci\u00f3n\u201d.<\/p>\n<p style=\"font-weight: 400; text-align: justify;\">Calisto agreg\u00f3 que \u201cexiste otro terreno que tiene cerca de un poco m\u00e1s de tres hect\u00e1reas con estudio mec\u00e1nica de suelo y que es de propiedad del Serviu. Estamos pidiendo que sean considerados particularmente los comit\u00e9s Paso a Pasito 1, Paso a Pasito 2 y Todos por un sue\u00f1o sin Discriminaci\u00f3n\u201d<\/p>\n<p style=\"font-weight: 400; text-align: justify;\">\u201cSon 97 familias que ya sufrieron una afectaci\u00f3n y que hoy d\u00eda requieren la decisi\u00f3n por parte del Ministerio de Vivienda que puedan ser priorizados. Y por eso vamos a tener una reuni\u00f3n con el Ministro de Vivienda para solicitar esa priorizaci\u00f3n, porque en definitiva todas las familias, tanto de los dos pa\u00f1os de la Chacra Weber inicial, necesitan tener prioridad y sobre todo garantizar sus viviendas\u201d, indic\u00f3.<\/p>\n<p style=\"font-weight: 400; text-align: justify;\">Por su parte, Joseline Teca, Presidenta del comit\u00e9 Paso a Pasito 1, manifest\u00f3 el sentir de las familias afectadas. \u00abTen\u00edamos un terreno, el terreno Weber, el cual ya fue descartado y ahora estamos buscando otras soluciones con Serviu, con Minvu. Ahora nos est\u00e1n diciendo que hay un terreno ubicado en la esquina, el cual podr\u00eda ser para nosotros de 3,5 hect\u00e1reas, pero est\u00e1n ahora dici\u00e9ndonos desde Minvu que van a priorizar a los comit\u00e9s de acuerdo a su criterio, lo cual no parece para nosotros algo justo\u201d.<\/p>\n<p style=\"font-weight: 400; text-align: justify;\">\u201cEstamos ahora pidiendo el apoyo aqu\u00ed de las autoridades, en este caso del diputado Calisto, quien ha estado con nosotros apoyando y gestionando tambi\u00e9n por su lado. Se agradece a todos los parlamentarios que est\u00e1n aqu\u00ed hoy en d\u00eda y estamos buscando soluciones para que el terreno de la esquina sea adjudicado para nosotros por antig\u00fcedad y tambi\u00e9n por n\u00famero\u201d, declar\u00f3.<\/p>\n<p style=\"font-weight: 400; text-align: justify;\"><strong>Emergencia por casas inundadas en Chacabuco<\/strong><\/p>\n<p style=\"font-weight: 400; text-align: justify;\">El diputado Calisto, adem\u00e1s, realiz\u00f3 una visita a la localidad de Puerto Chacabuco para constatar en terreno la emergencia que afect\u00f3 a diversas casas inundadas por el reciente temporal de lluvia. En la instancia, se reuni\u00f3 con el alcalde de Puerto Ays\u00e9n, Luis Mart\u00ednez, con quien abord\u00f3 la preocupaci\u00f3n de las familias afectadas por el anegamiento, comprometiendo su apoyo en la b\u00fasqueda de soluciones.<\/p>\n<\/div><\/section><\/div><div  style='height:50px' class='hr hr-invisible   avia-builder-el-6  el_after_av_one_full  el_before_av_social_share '><span class='hr-inner ' ><span class='hr-inner-style'><\/span><\/span><\/div><\/p>\n<div  class='av-social-sharing-box  avia-builder-el-7  el_after_av_hr  el_before_av_hr  '><div class='av-share-box'><h5 class='av-share-link-description av-no-toc '>Compartir esta noticia<\/h5><ul class='av-share-box-list noLightbox'><li class='av-share-link av-social-link-facebook' ><a target=\"_blank\" aria-label=\"Compartir en Facebook\" href='https:\/\/www.facebook.com\/sharer.php?u=https:\/\/radiorevelacionfm.cl\/?p=56533&#038;t=Calisto%20pide%20priorizar%20en%20nuevo%20terreno%20a%20comit%C3%A9s%20que%20proyectaban%20sus%20viviendas%20en%20la%20chacra%20Weber%20de%20Puerto%20Ays%C3%A9n' aria-hidden='false' data-av_icon='\ue8f3' data-av_iconfont='entypo-fontello' title='' data-avia-related-tooltip='Compartir en Facebook' rel=\"noopener\"><span class='avia_hidden_link_text'>Compartir en Facebook<\/span><\/a><\/li><li class='av-share-link av-social-link-twitter' ><a target=\"_blank\" aria-label=\"Compartir en Twitter\" href='https:\/\/twitter.com\/share?text=Calisto%20pide%20priorizar%20en%20nuevo%20terreno%20a%20comit%C3%A9s%20que%20proyectaban%20sus%20viviendas%20en%20la%20chacra%20Weber%20de%20Puerto%20Ays%C3%A9n&#038;url=https:\/\/radiorevelacionfm.cl\/?p=56533' aria-hidden='false' data-av_icon='\ue8f1' data-av_iconfont='entypo-fontello' title='' data-avia-related-tooltip='Compartir en Twitter' rel=\"noopener\"><span class='avia_hidden_link_text'>Compartir en Twitter<\/span><\/a><\/li><li class='av-share-link av-social-link-whatsapp' ><a target=\"_blank\" aria-label=\"Compartir en Whatsapp\" href='https:\/\/api.whatsapp.com\/send?text=https:\/\/radiorevelacionfm.cl\/?p=56533' aria-hidden='false' data-av_icon='\uf232' data-av_iconfont='entypo-fontello' title='' data-avia-related-tooltip='Compartir en Whatsapp' rel=\"noopener\"><span class='avia_hidden_link_text'>Compartir en Whatsapp<\/span><\/a><\/li><li class='av-share-link av-social-link-linkedin' ><a target=\"_blank\" aria-label=\"Compartir en LinkedIn\" href='https:\/\/linkedin.com\/shareArticle?mini=true&#038;title=Calisto%20pide%20priorizar%20en%20nuevo%20terreno%20a%20comit%C3%A9s%20que%20proyectaban%20sus%20viviendas%20en%20la%20chacra%20Weber%20de%20Puerto%20Ays%C3%A9n&#038;url=https:\/\/radiorevelacionfm.cl\/?p=56533' aria-hidden='false' data-av_icon='\ue8fc' data-av_iconfont='entypo-fontello' title='' data-avia-related-tooltip='Compartir en LinkedIn' rel=\"noopener\"><span class='avia_hidden_link_text'>Compartir en LinkedIn<\/span><\/a><\/li><li class='av-share-link av-social-link-mail' ><a  aria-label=\"Compartir por correo\" href='mailto:?subject=Calisto%20pide%20priorizar%20en%20nuevo%20terreno%20a%20comit%C3%A9s%20que%20proyectaban%20sus%20viviendas%20en%20la%20chacra%20Weber%20de%20Puerto%20Ays%C3%A9n&#038;body=https:\/\/radiorevelacionfm.cl\/?p=56533' aria-hidden='false' data-av_icon='\ue805' data-av_iconfont='entypo-fontello' title='' data-avia-related-tooltip='Compartir por correo'><span class='avia_hidden_link_text'>Compartir por correo<\/span><\/a><\/li><\/ul><\/div><\/div>\n<div  style='height:50px' class='hr hr-invisible   avia-builder-el-8  el_after_av_social_share  el_before_av_comments_list '><span class='hr-inner ' ><span class='hr-inner-style'><\/span><\/span><\/div>\n<div  class='av-buildercomment  av-blog-meta-html-info-disabled av-blog-meta-tag-disabled  '><\/div>\n","protected":false},"excerpt":{"rendered":"","protected":false},"author":1,"featured_media":56534,"comment_status":"closed","ping_status":"closed","sticky":false,"template":"","format":"standard","meta":{"footnotes":""},"categories":[57],"tags":[],"class_list":["post-56533","post","type-post","status-publish","format-standard","has-post-thumbnail","hentry","category-vivienda"],"jetpack_featured_media_url":"https:\/\/radiorevelacionfm.cl\/wp-content\/uploads\/2025\/07\/foto-calisto-reu-comitEs-3-1_optimized.jpg","_links":{"self":[{"href":"https:\/\/radiorevelacionfm.cl\/index.php?rest_route=\/wp\/v2\/posts\/56533","targetHints":{"allow":["GET"]}}],"collection":[{"href":"https:\/\/radiorevelacionfm.cl\/index.php?rest_route=\/wp\/v2\/posts"}],"about":[{"href":"https:\/\/radiorevelacionfm.cl\/index.php?rest_route=\/wp\/v2\/types\/post"}],"author":[{"embeddable":true,"href":"https:\/\/radiorevelacionfm.cl\/index.php?rest_route=\/wp\/v2\/users\/1"}],"replies":[{"embeddable":true,"href":"https:\/\/radiorevelacionfm.cl\/index.php?rest_route=%2Fwp%2Fv2%2Fcomments&post=56533"}],"version-history":[{"count":2,"href":"https:\/\/radiorevelacionfm.cl\/index.php?rest_route=\/wp\/v2\/posts\/56533\/revisions"}],"predecessor-version":[{"id":56547,"href":"https:\/\/radiorevelacionfm.cl\/index.php?rest_route=\/wp\/v2\/posts\/56533\/revisions\/56547"}],"wp:featuredmedia":[{"embeddable":true,"href":"https:\/\/radiorevelacionfm.cl\/index.php?rest_route=\/wp\/v2\/media\/56534"}],"wp:attachment":[{"href":"https:\/\/radiorevelacionfm.cl\/index.php?rest_route=%2Fwp%2Fv2%2Fmedia&parent=56533"}],"wp:term":[{"taxonomy":"category","embeddable":true,"href":"https:\/\/radiorevelacionfm.cl\/index.php?rest_route=%2Fwp%2Fv2%2Fcategories&post=56533"},{"taxonomy":"post_tag","embeddable":true,"href":"https:\/\/radiorevelacionfm.cl\/index.php?rest_route=%2Fwp%2Fv2%2Ftags&post=56533"}],"curies":[{"name":"wp","href":"https:\/\/api.w.org\/{rel}","templated":true}]}}