{"id":5653,"date":"2021-06-25T18:03:43","date_gmt":"2021-06-25T21:03:43","guid":{"rendered":"https:\/\/radiorevelacionfm.cl\/?p=5653"},"modified":"2021-06-25T18:17:03","modified_gmt":"2021-06-25T21:17:03","slug":"ex-alumno-del-liceo-san-felipe-benicio-es-parte-de-competencia-internacional-de-innovacion-docente","status":"publish","type":"post","link":"https:\/\/radiorevelacionfm.cl\/?p=5653","title":{"rendered":"Ex alumno del Liceo San Felipe Benicio es parte de competencia internacional de innovaci\u00f3n docente"},"content":{"rendered":"<div class=\"flex_column av_one_full  flex_column_div av-zero-column-padding first  avia-builder-el-0  el_before_av_one_full  avia-builder-el-first  \" style='border-radius:0px; '><div  class='avia-image-container  av-styling-    avia-builder-el-1  avia-builder-el-no-sibling  avia-align-center '  itemprop=\"image\" itemscope=\"itemscope\" itemtype=\"https:\/\/schema.org\/ImageObject\"  ><div class='avia-image-container-inner'><div class='avia-image-overlay-wrap'><img decoding=\"async\" class='wp-image-0 avia-img-lazy-loading-not-0 avia_image' src=\"https:\/\/radiorevelacionfm.cl\/wp-content\/uploads\/2021\/06\/Jorge-Maluenda-850x500_opt.jpg\" alt='' title=''   itemprop=\"thumbnailUrl\"  \/><\/div><\/div><\/div><\/div><div class=\"flex_column av_one_full  flex_column_div av-zero-column-padding first  avia-builder-el-2  el_after_av_one_full  el_before_av_one_full  column-top-margin\" style='border-radius:0px; '><section class=\"av_textblock_section \"  itemscope=\"itemscope\" itemtype=\"https:\/\/schema.org\/BlogPosting\" itemprop=\"blogPost\" ><div class='avia_textblock  '   itemprop=\"text\" ><p style=\"text-align: center;\"><strong><span style=\"font-size: 18pt;\">Ex alumno del Liceo San Felipe Benicio es parte de competencia internacional de innovaci\u00f3n docente <\/span><\/strong><\/p>\n<div id=\"gtx-trans\" style=\"position: absolute; left: -50px; top: 4.31534px;\">\n<div class=\"gtx-trans-icon\"><\/div>\n<\/div>\n<\/div><\/section><\/div><\/p>\n<div class=\"flex_column av_one_full  flex_column_div av-zero-column-padding first  avia-builder-el-4  el_after_av_one_full  el_before_av_hr  column-top-margin\" style='border-radius:0px; '><section class=\"av_textblock_section \"  itemscope=\"itemscope\" itemtype=\"https:\/\/schema.org\/BlogPosting\" itemprop=\"blogPost\" ><div class='avia_textblock  '   itemprop=\"text\" ><p style=\"text-align: justify;\">Jorge Maluenda Albornoz, psic\u00f3logo de profesi\u00f3n y actualmente docente de la Universidad de Concepci\u00f3n, es el ex alumno del Liceo San Felipe Benicio que se encuentra representando a nuestro pa\u00eds en el concurso realizado por la International Summer School for Professor Training, que reconoce los profesores latinoamericanos destacados en la categor\u00eda de \u00abInnovaci\u00f3n Pedag\u00f3gica\u00bb.<\/p>\n<p style=\"text-align: justify;\">Sobre la postulaci\u00f3n y el proyecto por el que lo han reconocido, Jorge Maluenda Albornoz, coment\u00f3 que \u00absurge de colegas con los que trabajo de distintos pa\u00edses de Latinoam\u00e9rica, y se basa en la trayectoria que hemos desarrollado durante a\u00f1os para incorporar m\u00e9todos de ense\u00f1anza activos y participativos en los que son los estudiantes el eje central\u00bb.<\/p>\n<p style=\"text-align: justify;\">\u00abNos eligieron entre las 3 mejores postulaciones debido a la extensi\u00f3n de nuestros aportes, hemos aplicado estos m\u00e9todos en distintos niveles educativos (escolar, t\u00e9cnico profesional, universitario y formaci\u00f3n profesoral), en distintos pa\u00edses con una red que abarca Chile, Colombia, Guatemala, Espa\u00f1a, M\u00e9xico, Per\u00fa, etc, y porque adem\u00e1s todo nuestro trabajo se basa en evidencia, es decir, aplicamos los m\u00e9todos, medimos sus efectos, publicamos y mejoramos los m\u00e9todos que son de acceso gratuito\u00bb, agreg\u00f3 el psic\u00f3logo.<\/p>\n<p style=\"text-align: justify;\">\u00abNuestra estrellita es el (i)PBL (Innovation Project-Based Learning) un m\u00e9todo que invent\u00e9 y he ido probando con evidencia, teniendo como objetivo formar a personas competentes en innovaci\u00f3n y emprendimiento. Siendo un m\u00e9todo \u00fanico en nuestro pa\u00eds y en la regi\u00f3n\u00bb, detall\u00f3 respecto de la iniciativa en competencia.<\/p>\n<p style=\"text-align: justify;\">Finalmente, Jorge Maluenda, agradeci\u00f3 el apoyo que ha recibido e inst\u00f3 a la comunidad regional a seguir apoyando a sus investigadores. \u00abAgradezco mucho el cari\u00f1o entregado y la invitaci\u00f3n es a seguir apoyando esta nominaci\u00f3n. Por un lado, por ser el \u00fanico chileno seleccionado, representar en parte tambi\u00e9n a la regi\u00f3n de Ays\u00e9n y todos los liceanos. Y por otro, porque creo que es un respaldo a la profesi\u00f3n docente que tanto ha sacrificado, con vocaci\u00f3n y amor por la educaci\u00f3n, para que durante esta pandemia podamos dar la mejor educaci\u00f3n posible a nuestro pa\u00eds\u00bb, enfatiz\u00f3.<\/p>\n<p style=\"text-align: justify;\">Para sumarse y apoyar a Jorge Maluenda Albornoz, que lidera por estrecho margen la votaci\u00f3n, se debe poner \u201cMe gusta\u201d a su video publicado en el Facebook de Corporaci\u00f3n Penser.<\/p>\n<div dir=\"auto\">Enlace directo del v\u00eddeo para sumar votaci\u00f3n:<\/div>\n<div dir=\"auto\"><a href=\"https:\/\/www.facebook.com\/pensercorp\/videos\/2849884918659094\" target=\"_blank\" rel=\"noopener noreferrer\" data-saferedirecturl=\"https:\/\/www.google.com\/url?q=https:\/\/www.facebook.com\/pensercorp\/videos\/2849884918659094&amp;source=gmail&amp;ust=1624740908070000&amp;usg=AFQjCNFNlPb-tCOJstrP1n4L1xVzNqmFaw\">https:\/\/www.facebook.com\/<wbr \/>pensercorp\/videos\/<wbr \/>2849884918659094<\/a><\/div>\n<\/div><\/section><\/div>\n<div  style='height:50px' class='hr hr-invisible   avia-builder-el-6  el_after_av_one_full  el_before_av_social_share '><span class='hr-inner ' ><span class='hr-inner-style'><\/span><\/span><\/div>\n<div  class='av-social-sharing-box  avia-builder-el-7  el_after_av_hr  el_before_av_hr  '><div class='av-share-box'><h5 class='av-share-link-description av-no-toc '>Compartir esta noticia<\/h5><ul class='av-share-box-list noLightbox'><li class='av-share-link av-social-link-facebook' ><a target=\"_blank\" aria-label=\"Compartir en Facebook\" href='https:\/\/www.facebook.com\/sharer.php?u=https:\/\/radiorevelacionfm.cl\/?p=5653&#038;t=Ex%20alumno%20del%20Liceo%20San%20Felipe%20Benicio%20es%20parte%20de%20competencia%20internacional%20de%20innovaci%C3%B3n%20docente' aria-hidden='false' data-av_icon='\ue8f3' data-av_iconfont='entypo-fontello' title='' data-avia-related-tooltip='Compartir en Facebook' rel=\"noopener\"><span class='avia_hidden_link_text'>Compartir en Facebook<\/span><\/a><\/li><li class='av-share-link av-social-link-twitter' ><a target=\"_blank\" aria-label=\"Compartir en Twitter\" href='https:\/\/twitter.com\/share?text=Ex%20alumno%20del%20Liceo%20San%20Felipe%20Benicio%20es%20parte%20de%20competencia%20internacional%20de%20innovaci%C3%B3n%20docente&#038;url=https:\/\/radiorevelacionfm.cl\/?p=5653' aria-hidden='false' data-av_icon='\ue8f1' data-av_iconfont='entypo-fontello' title='' data-avia-related-tooltip='Compartir en Twitter' rel=\"noopener\"><span class='avia_hidden_link_text'>Compartir en Twitter<\/span><\/a><\/li><li class='av-share-link av-social-link-whatsapp' ><a target=\"_blank\" aria-label=\"Compartir en Whatsapp\" href='https:\/\/api.whatsapp.com\/send?text=https:\/\/radiorevelacionfm.cl\/?p=5653' aria-hidden='false' data-av_icon='\uf232' data-av_iconfont='entypo-fontello' title='' data-avia-related-tooltip='Compartir en Whatsapp' rel=\"noopener\"><span class='avia_hidden_link_text'>Compartir en Whatsapp<\/span><\/a><\/li><li class='av-share-link av-social-link-linkedin' ><a target=\"_blank\" aria-label=\"Compartir en LinkedIn\" href='https:\/\/linkedin.com\/shareArticle?mini=true&#038;title=Ex%20alumno%20del%20Liceo%20San%20Felipe%20Benicio%20es%20parte%20de%20competencia%20internacional%20de%20innovaci%C3%B3n%20docente&#038;url=https:\/\/radiorevelacionfm.cl\/?p=5653' aria-hidden='false' data-av_icon='\ue8fc' data-av_iconfont='entypo-fontello' title='' data-avia-related-tooltip='Compartir en LinkedIn' rel=\"noopener\"><span class='avia_hidden_link_text'>Compartir en LinkedIn<\/span><\/a><\/li><li class='av-share-link av-social-link-mail' ><a  aria-label=\"Compartir por correo\" href='mailto:?subject=Ex%20alumno%20del%20Liceo%20San%20Felipe%20Benicio%20es%20parte%20de%20competencia%20internacional%20de%20innovaci%C3%B3n%20docente&#038;body=https:\/\/radiorevelacionfm.cl\/?p=5653' aria-hidden='false' data-av_icon='\ue805' data-av_iconfont='entypo-fontello' title='' data-avia-related-tooltip='Compartir por correo'><span class='avia_hidden_link_text'>Compartir por correo<\/span><\/a><\/li><\/ul><\/div><\/div>\n<div  style='height:50px' class='hr hr-invisible   avia-builder-el-8  el_after_av_social_share  el_before_av_comments_list '><span class='hr-inner ' ><span class='hr-inner-style'><\/span><\/span><\/div>\n<div  class='av-buildercomment  av-blog-meta-html-info-disabled av-blog-meta-tag-disabled  '><\/div>\n","protected":false},"excerpt":{"rendered":"","protected":false},"author":1,"featured_media":5656,"comment_status":"open","ping_status":"open","sticky":false,"template":"","format":"standard","meta":{"footnotes":""},"categories":[49],"tags":[],"class_list":["post-5653","post","type-post","status-publish","format-standard","has-post-thumbnail","hentry","category-educacion"],"jetpack_featured_media_url":"https:\/\/radiorevelacionfm.cl\/wp-content\/uploads\/2021\/06\/Jorge-Maluenda-opt2-1-1.jpg","_links":{"self":[{"href":"https:\/\/radiorevelacionfm.cl\/index.php?rest_route=\/wp\/v2\/posts\/5653","targetHints":{"allow":["GET"]}}],"collection":[{"href":"https:\/\/radiorevelacionfm.cl\/index.php?rest_route=\/wp\/v2\/posts"}],"about":[{"href":"https:\/\/radiorevelacionfm.cl\/index.php?rest_route=\/wp\/v2\/types\/post"}],"author":[{"embeddable":true,"href":"https:\/\/radiorevelacionfm.cl\/index.php?rest_route=\/wp\/v2\/users\/1"}],"replies":[{"embeddable":true,"href":"https:\/\/radiorevelacionfm.cl\/index.php?rest_route=%2Fwp%2Fv2%2Fcomments&post=5653"}],"version-history":[{"count":3,"href":"https:\/\/radiorevelacionfm.cl\/index.php?rest_route=\/wp\/v2\/posts\/5653\/revisions"}],"predecessor-version":[{"id":5659,"href":"https:\/\/radiorevelacionfm.cl\/index.php?rest_route=\/wp\/v2\/posts\/5653\/revisions\/5659"}],"wp:featuredmedia":[{"embeddable":true,"href":"https:\/\/radiorevelacionfm.cl\/index.php?rest_route=\/wp\/v2\/media\/5656"}],"wp:attachment":[{"href":"https:\/\/radiorevelacionfm.cl\/index.php?rest_route=%2Fwp%2Fv2%2Fmedia&parent=5653"}],"wp:term":[{"taxonomy":"category","embeddable":true,"href":"https:\/\/radiorevelacionfm.cl\/index.php?rest_route=%2Fwp%2Fv2%2Fcategories&post=5653"},{"taxonomy":"post_tag","embeddable":true,"href":"https:\/\/radiorevelacionfm.cl\/index.php?rest_route=%2Fwp%2Fv2%2Ftags&post=5653"}],"curies":[{"name":"wp","href":"https:\/\/api.w.org\/{rel}","templated":true}]}}