{"id":56528,"date":"2025-07-14T18:08:37","date_gmt":"2025-07-14T21:08:37","guid":{"rendered":"https:\/\/radiorevelacionfm.cl\/?p=56528"},"modified":"2025-07-14T18:08:37","modified_gmt":"2025-07-14T21:08:37","slug":"beer-fest-aysen-2025-desbordo-sabor-musica-y-comunidad-el-festival-cervecero-de-invierno-llego-para-quedarse-en-la-patagonia","status":"publish","type":"post","link":"https:\/\/radiorevelacionfm.cl\/?p=56528","title":{"rendered":"Beer Fest Ays\u00e9n 2025 desbord\u00f3 sabor, m\u00fasica y comunidad: el festival cervecero de invierno lleg\u00f3 para quedarse en la Patagonia"},"content":{"rendered":"<div class=\"flex_column av_one_full  flex_column_div av-zero-column-padding first  avia-builder-el-0  el_before_av_one_full  avia-builder-el-first  \" style='border-radius:0px; '><div  class='avia-image-container  av-styling-    avia-builder-el-1  avia-builder-el-no-sibling  avia-align-center '  itemprop=\"image\" itemscope=\"itemscope\" itemtype=\"https:\/\/schema.org\/ImageObject\"  ><div class='avia-image-container-inner'><div class='avia-image-overlay-wrap'><img decoding=\"async\" class='wp-image-56529 avia-img-lazy-loading-not-56529 avia_image' src=\"https:\/\/radiorevelacionfm.cl\/wp-content\/uploads\/2025\/07\/felipecaballero.cl-28-1-1.jpg\" alt='' title='felipecaballero.cl-28 (1) (1)' height=\"600\" width=\"900\"  itemprop=\"thumbnailUrl\" srcset=\"https:\/\/radiorevelacionfm.cl\/wp-content\/uploads\/2025\/07\/felipecaballero.cl-28-1-1.jpg 900w, https:\/\/radiorevelacionfm.cl\/wp-content\/uploads\/2025\/07\/felipecaballero.cl-28-1-1-300x200.jpg 300w, https:\/\/radiorevelacionfm.cl\/wp-content\/uploads\/2025\/07\/felipecaballero.cl-28-1-1-768x512.jpg 768w, https:\/\/radiorevelacionfm.cl\/wp-content\/uploads\/2025\/07\/felipecaballero.cl-28-1-1-705x470.jpg 705w, https:\/\/radiorevelacionfm.cl\/wp-content\/uploads\/2025\/07\/felipecaballero.cl-28-1-1-450x300.jpg 450w, https:\/\/radiorevelacionfm.cl\/wp-content\/uploads\/2025\/07\/felipecaballero.cl-28-1-1-600x400.jpg 600w\" sizes=\"(max-width: 900px) 100vw, 900px\" \/><\/div><\/div><\/div><\/div><div class=\"flex_column av_one_full  flex_column_div av-zero-column-padding first  avia-builder-el-2  el_after_av_one_full  el_before_av_one_full  column-top-margin\" style='border-radius:0px; '><section class=\"av_textblock_section \"  itemscope=\"itemscope\" itemtype=\"https:\/\/schema.org\/BlogPosting\" itemprop=\"blogPost\" ><div class='avia_textblock  '   itemprop=\"text\" ><p style=\"text-align: center;\"><strong><span style=\"font-size: 18pt;\">Beer Fest Ays\u00e9n 2025 desbord\u00f3 sabor, m\u00fasica y comunidad: el festival cervecero de invierno lleg\u00f3 para quedarse en la Patagonia<\/span><\/strong><\/p>\n<div id=\"gtx-trans\" style=\"position: absolute; left: -50px; top: 4.31534px;\">\n<div class=\"gtx-trans-icon\"><\/div>\n<\/div>\n<\/div><\/section><\/div><div class=\"flex_column av_one_full  flex_column_div av-zero-column-padding first  avia-builder-el-4  el_after_av_one_full  el_before_av_hr  column-top-margin\" style='border-radius:0px; '><section class=\"av_textblock_section \"  itemscope=\"itemscope\" itemtype=\"https:\/\/schema.org\/BlogPosting\" itemprop=\"blogPost\" ><div class='avia_textblock  '   itemprop=\"text\" ><p style=\"text-align: justify;\"><em>Con el gimnasio Nalcayec\u00a0 repleto durante todo el fin de semana, la primera edici\u00f3n del Beer Fest Ays\u00e9n se consagr\u00f3 como un \u00e9xito rotundo. Pese al clima lluvioso y nublado, la comunidad respondi\u00f3 con entusiasmo a esta fiesta invernal que combin\u00f3 cerveza artesanal, m\u00fasica en vivo, gastronom\u00eda local, charlas y un ambiente festivo que marc\u00f3 un antes y un despu\u00e9s en la escena cultural de la regi\u00f3n.<\/em><\/p>\n<p style=\"text-align: justify;\">El BeerFestAys\u00e9n 2025 cumpli\u00f3 su objetivo: brindar a la comunidad una alternativa cultural, festiva y de encuentro en pleno invierno patag\u00f3nico. Durante dos jornadas, el interior del Gimnasio Nalcayec se transform\u00f3 en un gran centro de celebraci\u00f3n, donde el fr\u00edo y la lluvia no fueron impedimento para reunir a cientos de personas en torno a la m\u00fasica en vivo, la cerveza artesanal, la gastronom\u00eda local y la vida en comunidad.<\/p>\n<p style=\"text-align: justify;\">Con un ambiente cargado de energ\u00eda, identidad regional y buena onda, el festival consolid\u00f3 su primera edici\u00f3n como un nuevo hito en la cartelera cultural del sur de Chile.<\/p>\n<p style=\"text-align: justify;\">La respuesta del p\u00fablico fue masiva. El recinto se mantuvo repleto durante ambas jornadas, con asistentes de Puerto Ays\u00e9n, Coyhaique y otras localidades que no dudaron en sumarse a la primera edici\u00f3n del evento cervecero m\u00e1s austral de Chile.<\/p>\n<p style=\"text-align: justify;\"><em>\u201cEstamos profundamente agradecidos por la tremenda respuesta de la comunidad. El Beer Fest Ays\u00e9n naci\u00f3 como una apuesta por ofrecer una alternativa cultural y festiva en pleno invierno, y ver el gimnasio repleto durante dos d\u00edas, pese a la lluvia y el fr\u00edo, nos confirma que dimos en el clavo. Las cervecer\u00edas del sur \u2013 Pilcheros, Alud, Fario, Hudson, Arisca, Valle Pangal, Camaruco, Pioneros, Caminos, Cerro Negro \u2013 respondieron con todo, y lo m\u00e1s lindo es que este fue tambi\u00e9n un evento verde: cada stand se sum\u00f3 al uso de eco vasos, que no solo ayudaron a reducir residuos, \u00a1sino que se convirtieron en objetos de colecci\u00f3n! La gente los buscaba, los intercambiaba, los guardaba como recuerdo. Fue una fiesta hermosa, consciente y llena de identidad. Beer Fest Ays\u00e9n lleg\u00f3 para quedarse en la Patagonia. Este es solo el comienzo\u201d<\/em>, se\u00f1al\u00f3 <strong>Karam Laibe<\/strong>, productor general del evento.<\/p>\n<p style=\"text-align: justify;\">M\u00e1s de 10 cervecer\u00edas del sur de Chile participaron de la muestra, junto a foodtrucks, emprendimientos regionales, zona kids, talleres de circo a\u00e9reo, charlas educativas sobre reciclaje y cultura cervecera, y una potente parrilla musical con bandas como <strong>Mahindra<\/strong>, <strong>JM Chand\u00eda<\/strong>, <strong>Pura Pilsen<\/strong>, <strong>Enric Jagg y Cynthia y Los 3<\/strong>,\u00a0 adem\u00e1s de los tributos a <strong>Los V\u00e1squez<\/strong> y <strong>Bloque Depresivo<\/strong>.<\/p>\n<p style=\"text-align: justify;\"><em>\u201cFue una oportunidad maravillosa para reencontrarnos como comunidad, sobre todo en invierno, cuando el clima muchas veces nos desanima. Ayer el gimnasio estaba llen\u00edsimo, la recepci\u00f3n fue muy positiva. Y lo m\u00e1s importante: ac\u00e1 se celebra con productos hechos con agua de nuestra Patagonia\u201d,<\/em> destac\u00f3 <strong>Claudia Andrade<\/strong>, colaboradora del evento y propietaria de <strong>Patio Michimalonco<\/strong>, quien tambi\u00e9n particip\u00f3 con un stand de chocolates, quesos y productos gourmet.<\/p>\n<p style=\"text-align: justify;\">Desde Puerto Cisnes, la <strong>Cervecer\u00eda Alud<\/strong> tambi\u00e9n fue parte de la fiesta.<\/p>\n<p style=\"text-align: justify;\"><em>\u201cLa experiencia fue buen\u00edsima. La gente de Ays\u00e9n y la regi\u00f3n es s\u00faper aperrada. Se ca\u00eda el cielo y vinieron igual. \u00a1Aguanten las cervezas artesanales! El pr\u00f3ximo a\u00f1o volvemos de todas maneras\u201d<\/em>, se\u00f1al\u00f3 su fundador, <strong>Felipe Jim\u00e9nez<\/strong>.<\/p>\n<p style=\"text-align: justify;\">El ambiente fue total. Incluso al cierre del evento, el grupo <strong>Sandunga de Pioneros<\/strong>, encargados del <strong>Tributo a Bloque Depresivo<\/strong>, sorprendieron con cueca y chamam\u00e9, desatando un tren humano de alegr\u00eda que recorri\u00f3 todo el gimnasio. La fiesta termin\u00f3 con baile, t\u00fanel y aplausos.<\/p>\n<p style=\"text-align: justify;\"><em>\u201cLa gente nos regal\u00f3 una noche maravillosa. Llenaron el espacio con emoci\u00f3n, a pesar del clima. Fue una jornada m\u00e1gica que agradecemos de coraz\u00f3n\u201d,<\/em> dijeron los integrantes de <strong>Dea2<\/strong>, grupo tributo a <strong>Los V\u00e1squez<\/strong>, que vino especialmente desde Osorno para presentarse en el evento.<\/p>\n<p style=\"text-align: justify;\">Desde la vereda musical local, la vocalista de <strong>Cynthia y Los 3<\/strong> comparti\u00f3:<br \/>\n<em>\u201cLa acogida de la gente fue realmente maravillosa, \u00a1fue como un karaoke gigante! Estamos felices de haber sido parte de esta primera edici\u00f3n y agradecidos por el cari\u00f1o del p\u00fablico\u201d<\/em>.<\/p>\n<p style=\"text-align: justify;\"><strong>Lo vivido este fin de semana en Puerto Ays\u00e9n marca un antes y un despu\u00e9s.<\/strong><br \/>\nEl Beer Fest Ays\u00e9n no solo demostr\u00f3 que es posible hacer fiesta en invierno: dej\u00f3 claro que la Patagonia tiene todo para convertirse en sede de grandes encuentros culturales, cerveceros y comunitarios.<\/p>\n<p style=\"text-align: justify;\">Esta fue solo la primera edici\u00f3n\u2026 y ya estamos so\u00f1ando en grande.<\/p>\n<p style=\"text-align: justify;\"><strong>Porque esto reci\u00e9n comienza.<\/strong><br \/>\nY Ays\u00e9n, desde ahora, tiene su propio festival.<\/p>\n<\/div><\/section><\/div><div  style='height:50px' class='hr hr-invisible   avia-builder-el-6  el_after_av_one_full  el_before_av_social_share '><span class='hr-inner ' ><span class='hr-inner-style'><\/span><\/span><\/div><\/p>\n<div  class='av-social-sharing-box  avia-builder-el-7  el_after_av_hr  el_before_av_hr  '><div class='av-share-box'><h5 class='av-share-link-description av-no-toc '>Compartir esta noticia<\/h5><ul class='av-share-box-list noLightbox'><li class='av-share-link av-social-link-facebook' ><a target=\"_blank\" aria-label=\"Compartir en Facebook\" href='https:\/\/www.facebook.com\/sharer.php?u=https:\/\/radiorevelacionfm.cl\/?p=56528&#038;t=Beer%20Fest%20Ays%C3%A9n%202025%20desbord%C3%B3%20sabor%2C%20m%C3%BAsica%20y%20comunidad%3A%20el%20festival%20cervecero%20de%20invierno%20lleg%C3%B3%20para%20quedarse%20en%20la%20Patagonia' aria-hidden='false' data-av_icon='\ue8f3' data-av_iconfont='entypo-fontello' title='' data-avia-related-tooltip='Compartir en Facebook' rel=\"noopener\"><span class='avia_hidden_link_text'>Compartir en Facebook<\/span><\/a><\/li><li class='av-share-link av-social-link-twitter' ><a target=\"_blank\" aria-label=\"Compartir en Twitter\" href='https:\/\/twitter.com\/share?text=Beer%20Fest%20Ays%C3%A9n%202025%20desbord%C3%B3%20sabor%2C%20m%C3%BAsica%20y%20comunidad%3A%20el%20festival%20cervecero%20de%20invierno%20lleg%C3%B3%20para%20quedarse%20en%20la%20Patagonia&#038;url=https:\/\/radiorevelacionfm.cl\/?p=56528' aria-hidden='false' data-av_icon='\ue8f1' data-av_iconfont='entypo-fontello' title='' data-avia-related-tooltip='Compartir en Twitter' rel=\"noopener\"><span class='avia_hidden_link_text'>Compartir en Twitter<\/span><\/a><\/li><li class='av-share-link av-social-link-whatsapp' ><a target=\"_blank\" aria-label=\"Compartir en Whatsapp\" href='https:\/\/api.whatsapp.com\/send?text=https:\/\/radiorevelacionfm.cl\/?p=56528' aria-hidden='false' data-av_icon='\uf232' data-av_iconfont='entypo-fontello' title='' data-avia-related-tooltip='Compartir en Whatsapp' rel=\"noopener\"><span class='avia_hidden_link_text'>Compartir en Whatsapp<\/span><\/a><\/li><li class='av-share-link av-social-link-linkedin' ><a target=\"_blank\" aria-label=\"Compartir en LinkedIn\" href='https:\/\/linkedin.com\/shareArticle?mini=true&#038;title=Beer%20Fest%20Ays%C3%A9n%202025%20desbord%C3%B3%20sabor%2C%20m%C3%BAsica%20y%20comunidad%3A%20el%20festival%20cervecero%20de%20invierno%20lleg%C3%B3%20para%20quedarse%20en%20la%20Patagonia&#038;url=https:\/\/radiorevelacionfm.cl\/?p=56528' aria-hidden='false' data-av_icon='\ue8fc' data-av_iconfont='entypo-fontello' title='' data-avia-related-tooltip='Compartir en LinkedIn' rel=\"noopener\"><span class='avia_hidden_link_text'>Compartir en LinkedIn<\/span><\/a><\/li><li class='av-share-link av-social-link-mail' ><a  aria-label=\"Compartir por correo\" href='mailto:?subject=Beer%20Fest%20Ays%C3%A9n%202025%20desbord%C3%B3%20sabor%2C%20m%C3%BAsica%20y%20comunidad%3A%20el%20festival%20cervecero%20de%20invierno%20lleg%C3%B3%20para%20quedarse%20en%20la%20Patagonia&#038;body=https:\/\/radiorevelacionfm.cl\/?p=56528' aria-hidden='false' data-av_icon='\ue805' data-av_iconfont='entypo-fontello' title='' data-avia-related-tooltip='Compartir por correo'><span class='avia_hidden_link_text'>Compartir por correo<\/span><\/a><\/li><\/ul><\/div><\/div>\n<div  style='height:50px' class='hr hr-invisible   avia-builder-el-8  el_after_av_social_share  el_before_av_comments_list '><span class='hr-inner ' ><span class='hr-inner-style'><\/span><\/span><\/div>\n<div  class='av-buildercomment  av-blog-meta-html-info-disabled av-blog-meta-tag-disabled  '><\/div>\n","protected":false},"excerpt":{"rendered":"","protected":false},"author":1,"featured_media":56529,"comment_status":"closed","ping_status":"closed","sticky":false,"template":"","format":"standard","meta":{"footnotes":""},"categories":[43],"tags":[],"class_list":["post-56528","post","type-post","status-publish","format-standard","has-post-thumbnail","hentry","category-musica"],"jetpack_featured_media_url":"https:\/\/radiorevelacionfm.cl\/wp-content\/uploads\/2025\/07\/felipecaballero.cl-28-1-1.jpg","_links":{"self":[{"href":"https:\/\/radiorevelacionfm.cl\/index.php?rest_route=\/wp\/v2\/posts\/56528","targetHints":{"allow":["GET"]}}],"collection":[{"href":"https:\/\/radiorevelacionfm.cl\/index.php?rest_route=\/wp\/v2\/posts"}],"about":[{"href":"https:\/\/radiorevelacionfm.cl\/index.php?rest_route=\/wp\/v2\/types\/post"}],"author":[{"embeddable":true,"href":"https:\/\/radiorevelacionfm.cl\/index.php?rest_route=\/wp\/v2\/users\/1"}],"replies":[{"embeddable":true,"href":"https:\/\/radiorevelacionfm.cl\/index.php?rest_route=%2Fwp%2Fv2%2Fcomments&post=56528"}],"version-history":[{"count":2,"href":"https:\/\/radiorevelacionfm.cl\/index.php?rest_route=\/wp\/v2\/posts\/56528\/revisions"}],"predecessor-version":[{"id":56531,"href":"https:\/\/radiorevelacionfm.cl\/index.php?rest_route=\/wp\/v2\/posts\/56528\/revisions\/56531"}],"wp:featuredmedia":[{"embeddable":true,"href":"https:\/\/radiorevelacionfm.cl\/index.php?rest_route=\/wp\/v2\/media\/56529"}],"wp:attachment":[{"href":"https:\/\/radiorevelacionfm.cl\/index.php?rest_route=%2Fwp%2Fv2%2Fmedia&parent=56528"}],"wp:term":[{"taxonomy":"category","embeddable":true,"href":"https:\/\/radiorevelacionfm.cl\/index.php?rest_route=%2Fwp%2Fv2%2Fcategories&post=56528"},{"taxonomy":"post_tag","embeddable":true,"href":"https:\/\/radiorevelacionfm.cl\/index.php?rest_route=%2Fwp%2Fv2%2Ftags&post=56528"}],"curies":[{"name":"wp","href":"https:\/\/api.w.org\/{rel}","templated":true}]}}