{"id":56524,"date":"2025-07-14T17:22:29","date_gmt":"2025-07-14T20:22:29","guid":{"rendered":"https:\/\/radiorevelacionfm.cl\/?p=56524"},"modified":"2025-07-14T17:22:29","modified_gmt":"2025-07-14T20:22:29","slug":"gobernador-regional-aysen-proyecto-de-sistemas-medianos-que-se-vota-en-la-camara-este-martes-es-clave-para-futuro-del-desarrollo-energetico-de-aysen","status":"publish","type":"post","link":"https:\/\/radiorevelacionfm.cl\/?p=56524","title":{"rendered":"Gobernador Regional Ays\u00e9n: Proyecto de Sistemas Medianos que se vota en la C\u00e1mara este martes, es clave para futuro del desarrollo energ\u00e9tico de Ays\u00e9n"},"content":{"rendered":"<div class=\"flex_column av_one_full  flex_column_div av-zero-column-padding first  avia-builder-el-0  el_before_av_one_full  avia-builder-el-first  \" style='border-radius:0px; '><div  class='avia-image-container  av-styling-    avia-builder-el-1  avia-builder-el-no-sibling  avia-align-center '  itemprop=\"image\" itemscope=\"itemscope\" itemtype=\"https:\/\/schema.org\/ImageObject\"  ><div class='avia-image-container-inner'><div class='avia-image-overlay-wrap'><img decoding=\"async\" class='wp-image-56525 avia-img-lazy-loading-not-56525 avia_image' src=\"https:\/\/radiorevelacionfm.cl\/wp-content\/uploads\/2025\/07\/gobernador-en-camara-diputados-1_optimized.jpg\" alt='' title='gobernador-en-c\u00e1mara-diputados-(1)_optimized' height=\"600\" width=\"800\"  itemprop=\"thumbnailUrl\" srcset=\"https:\/\/radiorevelacionfm.cl\/wp-content\/uploads\/2025\/07\/gobernador-en-camara-diputados-1_optimized.jpg 800w, https:\/\/radiorevelacionfm.cl\/wp-content\/uploads\/2025\/07\/gobernador-en-camara-diputados-1_optimized-300x225.jpg 300w, https:\/\/radiorevelacionfm.cl\/wp-content\/uploads\/2025\/07\/gobernador-en-camara-diputados-1_optimized-768x576.jpg 768w, https:\/\/radiorevelacionfm.cl\/wp-content\/uploads\/2025\/07\/gobernador-en-camara-diputados-1_optimized-705x529.jpg 705w, https:\/\/radiorevelacionfm.cl\/wp-content\/uploads\/2025\/07\/gobernador-en-camara-diputados-1_optimized-450x338.jpg 450w, https:\/\/radiorevelacionfm.cl\/wp-content\/uploads\/2025\/07\/gobernador-en-camara-diputados-1_optimized-600x450.jpg 600w\" sizes=\"(max-width: 800px) 100vw, 800px\" \/><\/div><\/div><\/div><\/div><div class=\"flex_column av_one_full  flex_column_div av-zero-column-padding first  avia-builder-el-2  el_after_av_one_full  el_before_av_one_full  column-top-margin\" style='border-radius:0px; '><section class=\"av_textblock_section \"  itemscope=\"itemscope\" itemtype=\"https:\/\/schema.org\/BlogPosting\" itemprop=\"blogPost\" ><div class='avia_textblock  '   itemprop=\"text\" ><p style=\"text-align: center;\"><strong><span style=\"font-size: 18pt;\">Gobernador Regional Ays\u00e9n: Proyecto de Sistemas Medianos que se vota en la C\u00e1mara este martes, es clave para futuro del desarrollo energ\u00e9tico de Ays\u00e9n<\/span><\/strong><\/p>\n<div id=\"gtx-trans\" style=\"position: absolute; left: -50px; top: 4.31534px;\">\n<div class=\"gtx-trans-icon\"><\/div>\n<\/div>\n<\/div><\/section><\/div><div class=\"flex_column av_one_full  flex_column_div av-zero-column-padding first  avia-builder-el-4  el_after_av_one_full  el_before_av_hr  column-top-margin\" style='border-radius:0px; '><section class=\"av_textblock_section \"  itemscope=\"itemscope\" itemtype=\"https:\/\/schema.org\/BlogPosting\" itemprop=\"blogPost\" ><div class='avia_textblock  '   itemprop=\"text\" ><p style=\"text-align: justify;\"><em>El proyecto de ley que perfecciona los Sistemas Medianos de Electricidad es clave para zonas extremas como la Regi\u00f3n de Ays\u00e9n y se encuentra en tabla para ser votado este martes en la C\u00e1mara de Diputados.<\/em><\/p>\n<p style=\"text-align: justify;\">El martes 15 de julio, se votar\u00e1 en la C\u00e1mara de Diputados el proyecto de ley que perfecciona los Sistemas Medianos de Electricidad y que es clave para el desarrollo energ\u00e9tico y productivo de zonas extremas como la Regi\u00f3n de Ays\u00e9n.<\/p>\n<p style=\"text-align: justify;\">Marcelo Santana Vargas, gobernador regional de Ays\u00e9n, ha participado activamente en el avance de esta iniciativa: \u201cEl proyecto de Sistemas Medianos es un proyecto de ley muy importante para nuestra regi\u00f3n. Esperamos que se resuelva de manera positiva en la votaci\u00f3n de la C\u00e1mara de esta semana. Nosotros hemos hablado con parlamentarios un poco d\u00e1ndole a entender la importancia que tiene esta nueva normativa para regiones como la Regi\u00f3n de Ays\u00e9n. Esto va a permitir tarifas mucho m\u00e1s competitivas, sobre todo en materia de tarifas comerciales, de tarifas industriales y, adem\u00e1s, permitir\u00e1 la entrada de nuevos actores a la generaci\u00f3n energ\u00e9tica en nuestro regi\u00f3n, que, como todo el mundo sabe, tiene una dependencia diesel demasiado importante y hay que avanzar por sobre todas las cosas en la generaci\u00f3n de energ\u00edas renovables no convencionales\u201d, enfatiz\u00f3.<\/p>\n<p style=\"text-align: justify;\">La diputada Marcia Raphael, presidenta de la Comisi\u00f3n de <a href=\"https:\/\/www.camara.cl\/legislacion\/comisiones\/integrantes.aspx?prmID=3321\">Zonas Extremas y Ant\u00e1rtica Chilena<\/a>, destac\u00f3 que Ays\u00e9n y Los Lagos ser\u00e1n las regiones m\u00e1s beneficiadas si se aprueba este proyecto: \u201cSin duda, que es importante para la regi\u00f3n por el potencial energ\u00e9tico que tenemos. Nos va a permitir generar energ\u00eda renovable no convencional. Hoy la matriz energ\u00e9tica es producida por m\u00e1s de un 54% por diesel y eso podr\u00edamos en el mediano y largo plazo reemplazarla por energ\u00eda renovable\u201d.<\/p>\n<p style=\"text-align: justify;\">Este proyecto, que ingres\u00f3 a la C\u00e1mara en enero de 2024, estuvo detenido hasta mayo de 2025. Ese mes, se reactiv\u00f3 su revisi\u00f3n parlamentaria gracias a gestiones del diputado Marco Sulantay de la Comisi\u00f3n de Miner\u00eda y Energ\u00eda. En esa oportunidad, particip\u00f3 el gobernador regional Marcelo Santana, quien present\u00f3 en el Congreso Nacional sobre la necesidad urgente de aprobar esta ley y el impacto que esto lograr\u00eda en el regi\u00f3n.<\/p>\n<p style=\"text-align: justify;\">Sobre la materia, el diputado Marco Sulantay, presidente de la Comisi\u00f3n de Miner\u00eda y Energ\u00eda, sostuvo que espera una gran adhesi\u00f3n para la aprobaci\u00f3n de este ley: \u201cEs muy importante para nosotros los diputados de la Comisi\u00f3n de Miner\u00eda y Energ\u00eda que este proyecto de Sistemas Medianos vaya ma\u00f1ana martes a la tabla y que se pueda votar con una amplia mayor\u00eda y con un amplio respaldo, porque necesitamos, primero, hacer justicia territorial respecto a la cobertura el\u00e9ctrica o energ\u00e9tica que tenemos que tener en nuestro pa\u00eds. En ese sentido, Ays\u00e9n no se puede quedar atr\u00e1s. No puede estar en desventaja con otras regiones de nuestro pa\u00eds y es por eso que vamos a concurrir con nuestro voto, pero tambi\u00e9n con todas las gestiones necesarias para que este proyecto salga aprobado con la m\u00e1xima cantidad de apoyos en la sala. Vamos a estar expectantes y ma\u00f1ana 15 de julio en la tarde pudiese ser un gran d\u00eda para Ays\u00e9n porque se dar\u00eda un paso para su desarrollo\u201d.<\/p>\n<p style=\"text-align: justify;\">La diputada Raphael enfatiz\u00f3 que ser\u00eda una gran noticia para Ays\u00e9n: \u201cPodr\u00edamos tener una independencia energ\u00e9tica, tendr\u00edamos un desarrollo sostenible. La energ\u00eda renovable nos permite la energ\u00eda limpia, oportunidades econ\u00f3micas, creando nuevas oportunidades para atraer inversi\u00f3n y generaci\u00f3n de empleo y nos mejora la calidad de vida, porque podr\u00edamos tener energ\u00eda limpia, confiable y m\u00e1s barata\u201d.<\/p>\n<p style=\"text-align: justify;\">El proyecto de ley ya ha sido revisado por la Comisi\u00f3n de Zonas Extremas y Ant\u00e1rtica Chilena, la Comisi\u00f3n de Miner\u00eda y Energ\u00eda y la Comisi\u00f3n de Hacienda. De ser aprobado, el proyecto pasar\u00eda a segundo tr\u00e1mite constitucional en el Senado.<\/p>\n<\/div><\/section><\/div><div  style='height:50px' class='hr hr-invisible   avia-builder-el-6  el_after_av_one_full  el_before_av_social_share '><span class='hr-inner ' ><span class='hr-inner-style'><\/span><\/span><\/div><\/p>\n<div  class='av-social-sharing-box  avia-builder-el-7  el_after_av_hr  el_before_av_hr  '><div class='av-share-box'><h5 class='av-share-link-description av-no-toc '>Compartir esta noticia<\/h5><ul class='av-share-box-list noLightbox'><li class='av-share-link av-social-link-facebook' ><a target=\"_blank\" aria-label=\"Compartir en Facebook\" href='https:\/\/www.facebook.com\/sharer.php?u=https:\/\/radiorevelacionfm.cl\/?p=56524&#038;t=Gobernador%20Regional%20Ays%C3%A9n%3A%20Proyecto%20de%20Sistemas%20Medianos%20que%20se%20vota%20en%20la%20C%C3%A1mara%20este%20martes%2C%20es%20clave%20para%20futuro%20del%20desarrollo%20energ%C3%A9tico%20de%20Ays%C3%A9n' aria-hidden='false' data-av_icon='\ue8f3' data-av_iconfont='entypo-fontello' title='' data-avia-related-tooltip='Compartir en Facebook' rel=\"noopener\"><span class='avia_hidden_link_text'>Compartir en Facebook<\/span><\/a><\/li><li class='av-share-link av-social-link-twitter' ><a target=\"_blank\" aria-label=\"Compartir en Twitter\" href='https:\/\/twitter.com\/share?text=Gobernador%20Regional%20Ays%C3%A9n%3A%20Proyecto%20de%20Sistemas%20Medianos%20que%20se%20vota%20en%20la%20C%C3%A1mara%20este%20martes%2C%20es%20clave%20para%20futuro%20del%20desarrollo%20energ%C3%A9tico%20de%20Ays%C3%A9n&#038;url=https:\/\/radiorevelacionfm.cl\/?p=56524' aria-hidden='false' data-av_icon='\ue8f1' data-av_iconfont='entypo-fontello' title='' data-avia-related-tooltip='Compartir en Twitter' rel=\"noopener\"><span class='avia_hidden_link_text'>Compartir en Twitter<\/span><\/a><\/li><li class='av-share-link av-social-link-whatsapp' ><a target=\"_blank\" aria-label=\"Compartir en Whatsapp\" href='https:\/\/api.whatsapp.com\/send?text=https:\/\/radiorevelacionfm.cl\/?p=56524' aria-hidden='false' data-av_icon='\uf232' data-av_iconfont='entypo-fontello' title='' data-avia-related-tooltip='Compartir en Whatsapp' rel=\"noopener\"><span class='avia_hidden_link_text'>Compartir en Whatsapp<\/span><\/a><\/li><li class='av-share-link av-social-link-linkedin' ><a target=\"_blank\" aria-label=\"Compartir en LinkedIn\" href='https:\/\/linkedin.com\/shareArticle?mini=true&#038;title=Gobernador%20Regional%20Ays%C3%A9n%3A%20Proyecto%20de%20Sistemas%20Medianos%20que%20se%20vota%20en%20la%20C%C3%A1mara%20este%20martes%2C%20es%20clave%20para%20futuro%20del%20desarrollo%20energ%C3%A9tico%20de%20Ays%C3%A9n&#038;url=https:\/\/radiorevelacionfm.cl\/?p=56524' aria-hidden='false' data-av_icon='\ue8fc' data-av_iconfont='entypo-fontello' title='' data-avia-related-tooltip='Compartir en LinkedIn' rel=\"noopener\"><span class='avia_hidden_link_text'>Compartir en LinkedIn<\/span><\/a><\/li><li class='av-share-link av-social-link-mail' ><a  aria-label=\"Compartir por correo\" href='mailto:?subject=Gobernador%20Regional%20Ays%C3%A9n%3A%20Proyecto%20de%20Sistemas%20Medianos%20que%20se%20vota%20en%20la%20C%C3%A1mara%20este%20martes%2C%20es%20clave%20para%20futuro%20del%20desarrollo%20energ%C3%A9tico%20de%20Ays%C3%A9n&#038;body=https:\/\/radiorevelacionfm.cl\/?p=56524' aria-hidden='false' data-av_icon='\ue805' data-av_iconfont='entypo-fontello' title='' data-avia-related-tooltip='Compartir por correo'><span class='avia_hidden_link_text'>Compartir por correo<\/span><\/a><\/li><\/ul><\/div><\/div>\n<div  style='height:50px' class='hr hr-invisible   avia-builder-el-8  el_after_av_social_share  el_before_av_comments_list '><span class='hr-inner ' ><span class='hr-inner-style'><\/span><\/span><\/div>\n<div  class='av-buildercomment  av-blog-meta-html-info-disabled av-blog-meta-tag-disabled  '><\/div>\n","protected":false},"excerpt":{"rendered":"","protected":false},"author":1,"featured_media":56525,"comment_status":"closed","ping_status":"closed","sticky":false,"template":"","format":"standard","meta":{"footnotes":""},"categories":[38],"tags":[],"class_list":["post-56524","post","type-post","status-publish","format-standard","has-post-thumbnail","hentry","category-regional"],"jetpack_featured_media_url":"https:\/\/radiorevelacionfm.cl\/wp-content\/uploads\/2025\/07\/gobernador-en-camara-diputados-1_optimized.jpg","_links":{"self":[{"href":"https:\/\/radiorevelacionfm.cl\/index.php?rest_route=\/wp\/v2\/posts\/56524","targetHints":{"allow":["GET"]}}],"collection":[{"href":"https:\/\/radiorevelacionfm.cl\/index.php?rest_route=\/wp\/v2\/posts"}],"about":[{"href":"https:\/\/radiorevelacionfm.cl\/index.php?rest_route=\/wp\/v2\/types\/post"}],"author":[{"embeddable":true,"href":"https:\/\/radiorevelacionfm.cl\/index.php?rest_route=\/wp\/v2\/users\/1"}],"replies":[{"embeddable":true,"href":"https:\/\/radiorevelacionfm.cl\/index.php?rest_route=%2Fwp%2Fv2%2Fcomments&post=56524"}],"version-history":[{"count":2,"href":"https:\/\/radiorevelacionfm.cl\/index.php?rest_route=\/wp\/v2\/posts\/56524\/revisions"}],"predecessor-version":[{"id":56527,"href":"https:\/\/radiorevelacionfm.cl\/index.php?rest_route=\/wp\/v2\/posts\/56524\/revisions\/56527"}],"wp:featuredmedia":[{"embeddable":true,"href":"https:\/\/radiorevelacionfm.cl\/index.php?rest_route=\/wp\/v2\/media\/56525"}],"wp:attachment":[{"href":"https:\/\/radiorevelacionfm.cl\/index.php?rest_route=%2Fwp%2Fv2%2Fmedia&parent=56524"}],"wp:term":[{"taxonomy":"category","embeddable":true,"href":"https:\/\/radiorevelacionfm.cl\/index.php?rest_route=%2Fwp%2Fv2%2Fcategories&post=56524"},{"taxonomy":"post_tag","embeddable":true,"href":"https:\/\/radiorevelacionfm.cl\/index.php?rest_route=%2Fwp%2Fv2%2Ftags&post=56524"}],"curies":[{"name":"wp","href":"https:\/\/api.w.org\/{rel}","templated":true}]}}