{"id":56520,"date":"2025-07-14T16:36:06","date_gmt":"2025-07-14T19:36:06","guid":{"rendered":"https:\/\/radiorevelacionfm.cl\/?p=56520"},"modified":"2025-07-14T16:36:06","modified_gmt":"2025-07-14T19:36:06","slug":"alcalde-martinez-valoro-unanimidad-para-la-creacion-de-la-corporacion-de-desarrollo-regional-de-aysen","status":"publish","type":"post","link":"https:\/\/radiorevelacionfm.cl\/?p=56520","title":{"rendered":"Alcalde Mart\u00ednez valor\u00f3 unanimidad para la creaci\u00f3n de la Corporaci\u00f3n de Desarrollo Regional de Ays\u00e9n"},"content":{"rendered":"<div class=\"flex_column av_one_full  flex_column_div av-zero-column-padding first  avia-builder-el-0  el_before_av_one_full  avia-builder-el-first  \" style='border-radius:0px; '><div  class='avia-image-container  av-styling-    avia-builder-el-1  avia-builder-el-no-sibling  avia-align-center '  itemprop=\"image\" itemscope=\"itemscope\" itemtype=\"https:\/\/schema.org\/ImageObject\"  ><div class='avia-image-container-inner'><div class='avia-image-overlay-wrap'><img decoding=\"async\" class='wp-image-56521 avia-img-lazy-loading-not-56521 avia_image' src=\"https:\/\/radiorevelacionfm.cl\/wp-content\/uploads\/2025\/07\/com5598-1_optimized.jpg\" alt='' title='_com5598-(1)_optimized' height=\"600\" width=\"897\"  itemprop=\"thumbnailUrl\" srcset=\"https:\/\/radiorevelacionfm.cl\/wp-content\/uploads\/2025\/07\/com5598-1_optimized.jpg 897w, https:\/\/radiorevelacionfm.cl\/wp-content\/uploads\/2025\/07\/com5598-1_optimized-300x201.jpg 300w, https:\/\/radiorevelacionfm.cl\/wp-content\/uploads\/2025\/07\/com5598-1_optimized-768x514.jpg 768w, https:\/\/radiorevelacionfm.cl\/wp-content\/uploads\/2025\/07\/com5598-1_optimized-705x472.jpg 705w, https:\/\/radiorevelacionfm.cl\/wp-content\/uploads\/2025\/07\/com5598-1_optimized-450x301.jpg 450w, https:\/\/radiorevelacionfm.cl\/wp-content\/uploads\/2025\/07\/com5598-1_optimized-600x401.jpg 600w\" sizes=\"(max-width: 897px) 100vw, 897px\" \/><\/div><\/div><\/div><\/div><div class=\"flex_column av_one_full  flex_column_div av-zero-column-padding first  avia-builder-el-2  el_after_av_one_full  el_before_av_one_full  column-top-margin\" style='border-radius:0px; '><section class=\"av_textblock_section \"  itemscope=\"itemscope\" itemtype=\"https:\/\/schema.org\/BlogPosting\" itemprop=\"blogPost\" ><div class='avia_textblock  '   itemprop=\"text\" ><p style=\"text-align: center;\"><span style=\"font-size: 18pt;\"><strong>Alcalde Mart\u00ednez valor\u00f3 unanimidad para la creaci\u00f3n de la Corporaci\u00f3n de Desarrollo Regional de Ays\u00e9n<\/strong><\/span><\/p>\n<div id=\"gtx-trans\" style=\"position: absolute; left: -50px; top: 4.31534px;\">\n<div class=\"gtx-trans-icon\"><\/div>\n<\/div>\n<\/div><\/section><\/div><div class=\"flex_column av_one_full  flex_column_div av-zero-column-padding first  avia-builder-el-4  el_after_av_one_full  el_before_av_hr  column-top-margin\" style='border-radius:0px; '><section class=\"av_textblock_section \"  itemscope=\"itemscope\" itemtype=\"https:\/\/schema.org\/BlogPosting\" itemprop=\"blogPost\" ><div class='avia_textblock  '   itemprop=\"text\" ><p style=\"text-align: justify;\"><em>Se\u00f1al\u00f3 que \u201cesperamos pueda funcionar como un brazo articulado desde Puerto Ays\u00e9n. Para lo cual, estamos disponibles como municipio para ser parte de la gobernanza\u201d.<\/em><\/p>\n<p style=\"text-align: justify;\">Como una iniciativa muy requerida y que -espera- pueda llegar efectivamente a las diez comunas de la regi\u00f3n, calific\u00f3 el edil de Ays\u00e9n, Luis Mart\u00ednez, la reciente aprobaci\u00f3n en plenario por parte del gobierno regional de Ays\u00e9n para la creaci\u00f3n de la Corporaci\u00f3n de Desarrollo Regional de Ays\u00e9n.<\/p>\n<p style=\"text-align: justify;\">Una instancia que, de acuerdo a lo esgrimido en el Consejo Regional de Ays\u00e9n, busca acelerar la inversi\u00f3n y la implementaci\u00f3n de proyectos, facilitando la colaboraci\u00f3n entre el sector p\u00fablico y privado.<\/p>\n<p style=\"text-align: justify;\">Instrumento largamente esperado tras, al menos, quince a\u00f1os de discusi\u00f3n. El cual tiene como objetivo ejecutar pol\u00edticas p\u00fablicas, las cuales vayan en sinton\u00eda con las necesidades regionales. De esta manera, contribuir a impulsar de manera m\u00e1s eficiente el desarrollo de Ays\u00e9n, de la mano de sus comunas y su realidad local.<\/p>\n<p style=\"text-align: justify;\">\u201cLa verdad es que estamos muy conformes con la votaci\u00f3n y, sobre todo, con el trabajo que ha tenido el gobernador regional en poder unificar cada uno de los criterios y que permiti\u00f3 esta votaci\u00f3n un\u00e1nime\u201d, expres\u00f3 la autoridad comunal, agregando que \u201csin duda, \u00e9sta es una herramienta que nos dar\u00e1 muchos resultados porque permitir\u00e1 agilizar procesos, desarrollar diferentes \u00e1reas y, por supuesto, estamos muy esperanzados que sea descentralizado, y que esperamos pueda funcionar como un brazo articulado desde Puerto Ays\u00e9n. Para lo cual, queremos ser parte del directorio como municipio, porque justamente estamos en un epicentro de desarrollo, por lo cual tenemos mucho que aportar hacia la regi\u00f3n. Estamos totalmente disponibles para ser parte de la gobernanza\u201d.<\/p>\n<p style=\"text-align: justify;\">Al respecto, el alcalde aysenino fue enf\u00e1tico al indicar que \u201cdesde esta comuna generamos casi el 23 por ciento del Producto Interno Bruto, PIB regional, a partir de nuestro litoral en sus diversas formas. Pero tambi\u00e9n en el desarrollo tur\u00edstico, en el contexto del trabajo que estamos realizando con miras hacia el Plan de Desarrollo Tur\u00edstico Comunal, PLADETUR, donde nuestra meta es consolidarnos de aqu\u00ed a 2028 como destino tur\u00edstico\u201d.<\/p>\n<p style=\"text-align: justify;\">Relev\u00f3 que existen \u00e1reas vitales en pro del crecimiento y desarrollo productivo de la regi\u00f3n, especialmente apuntada hacia los habitantes de la comuna aysenina, como son pesca y acuicultura, energ\u00eda renovable, deporte y turismo, entre otros. Por lo cual se hace fundamental, tras esta aprobaci\u00f3n, avanzar hacia la creaci\u00f3n de estatutos y, posteriormente, conformar la directiva que acompa\u00f1ar\u00e1 a su presidente, gobernador de la regi\u00f3n de Ays\u00e9n. Y cuya asamblea, estar\u00e1 integrada por gremios productivos, empresas, asociaci\u00f3n regional de municipalidades, instituciones de educaci\u00f3n superior, entre otras, buscando representar a todo el territorio regional.<\/p>\n<\/div><\/section><\/div><div  style='height:50px' class='hr hr-invisible   avia-builder-el-6  el_after_av_one_full  el_before_av_social_share '><span class='hr-inner ' ><span class='hr-inner-style'><\/span><\/span><\/div><\/p>\n<div  class='av-social-sharing-box  avia-builder-el-7  el_after_av_hr  el_before_av_hr  '><div class='av-share-box'><h5 class='av-share-link-description av-no-toc '>Compartir esta noticia<\/h5><ul class='av-share-box-list noLightbox'><li class='av-share-link av-social-link-facebook' ><a target=\"_blank\" aria-label=\"Compartir en Facebook\" href='https:\/\/www.facebook.com\/sharer.php?u=https:\/\/radiorevelacionfm.cl\/?p=56520&#038;t=Alcalde%20Mart%C3%ADnez%20valor%C3%B3%20unanimidad%20para%20la%20creaci%C3%B3n%20de%20la%20Corporaci%C3%B3n%20de%20Desarrollo%20Regional%20de%20Ays%C3%A9n' aria-hidden='false' data-av_icon='\ue8f3' data-av_iconfont='entypo-fontello' title='' data-avia-related-tooltip='Compartir en Facebook' rel=\"noopener\"><span class='avia_hidden_link_text'>Compartir en Facebook<\/span><\/a><\/li><li class='av-share-link av-social-link-twitter' ><a target=\"_blank\" aria-label=\"Compartir en Twitter\" href='https:\/\/twitter.com\/share?text=Alcalde%20Mart%C3%ADnez%20valor%C3%B3%20unanimidad%20para%20la%20creaci%C3%B3n%20de%20la%20Corporaci%C3%B3n%20de%20Desarrollo%20Regional%20de%20Ays%C3%A9n&#038;url=https:\/\/radiorevelacionfm.cl\/?p=56520' aria-hidden='false' data-av_icon='\ue8f1' data-av_iconfont='entypo-fontello' title='' data-avia-related-tooltip='Compartir en Twitter' rel=\"noopener\"><span class='avia_hidden_link_text'>Compartir en Twitter<\/span><\/a><\/li><li class='av-share-link av-social-link-whatsapp' ><a target=\"_blank\" aria-label=\"Compartir en Whatsapp\" href='https:\/\/api.whatsapp.com\/send?text=https:\/\/radiorevelacionfm.cl\/?p=56520' aria-hidden='false' data-av_icon='\uf232' data-av_iconfont='entypo-fontello' title='' data-avia-related-tooltip='Compartir en Whatsapp' rel=\"noopener\"><span class='avia_hidden_link_text'>Compartir en Whatsapp<\/span><\/a><\/li><li class='av-share-link av-social-link-linkedin' ><a target=\"_blank\" aria-label=\"Compartir en LinkedIn\" href='https:\/\/linkedin.com\/shareArticle?mini=true&#038;title=Alcalde%20Mart%C3%ADnez%20valor%C3%B3%20unanimidad%20para%20la%20creaci%C3%B3n%20de%20la%20Corporaci%C3%B3n%20de%20Desarrollo%20Regional%20de%20Ays%C3%A9n&#038;url=https:\/\/radiorevelacionfm.cl\/?p=56520' aria-hidden='false' data-av_icon='\ue8fc' data-av_iconfont='entypo-fontello' title='' data-avia-related-tooltip='Compartir en LinkedIn' rel=\"noopener\"><span class='avia_hidden_link_text'>Compartir en LinkedIn<\/span><\/a><\/li><li class='av-share-link av-social-link-mail' ><a  aria-label=\"Compartir por correo\" href='mailto:?subject=Alcalde%20Mart%C3%ADnez%20valor%C3%B3%20unanimidad%20para%20la%20creaci%C3%B3n%20de%20la%20Corporaci%C3%B3n%20de%20Desarrollo%20Regional%20de%20Ays%C3%A9n&#038;body=https:\/\/radiorevelacionfm.cl\/?p=56520' aria-hidden='false' data-av_icon='\ue805' data-av_iconfont='entypo-fontello' title='' data-avia-related-tooltip='Compartir por correo'><span class='avia_hidden_link_text'>Compartir por correo<\/span><\/a><\/li><\/ul><\/div><\/div>\n<div  style='height:50px' class='hr hr-invisible   avia-builder-el-8  el_after_av_social_share  el_before_av_comments_list '><span class='hr-inner ' ><span class='hr-inner-style'><\/span><\/span><\/div>\n<div  class='av-buildercomment  av-blog-meta-html-info-disabled av-blog-meta-tag-disabled  '><\/div>\n","protected":false},"excerpt":{"rendered":"","protected":false},"author":1,"featured_media":56521,"comment_status":"closed","ping_status":"closed","sticky":false,"template":"","format":"standard","meta":{"footnotes":""},"categories":[38],"tags":[],"class_list":["post-56520","post","type-post","status-publish","format-standard","has-post-thumbnail","hentry","category-regional"],"jetpack_featured_media_url":"https:\/\/radiorevelacionfm.cl\/wp-content\/uploads\/2025\/07\/com5598-1_optimized.jpg","_links":{"self":[{"href":"https:\/\/radiorevelacionfm.cl\/index.php?rest_route=\/wp\/v2\/posts\/56520","targetHints":{"allow":["GET"]}}],"collection":[{"href":"https:\/\/radiorevelacionfm.cl\/index.php?rest_route=\/wp\/v2\/posts"}],"about":[{"href":"https:\/\/radiorevelacionfm.cl\/index.php?rest_route=\/wp\/v2\/types\/post"}],"author":[{"embeddable":true,"href":"https:\/\/radiorevelacionfm.cl\/index.php?rest_route=\/wp\/v2\/users\/1"}],"replies":[{"embeddable":true,"href":"https:\/\/radiorevelacionfm.cl\/index.php?rest_route=%2Fwp%2Fv2%2Fcomments&post=56520"}],"version-history":[{"count":2,"href":"https:\/\/radiorevelacionfm.cl\/index.php?rest_route=\/wp\/v2\/posts\/56520\/revisions"}],"predecessor-version":[{"id":56523,"href":"https:\/\/radiorevelacionfm.cl\/index.php?rest_route=\/wp\/v2\/posts\/56520\/revisions\/56523"}],"wp:featuredmedia":[{"embeddable":true,"href":"https:\/\/radiorevelacionfm.cl\/index.php?rest_route=\/wp\/v2\/media\/56521"}],"wp:attachment":[{"href":"https:\/\/radiorevelacionfm.cl\/index.php?rest_route=%2Fwp%2Fv2%2Fmedia&parent=56520"}],"wp:term":[{"taxonomy":"category","embeddable":true,"href":"https:\/\/radiorevelacionfm.cl\/index.php?rest_route=%2Fwp%2Fv2%2Fcategories&post=56520"},{"taxonomy":"post_tag","embeddable":true,"href":"https:\/\/radiorevelacionfm.cl\/index.php?rest_route=%2Fwp%2Fv2%2Ftags&post=56520"}],"curies":[{"name":"wp","href":"https:\/\/api.w.org\/{rel}","templated":true}]}}