{"id":56515,"date":"2025-07-14T15:18:31","date_gmt":"2025-07-14T18:18:31","guid":{"rendered":"https:\/\/radiorevelacionfm.cl\/?p=56515"},"modified":"2025-07-14T15:18:54","modified_gmt":"2025-07-14T18:18:54","slug":"sandoval-tras-visitar-centros-que-atienden-a-adultos-mayores-y-personas-con-discapacidad-tenemos-que-ver-como-nivelamos-la-atencion-de-igual-calidad-que-debe-tener-la-gente-vulnerable-y-r","status":"publish","type":"post","link":"https:\/\/radiorevelacionfm.cl\/?p=56515","title":{"rendered":"Sandoval tras visitar centros que atienden a adultos mayores y personas con discapacidad: \u201cTenemos que ver c\u00f3mo nivelamos la atenci\u00f3n, de igual calidad, que debe tener la gente vulnerable y resolver los problemas\u201d"},"content":{"rendered":"<div class=\"flex_column av_one_full  flex_column_div av-zero-column-padding first  avia-builder-el-0  el_before_av_one_full  avia-builder-el-first  \" style='border-radius:0px; '><div  class='avia-image-container  av-styling-    avia-builder-el-1  avia-builder-el-no-sibling  avia-align-center '  itemprop=\"image\" itemscope=\"itemscope\" itemtype=\"https:\/\/schema.org\/ImageObject\"  ><div class='avia-image-container-inner'><div class='avia-image-overlay-wrap'><img decoding=\"async\" class='wp-image-56516 avia-img-lazy-loading-not-56516 avia_image' src=\"https:\/\/radiorevelacionfm.cl\/wp-content\/uploads\/2025\/07\/visita-aysEn-rehabilita-puerto-aysEn-1_optimized.jpg\" alt='' title='visita-ays\u00c9n-rehabilita-puerto-ays\u00c9n-(1)_optimized' height=\"600\" width=\"903\"  itemprop=\"thumbnailUrl\" srcset=\"https:\/\/radiorevelacionfm.cl\/wp-content\/uploads\/2025\/07\/visita-aysEn-rehabilita-puerto-aysEn-1_optimized.jpg 903w, https:\/\/radiorevelacionfm.cl\/wp-content\/uploads\/2025\/07\/visita-aysEn-rehabilita-puerto-aysEn-1_optimized-300x199.jpg 300w, https:\/\/radiorevelacionfm.cl\/wp-content\/uploads\/2025\/07\/visita-aysEn-rehabilita-puerto-aysEn-1_optimized-768x510.jpg 768w, https:\/\/radiorevelacionfm.cl\/wp-content\/uploads\/2025\/07\/visita-aysEn-rehabilita-puerto-aysEn-1_optimized-705x468.jpg 705w, https:\/\/radiorevelacionfm.cl\/wp-content\/uploads\/2025\/07\/visita-aysEn-rehabilita-puerto-aysEn-1_optimized-450x299.jpg 450w, https:\/\/radiorevelacionfm.cl\/wp-content\/uploads\/2025\/07\/visita-aysEn-rehabilita-puerto-aysEn-1_optimized-600x399.jpg 600w\" sizes=\"(max-width: 903px) 100vw, 903px\" \/><\/div><\/div><\/div><\/div>\n<div class=\"flex_column av_one_full  flex_column_div av-zero-column-padding first  avia-builder-el-2  el_after_av_one_full  el_before_av_one_full  column-top-margin\" style='border-radius:0px; '><section class=\"av_textblock_section \"  itemscope=\"itemscope\" itemtype=\"https:\/\/schema.org\/BlogPosting\" itemprop=\"blogPost\" ><div class='avia_textblock  '   itemprop=\"text\" ><p style=\"text-align: center;\"><span style=\"font-size: 18pt;\"><strong>Sandoval tras visitar centros que atienden a adultos mayores y personas con discapacidad: <\/strong><strong>\u201cTenemos que ver c\u00f3mo nivelamos la atenci\u00f3n, de igual calidad, que debe tener la gente vulnerable y resolver los problemas\u201d<\/strong><\/span><\/p>\n<div id=\"gtx-trans\" style=\"position: absolute; left: -50px; top: 4.31534px;\">\n<div class=\"gtx-trans-icon\"><\/div>\n<\/div>\n<\/div><\/section><\/div><div class=\"flex_column av_one_full  flex_column_div av-zero-column-padding first  avia-builder-el-4  el_after_av_one_full  el_before_av_hr  column-top-margin\" style='border-radius:0px; '><section class=\"av_textblock_section \"  itemscope=\"itemscope\" itemtype=\"https:\/\/schema.org\/BlogPosting\" itemprop=\"blogPost\" ><div class='avia_textblock  '   itemprop=\"text\" ><p style=\"text-align: justify;\"><em>Parlamentario visit\u00f3 hogar Padre Antonio Ronchi de la Obra Don Guanella, el centro de Rehabilitaci\u00f3n del Club de Leones en Cochrane y el centro Ays\u00e9n Rehabilita de Puerto Ays\u00e9n.<\/em><\/p>\n<p style=\"text-align: justify;\">\u201cTenemos que ver c\u00f3mo nivelamos la atenci\u00f3n, de igual calidad, que debe tener la gente vulnerable y resolver los problemas\u201d. As\u00ed lo afirm\u00f3 el senador David Sandoval luego de que en las \u00faltimas semanas visitara establecimientos que se dedican a la atenci\u00f3n de adultos mayores y personas con discapacidad en distintos puntos de la regi\u00f3n de Ays\u00e9n.<\/p>\n<p style=\"text-align: justify;\">Uno de ellos fue el hogar Padre Antonio Ronchi de la obra don Guanella, donde Sandoval se\u00f1al\u00f3: \u201cnos percatamos de las numerosas dificultades que tiene el establecimiento para llevar adelante la atenci\u00f3n de decenas de mayores que est\u00e1n en diferentes condiciones y donde los Cooperadores de la Obra Don Guanella, realizan un gesto humano de mucha preocupaci\u00f3n\u201d.<\/p>\n<p style=\"text-align: justify;\">Junto con ello, el parlamentario tambi\u00e9n visit\u00f3 el centro de rehabilitaci\u00f3n del Club de Leones en Cochrane, donde requieren de una nueva infraestructura para desarrollar de mejor manera su trabajo. \u201cVislumbramos con el alcalde Patricio Ulloa la necesidad de mejorar la situaci\u00f3n de infraestructura del establecimiento, en realidad cambiar la infraestructura. Hoy est\u00e1n ocupando una antigua casa que ocupaban funcionarios docentes de la Escuela Teniente Merino\u201d, puntualiz\u00f3.<\/p>\n<p style=\"text-align: justify;\">Asimismo, en los \u00faltimos d\u00edas, se reuni\u00f3 con los funcionarios del centro Ays\u00e9n Rehabilita de Puerto Ays\u00e9n, corporaci\u00f3n abocada al mismo esfuerzo y objetivo, \u201ccon ingentes costos en materia de operaci\u00f3n, dificultades t\u00edpicas de financiamiento para llevar adelante una atenci\u00f3n adecuada\u201d, destacando adem\u00e1s que el establecimiento extiende sus atenciones a Villa Ma\u00f1ihuales, Puerto Aguirre, Estero Copa y Caleta Andrade, entre otras localidades de la comuna de Ays\u00e9n. \u201cRealizan una labor meritoria\u201d, destac\u00f3, a lo que tambi\u00e9n suma lo que realiza el centro Rehabilita del Club de Leones en Coyhaique \u201cque tienen importantes proyectos y que se hacen cargo de esta realidad\u201d.<\/p>\n<p style=\"text-align: justify;\">Por lo mismo, es que el legislador recalc\u00f3 que la labor que realizan estos centros \u201cson un servicio de apoyo, que ayuda la labor del Estado en materia de protecci\u00f3n de las personas vulnerables\u201d, por lo que a su juicio, amerita una mirada diferente hoy en d\u00eda en materia de atenci\u00f3n.<\/p>\n<p style=\"text-align: justify;\">Sandoval ejemplific\u00f3 con las diferencias que hay respecto del ELEAM que funciona en la capital regional. \u201cEl Estado construy\u00f3 el Establecimiento de Larga Estad\u00eda de Adultos Mayores en Coyhaique, una obra espectacular con una infraestructura de primer nivel, un servicio de atenci\u00f3n a las personas que realmente es envidiable, pero unas cuadras m\u00e1s all\u00e1 est\u00e1 la Obra Don Guanella, con el mismo objetivo, pero en una disparidad donde la calidad de atenci\u00f3n evidentemente es muy distinta\u201d, subray\u00f3.<\/p>\n<p style=\"text-align: justify;\">Por eso que considera fundamental un cambio de mirada, donde valora el rol que puede cumplir el GORE Ays\u00e9n en esta materia. \u201cEsto creo que debemos regularlo y amerita precisamente de parte del Gobierno Regional, que hemos sabido de su disposici\u00f3n, para ver la forma de c\u00f3mo nivelamos la atenci\u00f3n leg\u00edtima, de igual calidad que debe tener la gente vulnerable y resolver los problemas, de infraestructura, financieros, el rol que debe tener el Servicio de Salud tambi\u00e9n en esta relaci\u00f3n\u201d, puntualiz\u00f3.<\/p>\n<p style=\"text-align: justify;\">Finalmente, el senador Sandoval dijo confiar que se avance en estrategias nuevas que permitan nivelar la atenci\u00f3n en los distintos recintos. \u201cEste es un tema transversal, que apunta a un objetivo humano social de primer nivel y destacamos la labor de todas las instituciones que se abocan a ello y ojal\u00e1 se dise\u00f1en las estrategias para facilitar el trabajo tan importante que realizan en la regi\u00f3n de Ays\u00e9n\u201d, concluy\u00f3.<\/p>\n<\/div><\/section><\/div><\/p>\n<div  style='height:50px' class='hr hr-invisible   avia-builder-el-6  el_after_av_one_full  el_before_av_social_share '><span class='hr-inner ' ><span class='hr-inner-style'><\/span><\/span><\/div>\n<div  class='av-social-sharing-box  avia-builder-el-7  el_after_av_hr  el_before_av_hr  '><div class='av-share-box'><h5 class='av-share-link-description av-no-toc '>Compartir esta noticia<\/h5><ul class='av-share-box-list noLightbox'><li class='av-share-link av-social-link-facebook' ><a target=\"_blank\" aria-label=\"Compartir en Facebook\" href='https:\/\/www.facebook.com\/sharer.php?u=https:\/\/radiorevelacionfm.cl\/?p=56515&#038;t=Sandoval%20tras%20visitar%20centros%20que%20atienden%20a%20adultos%20mayores%20y%20personas%20con%20discapacidad%3A%20%E2%80%9CTenemos%20que%20ver%20c%C3%B3mo%20nivelamos%20la%20atenci%C3%B3n%2C%20de%20igual%20calidad%2C%20que%20debe%20tener%20la%20gente%20vulnerable%20y%20resolver%20los%20problemas%E2%80%9D' aria-hidden='false' data-av_icon='\ue8f3' data-av_iconfont='entypo-fontello' title='' data-avia-related-tooltip='Compartir en Facebook' rel=\"noopener\"><span class='avia_hidden_link_text'>Compartir en Facebook<\/span><\/a><\/li><li class='av-share-link av-social-link-twitter' ><a target=\"_blank\" aria-label=\"Compartir en Twitter\" href='https:\/\/twitter.com\/share?text=Sandoval%20tras%20visitar%20centros%20que%20atienden%20a%20adultos%20mayores%20y%20personas%20con%20discapacidad%3A%20%E2%80%9CTenemos%20que%20ver%20c%C3%B3mo%20nivelamos%20la%20atenci%C3%B3n%2C%20de%20igual%20calidad%2C%20que%20debe%20tener%20la%20gente%20vulnerable%20y%20resolver%20los%20problemas%E2%80%9D&#038;url=https:\/\/radiorevelacionfm.cl\/?p=56515' aria-hidden='false' data-av_icon='\ue8f1' data-av_iconfont='entypo-fontello' title='' data-avia-related-tooltip='Compartir en Twitter' rel=\"noopener\"><span class='avia_hidden_link_text'>Compartir en Twitter<\/span><\/a><\/li><li class='av-share-link av-social-link-whatsapp' ><a target=\"_blank\" aria-label=\"Compartir en Whatsapp\" href='https:\/\/api.whatsapp.com\/send?text=https:\/\/radiorevelacionfm.cl\/?p=56515' aria-hidden='false' data-av_icon='\uf232' data-av_iconfont='entypo-fontello' title='' data-avia-related-tooltip='Compartir en Whatsapp' rel=\"noopener\"><span class='avia_hidden_link_text'>Compartir en Whatsapp<\/span><\/a><\/li><li class='av-share-link av-social-link-linkedin' ><a target=\"_blank\" aria-label=\"Compartir en LinkedIn\" href='https:\/\/linkedin.com\/shareArticle?mini=true&#038;title=Sandoval%20tras%20visitar%20centros%20que%20atienden%20a%20adultos%20mayores%20y%20personas%20con%20discapacidad%3A%20%E2%80%9CTenemos%20que%20ver%20c%C3%B3mo%20nivelamos%20la%20atenci%C3%B3n%2C%20de%20igual%20calidad%2C%20que%20debe%20tener%20la%20gente%20vulnerable%20y%20resolver%20los%20problemas%E2%80%9D&#038;url=https:\/\/radiorevelacionfm.cl\/?p=56515' aria-hidden='false' data-av_icon='\ue8fc' data-av_iconfont='entypo-fontello' title='' data-avia-related-tooltip='Compartir en LinkedIn' rel=\"noopener\"><span class='avia_hidden_link_text'>Compartir en LinkedIn<\/span><\/a><\/li><li class='av-share-link av-social-link-mail' ><a  aria-label=\"Compartir por correo\" href='mailto:?subject=Sandoval%20tras%20visitar%20centros%20que%20atienden%20a%20adultos%20mayores%20y%20personas%20con%20discapacidad%3A%20%E2%80%9CTenemos%20que%20ver%20c%C3%B3mo%20nivelamos%20la%20atenci%C3%B3n%2C%20de%20igual%20calidad%2C%20que%20debe%20tener%20la%20gente%20vulnerable%20y%20resolver%20los%20problemas%E2%80%9D&#038;body=https:\/\/radiorevelacionfm.cl\/?p=56515' aria-hidden='false' data-av_icon='\ue805' data-av_iconfont='entypo-fontello' title='' data-avia-related-tooltip='Compartir por correo'><span class='avia_hidden_link_text'>Compartir por correo<\/span><\/a><\/li><\/ul><\/div><\/div>\n<div  style='height:50px' class='hr hr-invisible   avia-builder-el-8  el_after_av_social_share  el_before_av_comments_list '><span class='hr-inner ' ><span class='hr-inner-style'><\/span><\/span><\/div>\n<div  class='av-buildercomment  av-blog-meta-html-info-disabled av-blog-meta-tag-disabled  '><\/div>\n","protected":false},"excerpt":{"rendered":"","protected":false},"author":1,"featured_media":56516,"comment_status":"closed","ping_status":"closed","sticky":false,"template":"","format":"standard","meta":{"footnotes":""},"categories":[35],"tags":[],"class_list":["post-56515","post","type-post","status-publish","format-standard","has-post-thumbnail","hentry","category-politica"],"jetpack_featured_media_url":"https:\/\/radiorevelacionfm.cl\/wp-content\/uploads\/2025\/07\/visita-aysEn-rehabilita-puerto-aysEn-1_optimized.jpg","_links":{"self":[{"href":"https:\/\/radiorevelacionfm.cl\/index.php?rest_route=\/wp\/v2\/posts\/56515","targetHints":{"allow":["GET"]}}],"collection":[{"href":"https:\/\/radiorevelacionfm.cl\/index.php?rest_route=\/wp\/v2\/posts"}],"about":[{"href":"https:\/\/radiorevelacionfm.cl\/index.php?rest_route=\/wp\/v2\/types\/post"}],"author":[{"embeddable":true,"href":"https:\/\/radiorevelacionfm.cl\/index.php?rest_route=\/wp\/v2\/users\/1"}],"replies":[{"embeddable":true,"href":"https:\/\/radiorevelacionfm.cl\/index.php?rest_route=%2Fwp%2Fv2%2Fcomments&post=56515"}],"version-history":[{"count":3,"href":"https:\/\/radiorevelacionfm.cl\/index.php?rest_route=\/wp\/v2\/posts\/56515\/revisions"}],"predecessor-version":[{"id":56518,"href":"https:\/\/radiorevelacionfm.cl\/index.php?rest_route=\/wp\/v2\/posts\/56515\/revisions\/56518"}],"wp:featuredmedia":[{"embeddable":true,"href":"https:\/\/radiorevelacionfm.cl\/index.php?rest_route=\/wp\/v2\/media\/56516"}],"wp:attachment":[{"href":"https:\/\/radiorevelacionfm.cl\/index.php?rest_route=%2Fwp%2Fv2%2Fmedia&parent=56515"}],"wp:term":[{"taxonomy":"category","embeddable":true,"href":"https:\/\/radiorevelacionfm.cl\/index.php?rest_route=%2Fwp%2Fv2%2Fcategories&post=56515"},{"taxonomy":"post_tag","embeddable":true,"href":"https:\/\/radiorevelacionfm.cl\/index.php?rest_route=%2Fwp%2Fv2%2Ftags&post=56515"}],"curies":[{"name":"wp","href":"https:\/\/api.w.org\/{rel}","templated":true}]}}