{"id":56510,"date":"2025-07-14T14:51:37","date_gmt":"2025-07-14T17:51:37","guid":{"rendered":"https:\/\/radiorevelacionfm.cl\/?p=56510"},"modified":"2025-07-14T15:00:50","modified_gmt":"2025-07-14T18:00:50","slug":"autoridades-llamaron-a-la-prevencion-y-autocuidado-ante-sistemas-frontales-en-aysen","status":"publish","type":"post","link":"https:\/\/radiorevelacionfm.cl\/?p=56510","title":{"rendered":"Autoridades llamaron a la prevenci\u00f3n y autocuidado ante sistemas frontales en Ays\u00e9n"},"content":{"rendered":"<div class=\"flex_column av_one_full  flex_column_div av-zero-column-padding first  avia-builder-el-0  el_before_av_one_full  avia-builder-el-first  \" style='border-radius:0px; '><div  class='avia-image-container  av-styling-    avia-builder-el-1  avia-builder-el-no-sibling  avia-align-center '  itemprop=\"image\" itemscope=\"itemscope\" itemtype=\"https:\/\/schema.org\/ImageObject\"  ><div class='avia-image-container-inner'><div class='avia-image-overlay-wrap'><img decoding=\"async\" class='wp-image-56511 avia-img-lazy-loading-not-56511 avia_image' src=\"https:\/\/radiorevelacionfm.cl\/wp-content\/uploads\/2025\/07\/518327876_10234754795344072_5042091758563480910_n-1_optimized-1.jpg\" alt='' title='518327876_10234754795344072_5042091758563480910_n-(1)_optimized (1)' height=\"600\" width=\"1067\"  itemprop=\"thumbnailUrl\" srcset=\"https:\/\/radiorevelacionfm.cl\/wp-content\/uploads\/2025\/07\/518327876_10234754795344072_5042091758563480910_n-1_optimized-1.jpg 1067w, https:\/\/radiorevelacionfm.cl\/wp-content\/uploads\/2025\/07\/518327876_10234754795344072_5042091758563480910_n-1_optimized-1-300x169.jpg 300w, https:\/\/radiorevelacionfm.cl\/wp-content\/uploads\/2025\/07\/518327876_10234754795344072_5042091758563480910_n-1_optimized-1-1030x579.jpg 1030w, https:\/\/radiorevelacionfm.cl\/wp-content\/uploads\/2025\/07\/518327876_10234754795344072_5042091758563480910_n-1_optimized-1-768x432.jpg 768w, https:\/\/radiorevelacionfm.cl\/wp-content\/uploads\/2025\/07\/518327876_10234754795344072_5042091758563480910_n-1_optimized-1-705x396.jpg 705w, https:\/\/radiorevelacionfm.cl\/wp-content\/uploads\/2025\/07\/518327876_10234754795344072_5042091758563480910_n-1_optimized-1-450x253.jpg 450w, https:\/\/radiorevelacionfm.cl\/wp-content\/uploads\/2025\/07\/518327876_10234754795344072_5042091758563480910_n-1_optimized-1-600x337.jpg 600w\" sizes=\"(max-width: 1067px) 100vw, 1067px\" \/><\/div><\/div><\/div><\/div>\n<div class=\"flex_column av_one_full  flex_column_div av-zero-column-padding first  avia-builder-el-2  el_after_av_one_full  el_before_av_one_full  column-top-margin\" style='border-radius:0px; '><section class=\"av_textblock_section \"  itemscope=\"itemscope\" itemtype=\"https:\/\/schema.org\/BlogPosting\" itemprop=\"blogPost\" ><div class='avia_textblock  '   itemprop=\"text\" ><p style=\"text-align: center;\"><span style=\"font-size: 18pt;\"><b>Autoridades llamaron a la prevenci\u00f3n y autocuidado ante sistemas frontales en Ays\u00e9n<\/b><\/span><\/p>\n<div id=\"gtx-trans\" style=\"position: absolute; left: -50px; top: 4.31534px;\">\n<div class=\"gtx-trans-icon\"><\/div>\n<\/div>\n<\/div><\/section><\/div>\n<div class=\"flex_column av_one_full  flex_column_div av-zero-column-padding first  avia-builder-el-4  el_after_av_one_full  el_before_av_hr  column-top-margin\" style='border-radius:0px; '><section class=\"av_textblock_section \"  itemscope=\"itemscope\" itemtype=\"https:\/\/schema.org\/BlogPosting\" itemprop=\"blogPost\" ><div class='avia_textblock  '   itemprop=\"text\" ><p style=\"font-weight: 400; text-align: justify;\"><em>El fin de semana hubo cerca de 350 mil\u00edmetros de precipitaciones, esper\u00e1ndose que este mi\u00e9rcoles ingrese un nuevo sistema frontal al territorio.<\/em><\/p>\n<p style=\"font-weight: 400; text-align: justify;\">Un fuerte llamado a la prevenci\u00f3n y al autocuidado ante los sistemas frontales de invierno, hicieron autoridades de Gobierno en el marco del monitoreo y an\u00e1lisis del sistema frontal con cerca de 350 mil\u00edmetros de precipitaciones que hubo el fin de semana y el que ingresar\u00eda este mi\u00e9rcoles 16 de julio a la Regi\u00f3n de Ays\u00e9n.<\/p>\n<p style=\"font-weight: 400; text-align: justify;\">El Delegado Presidencial Regional, Jorge D\u00edaz Guzm\u00e1n, encabez\u00f3 este lunes una mesa t\u00e9cnica con el director de Senapred, Alejandro Solar; las seremis de Gobierno, \u00darsula Mix, y de Seguridad P\u00fablica, Ruth Vallejos; el Jefe de la XI Zona de Carabineros, Eduardo Palma; y directores regionales de Vialidad, Renzo Sanders; de Obras Hidr\u00e1ulicas, Francisco Real; Direcci\u00f3n General de Aguas, H\u00e9ctor Cortez; subdirector de Gesti\u00f3n Asistencial del Servicio de Salud Ays\u00e9n, Rodrigo Verdugo, y equipo de la Seremi de Transportes, entre otros.<\/p>\n<p style=\"font-weight: 400; text-align: justify;\">\u201cUn frente con casi 350 mil\u00edmetros de precipitaciones el fin de semana. Estuvimos preocupados del puente mecano en el Pangal 2 en Puerto Ays\u00e9n y un bus de turismo hacia Bah\u00eda Exploradores, donde varios servicios debieron concurrir para atender ese tipo de contingencias. Vamos a tener un nuevo frente, para lo cual cada sector va a generar la mayor cantidad de mensajes a la ciudadan\u00eda, a fin de evitar situaciones de riesgo de las personas, que es lo que principalmente nos preocupa, luego la conectividad de toda la Ruta 7 y generar la seguridad general a trav\u00e9s de toda la red p\u00fablica\u201d, enfatiz\u00f3 el Delegado Jorge D\u00edaz.<\/p>\n<p style=\"font-weight: 400; text-align: justify;\">En cuanto a los m\u00e1s de 3.500 kil\u00f3metros de red vial regional, el director de Vialidad indic\u00f3 que \u201centre Puerto R\u00edo Tranquilo y Puerto Ays\u00e9n se concentraron las inundaciones y puntos complejos. Hubo tres situaciones, la principal y m\u00e1s compleja fue el bus de turismo que estuvo en Exploradores, la crecida del r\u00edo en el sector Puente Murta 2, por prevenci\u00f3n se cerr\u00f3 la Ruta 7 entre Castillo y Murta, y el puente mecano Pangal que se cerr\u00f3 preventivamente, lo que se ha normalizado\u201d.<\/p>\n<p style=\"font-weight: 400; text-align: justify;\">El general Eduardo Palma recalc\u00f3 la importancia de respetar las indicaciones de las autoridades competentes para evitar hechos que lamentar.<\/p>\n<p style=\"font-weight: 400; text-align: justify;\">\u201cUn furg\u00f3n con turistas en el sector de Exploradores -pese a haber se\u00f1al\u00e9tica- traspasa estas barreras y hubo que hacer un procedimiento de rescate. Adem\u00e1s, hubo un desplazamiento de tierra en la ruta Chacabuco-Puerto Ays\u00e9n y el conductor alcanza a maniobrar ante un rodado, resultando con lesiones leves. El llamado es a ser responsables, responsabilidad a leer la se\u00f1al\u00e9tica si va a conducir, informarse del estado de las rutas y ser parte de la prevenci\u00f3n para tener unas vacaciones en forma segura, que es lo que m\u00e1s nos interesa para no tener v\u00edctimas que lamentar\u201d.<\/p>\n<p style=\"font-weight: 400; text-align: justify;\"><strong>La red asistencial y suministros b\u00e1sicos est\u00e1n preparados<\/strong><\/p>\n<p style=\"font-weight: 400; text-align: justify;\">El subdirector de Gesti\u00f3n Asistencial del Servicio de Salud Ays\u00e9n, Rodrigo Verdugo recalc\u00f3 que \u201cnuestro llamado es a mantener la precauci\u00f3n, compartir la experiencia con personas nuevas, que se han venido a vivir hace poco, o quienes est\u00e9n de paseo. Hay que protegerse este fin de semana, resguardarse, porque el informe del clima nos habla de algo parecido este fin de semana. La red de salud est\u00e1 preparada, la red de urgencia tiene coordinaci\u00f3n para hacer traslados, ya sea por v\u00eda terrestre, a\u00e9rea, mar\u00edtima o lacustre y hay que llamar a permanecer en sus domicilios, en sus hogares, ventilar adecuadamente y el autocuidado para los pr\u00f3ximos d\u00edas\u201d.<\/p>\n<p style=\"font-weight: 400; text-align: justify;\">El director regional de Senapred Alejandro Solar indic\u00f3 que el trabajo se mantendr\u00e1 mediante mesas t\u00e9cnicas, ya que \u201ceste mi\u00e9rcoles est\u00e1 previsto que ingrese un nuevo frente a la regi\u00f3n, con cerca de 70 mil\u00edmetros de agua, y podr\u00eda volver a nevar en algunos puntos. Llamamos a la responsabilidad y a mantenerse informados para adoptar las medidas\u201d.<\/p>\n<p style=\"font-weight: 400; text-align: justify;\">La crecida de los r\u00edos incidi\u00f3 en el normal funcionamiento de los Servicios Sanitarios Rurales en varias localidades de la regi\u00f3n, sin embargo, el abastecimiento de agua se mantuvo de manera intermitente y se registraron momentos de disminuci\u00f3n en la presi\u00f3n del agua debido a la sedimentaci\u00f3n.<\/p>\n<p style=\"font-weight: 400; text-align: justify;\">Actualmente, los Comit\u00e9s de Agua Potable est\u00e1n trabajando en la normalizaci\u00f3n de los sistemas, lo que permitir\u00e1 restablecer la presi\u00f3n y calidad del servicio en las pr\u00f3ximas horas.<\/p>\n<\/div><\/section><\/div><div  style='height:50px' class='hr hr-invisible   avia-builder-el-6  el_after_av_one_full  el_before_av_social_share '><span class='hr-inner ' ><span class='hr-inner-style'><\/span><\/span><\/div><\/p>\n<div  class='av-social-sharing-box  avia-builder-el-7  el_after_av_hr  el_before_av_hr  '><div class='av-share-box'><h5 class='av-share-link-description av-no-toc '>Compartir esta noticia<\/h5><ul class='av-share-box-list noLightbox'><li class='av-share-link av-social-link-facebook' ><a target=\"_blank\" aria-label=\"Compartir en Facebook\" href='https:\/\/www.facebook.com\/sharer.php?u=https:\/\/radiorevelacionfm.cl\/?p=56510&#038;t=Autoridades%20llamaron%20a%20la%20prevenci%C3%B3n%20y%20autocuidado%20ante%20sistemas%20frontales%20en%20Ays%C3%A9n' aria-hidden='false' data-av_icon='\ue8f3' data-av_iconfont='entypo-fontello' title='' data-avia-related-tooltip='Compartir en Facebook' rel=\"noopener\"><span class='avia_hidden_link_text'>Compartir en Facebook<\/span><\/a><\/li><li class='av-share-link av-social-link-twitter' ><a target=\"_blank\" aria-label=\"Compartir en Twitter\" href='https:\/\/twitter.com\/share?text=Autoridades%20llamaron%20a%20la%20prevenci%C3%B3n%20y%20autocuidado%20ante%20sistemas%20frontales%20en%20Ays%C3%A9n&#038;url=https:\/\/radiorevelacionfm.cl\/?p=56510' aria-hidden='false' data-av_icon='\ue8f1' data-av_iconfont='entypo-fontello' title='' data-avia-related-tooltip='Compartir en Twitter' rel=\"noopener\"><span class='avia_hidden_link_text'>Compartir en Twitter<\/span><\/a><\/li><li class='av-share-link av-social-link-whatsapp' ><a target=\"_blank\" aria-label=\"Compartir en Whatsapp\" href='https:\/\/api.whatsapp.com\/send?text=https:\/\/radiorevelacionfm.cl\/?p=56510' aria-hidden='false' data-av_icon='\uf232' data-av_iconfont='entypo-fontello' title='' data-avia-related-tooltip='Compartir en Whatsapp' rel=\"noopener\"><span class='avia_hidden_link_text'>Compartir en Whatsapp<\/span><\/a><\/li><li class='av-share-link av-social-link-linkedin' ><a target=\"_blank\" aria-label=\"Compartir en LinkedIn\" href='https:\/\/linkedin.com\/shareArticle?mini=true&#038;title=Autoridades%20llamaron%20a%20la%20prevenci%C3%B3n%20y%20autocuidado%20ante%20sistemas%20frontales%20en%20Ays%C3%A9n&#038;url=https:\/\/radiorevelacionfm.cl\/?p=56510' aria-hidden='false' data-av_icon='\ue8fc' data-av_iconfont='entypo-fontello' title='' data-avia-related-tooltip='Compartir en LinkedIn' rel=\"noopener\"><span class='avia_hidden_link_text'>Compartir en LinkedIn<\/span><\/a><\/li><li class='av-share-link av-social-link-mail' ><a  aria-label=\"Compartir por correo\" href='mailto:?subject=Autoridades%20llamaron%20a%20la%20prevenci%C3%B3n%20y%20autocuidado%20ante%20sistemas%20frontales%20en%20Ays%C3%A9n&#038;body=https:\/\/radiorevelacionfm.cl\/?p=56510' aria-hidden='false' data-av_icon='\ue805' data-av_iconfont='entypo-fontello' title='' data-avia-related-tooltip='Compartir por correo'><span class='avia_hidden_link_text'>Compartir por correo<\/span><\/a><\/li><\/ul><\/div><\/div>\n<div  style='height:50px' class='hr hr-invisible   avia-builder-el-8  el_after_av_social_share  el_before_av_comments_list '><span class='hr-inner ' ><span class='hr-inner-style'><\/span><\/span><\/div>\n<div  class='av-buildercomment  av-blog-meta-html-info-disabled av-blog-meta-tag-disabled  '><\/div>\n","protected":false},"excerpt":{"rendered":"","protected":false},"author":1,"featured_media":56511,"comment_status":"closed","ping_status":"closed","sticky":false,"template":"","format":"standard","meta":{"footnotes":""},"categories":[38],"tags":[],"class_list":["post-56510","post","type-post","status-publish","format-standard","has-post-thumbnail","hentry","category-regional"],"jetpack_featured_media_url":"https:\/\/radiorevelacionfm.cl\/wp-content\/uploads\/2025\/07\/518327876_10234754795344072_5042091758563480910_n-1_optimized-1.jpg","_links":{"self":[{"href":"https:\/\/radiorevelacionfm.cl\/index.php?rest_route=\/wp\/v2\/posts\/56510","targetHints":{"allow":["GET"]}}],"collection":[{"href":"https:\/\/radiorevelacionfm.cl\/index.php?rest_route=\/wp\/v2\/posts"}],"about":[{"href":"https:\/\/radiorevelacionfm.cl\/index.php?rest_route=\/wp\/v2\/types\/post"}],"author":[{"embeddable":true,"href":"https:\/\/radiorevelacionfm.cl\/index.php?rest_route=\/wp\/v2\/users\/1"}],"replies":[{"embeddable":true,"href":"https:\/\/radiorevelacionfm.cl\/index.php?rest_route=%2Fwp%2Fv2%2Fcomments&post=56510"}],"version-history":[{"count":3,"href":"https:\/\/radiorevelacionfm.cl\/index.php?rest_route=\/wp\/v2\/posts\/56510\/revisions"}],"predecessor-version":[{"id":56514,"href":"https:\/\/radiorevelacionfm.cl\/index.php?rest_route=\/wp\/v2\/posts\/56510\/revisions\/56514"}],"wp:featuredmedia":[{"embeddable":true,"href":"https:\/\/radiorevelacionfm.cl\/index.php?rest_route=\/wp\/v2\/media\/56511"}],"wp:attachment":[{"href":"https:\/\/radiorevelacionfm.cl\/index.php?rest_route=%2Fwp%2Fv2%2Fmedia&parent=56510"}],"wp:term":[{"taxonomy":"category","embeddable":true,"href":"https:\/\/radiorevelacionfm.cl\/index.php?rest_route=%2Fwp%2Fv2%2Fcategories&post=56510"},{"taxonomy":"post_tag","embeddable":true,"href":"https:\/\/radiorevelacionfm.cl\/index.php?rest_route=%2Fwp%2Fv2%2Ftags&post=56510"}],"curies":[{"name":"wp","href":"https:\/\/api.w.org\/{rel}","templated":true}]}}