{"id":56500,"date":"2025-07-14T10:32:58","date_gmt":"2025-07-14T13:32:58","guid":{"rendered":"https:\/\/radiorevelacionfm.cl\/?p=56500"},"modified":"2025-07-14T10:32:58","modified_gmt":"2025-07-14T13:32:58","slug":"opinion-la-importancia-del-dialogo-internacional-para-el-pais","status":"publish","type":"post","link":"https:\/\/radiorevelacionfm.cl\/?p=56500","title":{"rendered":"Opini\u00f3n: La importancia del di\u00e1logo internacional para el pa\u00eds"},"content":{"rendered":"<div class=\"flex_column av_one_full  flex_column_div av-zero-column-padding first  avia-builder-el-0  el_before_av_one_full  avia-builder-el-first  \" style='border-radius:0px; '><div  class='avia-image-container  av-styling-    avia-builder-el-1  avia-builder-el-no-sibling  avia-align-center '  itemprop=\"image\" itemscope=\"itemscope\" itemtype=\"https:\/\/schema.org\/ImageObject\"  ><div class='avia-image-container-inner'><div class='avia-image-overlay-wrap'><img decoding=\"async\" class='wp-image-51751 avia-img-lazy-loading-not-51751 avia_image' src=\"https:\/\/radiorevelacionfm.cl\/wp-content\/uploads\/2025\/03\/Ursula-mix-seremi-de-gobierno-aysen-1_optimized.jpeg\" alt='' title='\u00darsula-mix,-seremi-de-gobierno-ays\u00e9n-(1)_optimized' height=\"600\" width=\"800\"  itemprop=\"thumbnailUrl\" srcset=\"https:\/\/radiorevelacionfm.cl\/wp-content\/uploads\/2025\/03\/Ursula-mix-seremi-de-gobierno-aysen-1_optimized.jpeg 800w, https:\/\/radiorevelacionfm.cl\/wp-content\/uploads\/2025\/03\/Ursula-mix-seremi-de-gobierno-aysen-1_optimized-300x225.jpeg 300w, https:\/\/radiorevelacionfm.cl\/wp-content\/uploads\/2025\/03\/Ursula-mix-seremi-de-gobierno-aysen-1_optimized-768x576.jpeg 768w, https:\/\/radiorevelacionfm.cl\/wp-content\/uploads\/2025\/03\/Ursula-mix-seremi-de-gobierno-aysen-1_optimized-705x529.jpeg 705w, https:\/\/radiorevelacionfm.cl\/wp-content\/uploads\/2025\/03\/Ursula-mix-seremi-de-gobierno-aysen-1_optimized-450x338.jpeg 450w, https:\/\/radiorevelacionfm.cl\/wp-content\/uploads\/2025\/03\/Ursula-mix-seremi-de-gobierno-aysen-1_optimized-600x450.jpeg 600w\" sizes=\"(max-width: 800px) 100vw, 800px\" \/><\/div><\/div><\/div><\/div><div class=\"flex_column av_one_full  flex_column_div av-zero-column-padding first  avia-builder-el-2  el_after_av_one_full  el_before_av_one_full  column-top-margin\" style='border-radius:0px; '><section class=\"av_textblock_section \"  itemscope=\"itemscope\" itemtype=\"https:\/\/schema.org\/BlogPosting\" itemprop=\"blogPost\" ><div class='avia_textblock  '   itemprop=\"text\" ><p style=\"text-align: center;\"><strong><span style=\"font-size: 18pt;\">Opini\u00f3n: La importancia del di\u00e1logo internacional para el pa\u00eds<\/span><\/strong><\/p>\n<div id=\"gtx-trans\" style=\"position: absolute; left: -50px; top: 4.31534px;\">\n<div class=\"gtx-trans-icon\"><\/div>\n<\/div>\n<\/div><\/section><\/div><div class=\"flex_column av_one_full  flex_column_div av-zero-column-padding first  avia-builder-el-4  el_after_av_one_full  el_before_av_hr  column-top-margin\" style='border-radius:0px; '><section class=\"av_textblock_section \"  itemscope=\"itemscope\" itemtype=\"https:\/\/schema.org\/BlogPosting\" itemprop=\"blogPost\" ><div class='avia_textblock  '   itemprop=\"text\" ><p style=\"text-align: justify;\"><em>Por: \u00darsula Mix Jim\u00e9nez, Seremi de Gobierno de la Regi\u00f3n de Ays\u00e9n<\/em><\/p>\n<p style=\"text-align: justify;\">Esta semana hemos visto como el anuncio del aumento de aranceles por parte de Estados Unidos a partir del primero de agosto a los pa\u00edses con los que no tenga convenio, tiene en vilo a la econom\u00eda internacional. Chile no es la excepci\u00f3n. La aplicaci\u00f3n de un arancel del 50% a las importaciones del cobre desat\u00f3 un inter\u00e9s particular en el avance de las relaciones econ\u00f3micas internacionales, cuesti\u00f3n manejada con prudencia desde el gobierno, avanzando a fines de julio en negociaciones en Washington.<\/p>\n<p style=\"text-align: justify;\">Como gobierno no nos quedamos de brazos cruzados, por el contrario, hemos trabajado con paso firme y de manera robusta en materia internacional, con diferentes visitas realizadas por el Presidente Gabriel Boric que apuntan a mejorar nuestra econom\u00eda y relaciones diplom\u00e1ticas con otros estados.<\/p>\n<p style=\"text-align: justify;\">La visita a Brasil reafirma la cooperaci\u00f3n latinoamericana ante las tensiones internacionales, ante la econom\u00eda m\u00e1s grande de Am\u00e9rica Latina y una de las potencias mundiales. Con esto, logramos los Acuerdos sobre Cooperaci\u00f3n en Seguridad P\u00fablica, Coproducci\u00f3n Audiovisual, LATAM-GPT entre Ministerios de Ciencias de Chile y Brasil, Asistencia Jur\u00eddica en Materia Penal, y los Memor\u00e1ndum de Entendimiento, que son acuerdos formales, pero no vinculantes legalmente, que establecen un marco general para futuras negociaciones, en este caso orientados a cooperaci\u00f3n consular y migratoria, agricultura familiar, pymes, relaciones econ\u00f3micas internacionales, uso de certificaci\u00f3n para el comercio de productos de origen animal, entre otros. Siendo relevante el proyecto del Corredor Bioce\u00e1nico de Capricornio, que busca conectar de manera eficiente los oc\u00e9anos Atl\u00e1ntico y Pac\u00edfico.<\/p>\n<p style=\"text-align: justify;\">Por otra parte, la visita a la India permite diversificar la econom\u00eda ante la inminente amenaza arancelaria, logrando acuerdos en econom\u00eda, miner\u00eda, gesti\u00f3n de desastres, cultura, suscribiendo diferentes convenios, programas y acuerdos en esta hist\u00f3rica visita. Destacando, el inicio de negociaciones para un Acuerdo de Asociaci\u00f3n Econ\u00f3mica Integral (CEPA), Memor\u00e1ndum entre Codelco y Hindustan Copper Limited, Carta de Intenciones sobre cooperaci\u00f3n ant\u00e1rtica, la alianza entre ProChile y la Indian SME Forum, entre otros.<\/p>\n<p style=\"text-align: justify;\">Jap\u00f3n y China resultan fundamentales para fortalecer relaciones Asia &#8211; Pac\u00edfico y diversificar la econom\u00eda, en plena crisis arancelaria. Estas visitas posicionan a Chile como un pa\u00eds dialogante y con apertura econ\u00f3mica, pol\u00edtica y diplom\u00e1tica, avanzando en estrategias como el multilateralismo, en acuerdos prioritarios en materia de agricultura, energ\u00edas limpias, ciencia, miner\u00eda, reforzando tambi\u00e9n el libre comercio. En Jap\u00f3n, el Presidente lider\u00f3 el D\u00eda de Chile en la Expo Osaka, fortaleciendo lazos culturales y comerciales en el marco del CPTPP (TPP\u201111) para contrarrestar tensiones arancelarias, y avanzaron en conversaciones sobre exportaciones agr\u00edcolas y pesqueras. En China, se reforz\u00f3 la \u201cAsociaci\u00f3n Estrat\u00e9gica Integral\u201d, destacando los m\u00e1s de 50 a\u00f1os de relaciones diplom\u00e1ticas, y con acuerdos bilaterales e impulso a la inversi\u00f3n de litio.<\/p>\n<p style=\"text-align: justify;\">En relaci\u00f3n a los BRICS, bloque econ\u00f3mico clave que identific\u00f3 en primera instancia a Brasil, Rusia, India y China, sumando nuevos pa\u00edses, el Presidente Gabriel Boric fue invitado ya que, pese a que Chile no es miembro, su participaci\u00f3n permite abrir mercados, atraer inversiones y fortalecer la presencia internacional junto a econom\u00edas de r\u00e1pido crecimiento, demostrando la fortaleza de este gobierno.<\/p>\n<p style=\"text-align: justify;\">La agenda internacional no es un fin en s\u00ed mismo, sino una herramienta concreta para proteger y proyectar nuestra econom\u00eda ante un escenario global incierto. Estamos generando nuevas alianzas, abriendo puertas en mercados clave y ampliando nuestras capacidades como pa\u00eds. Chile no espera sentado: est\u00e1 actuando, est\u00e1 conversando con los grandes actores del mundo, y lo est\u00e1 haciendo con responsabilidad, convicci\u00f3n y sentido estrat\u00e9gico.<\/p>\n<\/div><\/section><\/div><div  style='height:50px' class='hr hr-invisible   avia-builder-el-6  el_after_av_one_full  el_before_av_social_share '><span class='hr-inner ' ><span class='hr-inner-style'><\/span><\/span><\/div><\/p>\n<div  class='av-social-sharing-box  avia-builder-el-7  el_after_av_hr  el_before_av_hr  '><div class='av-share-box'><h5 class='av-share-link-description av-no-toc '>Compartir esta noticia<\/h5><ul class='av-share-box-list noLightbox'><li class='av-share-link av-social-link-facebook' ><a target=\"_blank\" aria-label=\"Compartir en Facebook\" href='https:\/\/www.facebook.com\/sharer.php?u=https:\/\/radiorevelacionfm.cl\/?p=56500&#038;t=Opini%C3%B3n%3A%20La%20importancia%20del%20di%C3%A1logo%20internacional%20para%20el%20pa%C3%ADs' aria-hidden='false' data-av_icon='\ue8f3' data-av_iconfont='entypo-fontello' title='' data-avia-related-tooltip='Compartir en Facebook' rel=\"noopener\"><span class='avia_hidden_link_text'>Compartir en Facebook<\/span><\/a><\/li><li class='av-share-link av-social-link-twitter' ><a target=\"_blank\" aria-label=\"Compartir en Twitter\" href='https:\/\/twitter.com\/share?text=Opini%C3%B3n%3A%20La%20importancia%20del%20di%C3%A1logo%20internacional%20para%20el%20pa%C3%ADs&#038;url=https:\/\/radiorevelacionfm.cl\/?p=56500' aria-hidden='false' data-av_icon='\ue8f1' data-av_iconfont='entypo-fontello' title='' data-avia-related-tooltip='Compartir en Twitter' rel=\"noopener\"><span class='avia_hidden_link_text'>Compartir en Twitter<\/span><\/a><\/li><li class='av-share-link av-social-link-whatsapp' ><a target=\"_blank\" aria-label=\"Compartir en Whatsapp\" href='https:\/\/api.whatsapp.com\/send?text=https:\/\/radiorevelacionfm.cl\/?p=56500' aria-hidden='false' data-av_icon='\uf232' data-av_iconfont='entypo-fontello' title='' data-avia-related-tooltip='Compartir en Whatsapp' rel=\"noopener\"><span class='avia_hidden_link_text'>Compartir en Whatsapp<\/span><\/a><\/li><li class='av-share-link av-social-link-linkedin' ><a target=\"_blank\" aria-label=\"Compartir en LinkedIn\" href='https:\/\/linkedin.com\/shareArticle?mini=true&#038;title=Opini%C3%B3n%3A%20La%20importancia%20del%20di%C3%A1logo%20internacional%20para%20el%20pa%C3%ADs&#038;url=https:\/\/radiorevelacionfm.cl\/?p=56500' aria-hidden='false' data-av_icon='\ue8fc' data-av_iconfont='entypo-fontello' title='' data-avia-related-tooltip='Compartir en LinkedIn' rel=\"noopener\"><span class='avia_hidden_link_text'>Compartir en LinkedIn<\/span><\/a><\/li><li class='av-share-link av-social-link-mail' ><a  aria-label=\"Compartir por correo\" href='mailto:?subject=Opini%C3%B3n%3A%20La%20importancia%20del%20di%C3%A1logo%20internacional%20para%20el%20pa%C3%ADs&#038;body=https:\/\/radiorevelacionfm.cl\/?p=56500' aria-hidden='false' data-av_icon='\ue805' data-av_iconfont='entypo-fontello' title='' data-avia-related-tooltip='Compartir por correo'><span class='avia_hidden_link_text'>Compartir por correo<\/span><\/a><\/li><\/ul><\/div><\/div>\n<div  style='height:50px' class='hr hr-invisible   avia-builder-el-8  el_after_av_social_share  el_before_av_comments_list '><span class='hr-inner ' ><span class='hr-inner-style'><\/span><\/span><\/div>\n<div  class='av-buildercomment  av-blog-meta-html-info-disabled av-blog-meta-tag-disabled  '><\/div>\n","protected":false},"excerpt":{"rendered":"","protected":false},"author":1,"featured_media":51751,"comment_status":"closed","ping_status":"closed","sticky":false,"template":"","format":"standard","meta":{"footnotes":""},"categories":[50],"tags":[],"class_list":["post-56500","post","type-post","status-publish","format-standard","has-post-thumbnail","hentry","category-cartas-y-opinion"],"jetpack_featured_media_url":"https:\/\/radiorevelacionfm.cl\/wp-content\/uploads\/2025\/03\/Ursula-mix-seremi-de-gobierno-aysen-1_optimized.jpeg","_links":{"self":[{"href":"https:\/\/radiorevelacionfm.cl\/index.php?rest_route=\/wp\/v2\/posts\/56500","targetHints":{"allow":["GET"]}}],"collection":[{"href":"https:\/\/radiorevelacionfm.cl\/index.php?rest_route=\/wp\/v2\/posts"}],"about":[{"href":"https:\/\/radiorevelacionfm.cl\/index.php?rest_route=\/wp\/v2\/types\/post"}],"author":[{"embeddable":true,"href":"https:\/\/radiorevelacionfm.cl\/index.php?rest_route=\/wp\/v2\/users\/1"}],"replies":[{"embeddable":true,"href":"https:\/\/radiorevelacionfm.cl\/index.php?rest_route=%2Fwp%2Fv2%2Fcomments&post=56500"}],"version-history":[{"count":2,"href":"https:\/\/radiorevelacionfm.cl\/index.php?rest_route=\/wp\/v2\/posts\/56500\/revisions"}],"predecessor-version":[{"id":56507,"href":"https:\/\/radiorevelacionfm.cl\/index.php?rest_route=\/wp\/v2\/posts\/56500\/revisions\/56507"}],"wp:featuredmedia":[{"embeddable":true,"href":"https:\/\/radiorevelacionfm.cl\/index.php?rest_route=\/wp\/v2\/media\/51751"}],"wp:attachment":[{"href":"https:\/\/radiorevelacionfm.cl\/index.php?rest_route=%2Fwp%2Fv2%2Fmedia&parent=56500"}],"wp:term":[{"taxonomy":"category","embeddable":true,"href":"https:\/\/radiorevelacionfm.cl\/index.php?rest_route=%2Fwp%2Fv2%2Fcategories&post=56500"},{"taxonomy":"post_tag","embeddable":true,"href":"https:\/\/radiorevelacionfm.cl\/index.php?rest_route=%2Fwp%2Fv2%2Ftags&post=56500"}],"curies":[{"name":"wp","href":"https:\/\/api.w.org\/{rel}","templated":true}]}}